{"id":1009,"date":"2012-07-12T11:52:26","date_gmt":"2012-07-12T10:52:26","guid":{"rendered":"http:\/\/www.mszporoszlany.hu\/?p=1009"},"modified":"2012-07-12T12:12:32","modified_gmt":"2012-07-12T11:12:32","slug":"ujabb-felmentes","status":"publish","type":"post","link":"https:\/\/www.mszporoszlany.hu\/?p=1009","title":{"rendered":"Ez is felment\u00e9s"},"content":{"rendered":"<p><img loading=\"lazy\" decoding=\"async\" class=\"alignleft size-full wp-image-1010\" title=\"BudaiGyula2\" src=\"https:\/\/www.mszporoszlany.hu\/wp-content\/uploads\/2012\/07\/BudaiGyula2.jpg\" alt=\"\" width=\"200\" height=\"120\" \/>B\u0171ncselekm\u00e9ny hi\u00e1ny\u00e1ban felmentette a k\u00fcl\u00f6n\u00f6sen nagy vagyoni h\u00e1tr\u00e1nyt okoz\u00f3 h\u0171tlen kezel\u00e9s v\u00e1dja al\u00f3l T\u00e1trai Mikl\u00f3st, a Magyar Nemzeti Vagyonkezel\u0151 (MNV) Zrt. volt vezet\u0151j\u00e9t \u00e9s Mezei L\u00e1szl\u00f3t, a Nemzeti M\u00e9nesbirtok Kft. volt \u00fcgyvezet\u0151j\u00e9t cs\u00fct\u00f6rt\u00f6k\u00f6n a Tatab\u00e1nyai T\u00f6rv\u00e9nysz\u00e9k. Az \u00edt\u00e9let nem joger\u0151s.<\/p>\n<p>T\u00e1trai Mikl\u00f3s \u00e9s Mezei L\u00e1szl\u00f3 ellen a Kom\u00e1rom-Esztergom Megyei F\u0151\u00fcgy\u00e9szs\u00e9g emelt v\u00e1dat Budai Gyula akkori Magosz-sz\u00f6vets\u00e9gi igazgat\u00f3 \u00e9s Medgyasszay L\u00e1szl\u00f3 kereszt\u00e9nydemokrata k\u00e9pvisel\u0151 2009. \u00e1prilisi feljelent\u00e9se alapj\u00e1n. A v\u00e1dirat szerint Mezei tettesk\u00e9nt, T\u00e1trai mint felbujt\u00f3 utas\u00edt\u00e1s\u00e1ra fikt\u00edv meg\u00e1llapod\u00e1s \u00e9s sz\u00e1mla alapj\u00e1n utalt \u00e1t 365 milli\u00f3 forintot a felsz\u00e1mol\u00e1s alatt \u00e1ll\u00f3 B\u00e1bolna Zrt.-nek.<\/p>\n<p><!--more--><\/p>\n<p>Detr\u0151i Ferenc b\u00edr\u00f3 az \u00edt\u00e9let indokl\u00e1s\u00e1ban elmondta, nem \u00e1llja meg a hely\u00e9t a f\u0151\u00fcgy\u00e9szs\u00e9g \u00e1ll\u00e1spontja, mert a meg\u00e1llapod\u00e1st val\u00f3s gazdas\u00e1gi \u00e9rdekek alapj\u00e1n k\u00f6t\u00f6tt\u00e9k, mindk\u00e9t \u00e1llami tulajdon\u00fa c\u00e9gnek hasznot hajtott, \u00e9s semmilyen k\u00e1rt nem okozott.<\/p>\n<p>Az \u00edt\u00e9let nem joger\u0151s, Beke Judit \u00fcgy\u00e9sz fellebbez\u00e9st jelentett be a v\u00e1dlottak b\u0171n\u00f6ss\u00e9g\u00e9nek meg\u00e1llap\u00edt\u00e1s\u00e1\u00e9rt.<\/p>\n<p>Az \u00fcgy sz\u00e1lai 2008-ra ny\u00falnak vissza, amikor a B\u00e1bolna Zrt. ellen felsz\u00e1mol\u00e1s indult, ez\u00e9rt a t\u00e1rsas\u00e1gt\u00f3l az MNV elvette csaknem 14 ezer hekt\u00e1r f\u00f6ldhaszn\u00e1lati jog\u00e1t, \u00e9s k\u00e9nyszerhasznos\u00edt\u00f3k\u00e9nt a Nemzeti M\u00e9nesbirtokra ruh\u00e1zta \u00e1t. A f\u00f6ld hasznos\u00edt\u00e1s\u00e1ra az MNV 800 milli\u00f3 forintot k\u00fcl\u00f6n\u00edtett el a m\u00e9nesbirtoknak.<\/p>\n<p>A b\u00edr\u00f3 ismertette, hogy a B\u00e1bolna Zrt. kor\u00e1bban a f\u00f6ldet bevetette, \u00e9s gazd\u00e1lkod\u00f3k\u00e9nt a nev\u00e9n volt az EU-s t\u00e1mogat\u00e1sok joga. Ez\u00e9rt a t\u00e1rsas\u00e1g felsz\u00e1mol\u00f3ja, Somogyi Ferenc csaknem 400 milli\u00f3 forintot k\u00f6vetelt az MNV-t\u0151l. A t\u00e1rsas\u00e1g a sz\u00e1ml\u00e1t befogadta, de nem fizette ki, hanem azt mondta a felsz\u00e1mol\u00f3nak, hogy egyezzen meg a k\u00e9nyszerhasznos\u00edt\u00e1sra kijel\u00f6lt m\u00e9nesbirtokkal.<\/p>\n<p>A fenntart\u00f3v\u00e1lt\u00e1s miatt a m\u00e9nesbirtok mintegy m\u00e1sf\u00e9l h\u00f3napos elmarad\u00e1sban volt a mez\u0151gazdas\u00e1gi munk\u00e1kkal. K\u00f6zeledett az arat\u00e1s, de nem voltak emberei, g\u00e9pei \u00e9s t\u00e1rol\u00f3kapacit\u00e1sa.<\/p>\n<p>Somogyi v\u00e9g\u00fcl egy 365 milli\u00f3 forintos, k\u00e1rt\u00e9r\u00edt\u00e9si meg\u00e1llapod\u00e1snak nevezett szerz\u0151d\u00e9st k\u00f6t\u00f6tt a m\u00e9nesbirtokkal. Az \u00f6sszeget a cs\u0151dt\u00f6rv\u00e9nynek megfelel\u0151en a munk\u00e1sok v\u00e9gkiel\u00e9g\u00edt\u00e9s\u00e9re, a k\u00f6rnyezeti k\u00e1rok elh\u00e1r\u00edt\u00e1s\u00e1ra \u00e9s az iratok archiv\u00e1l\u00e1s\u00e1ra ford\u00edtotta, valamint hozz\u00e1j\u00e1rult, hogy a f\u00f6ldalap\u00fa t\u00e1mogat\u00e1sokat \u00e1tvezess\u00e9k a m\u00e9nesbirtokra. Ezt a jogot fedezetk\u00e9nt felhaszn\u00e1lva Mezei 400 milli\u00f3 forint hitelt kapott a bankokt\u00f3l, \u00e9s a f\u00f6ldekr\u0151l v\u00e9g\u00fcl rekordterm\u00e9st takar\u00edtottak be.<\/p>\n<p>Budai Gyula az \u00fcgy egy kor\u00e1bbi t\u00e1rgyal\u00e1s\u00e1n elmondta, a Nemzeti M\u00e9nesbirtoknak a 800 milli\u00f3 forintos \u00e1llami keretb\u0151l nem volt jogc\u00edme 365 milli\u00f3 forint \u00e1tutal\u00e1s\u00e1ra k\u00e1rt\u00e9r\u00edt\u00e9sk\u00e9nt, mert az \u00f6sszeget a mez\u0151gazdas\u00e1gi m\u0171vel\u00e9ssel \u00f6sszef\u00fcgg\u0151, pontosan meghat\u00e1rozott c\u00e9lokra kapta, ez\u00e9rt tettek feljelent\u00e9st m\u00e9nesbirtok vezet\u0151je mint tettes \u00e9s a vagyonkezel\u0151 vezet\u0151je mint felbujt\u00f3 ellen.<\/p>\n<p>A vagyonkezel\u0151 vezet\u0151je, T\u00e1trai Mikl\u00f3s \u00fagy ker\u00fclt az \u00fcgybe, hogy Mezei L\u00e1szl\u00f3 \u00e1ll\u00edtotta, a meg\u00e1llapod\u00e1s megk\u00f6t\u00e9s\u00e9re telefonon kapott utas\u00edt\u00e1st t\u0151le.<br \/>\nA cs\u00fct\u00f6rt\u00f6ki t\u00e1rgyal\u00e1son a b\u00edr\u00f3 kijelentette, T\u00e1trai minden val\u00f3sz\u00edn\u0171s\u00e9g szerint tudott a meg\u00e1llapod\u00e1sr\u00f3l, de nincs bizony\u00edt\u00e9k arra, hogy arra utas\u00edt\u00e1st adott, legfeljebb sz\u00f3ban egyet\u00e9rt\u00e9s\u00e9t fejezte ki.<\/p>\n<p>Detr\u0151i Ferenc b\u00edr\u00f3 r\u00e1mutatott, hogy a megval\u00f3sult meg\u00e1llapod\u00e1ssal Mezei L\u00e1szl\u00f3 j\u00f3 gazda m\u00f3dj\u00e1ra b\u00e1nt a r\u00e1b\u00edzott vagyonnal, az \u00e1llami vagyont gyarap\u00edtotta, \u00e9s az \u00e1llam p\u00e9nze nem ker\u00fclt mag\u00e1nk\u00e9zbe, ez\u00e9rt a terh\u00e9re r\u00f3tt b\u0171ncselekm\u00e9nyt nem k\u00f6vette el. Ebb\u0151l k\u00f6vetkez\u0151en T\u00e1trai Mikl\u00f3s sem lehet felbujt\u00f3.<\/p>\n<p>A b\u00edr\u00f3 k\u00f6lt\u0151i k\u00e9rd\u00e9sk\u00e9nt feltette: ha az \u00fcgy\u00e9szs\u00e9g ezt a k\u00e9t embert b\u0171ncselekm\u00e9nnyel v\u00e1dolja, akkor mi\u00e9rt nincs a v\u00e1dlottak padj\u00e1n a felsz\u00e1mol\u00f3, aki a meg\u00e1llapod\u00e1st \u00edrta \u00e9s a vitatott \u00f6sszeget felvette?<\/p>\n<p>Mezei L\u00e1szl\u00f3t annyira megviselt\u00e9k a t\u00f6rt\u00e9ntek, hogy a utols\u00f3 sz\u00f3 jog\u00e1n hossz\u00fa percekig nem tudott megsz\u00f3lalni, majd annyit mondott: &#8222;b\u00fcszke vagyok magamra&#8221;.<\/p>\n<p>T\u00e1trai Mikl\u00f3s kijelentette, az \u00fcgy\u00e9szs\u00e9g k\u00e9pvisel\u0151je m\u00e1r t\u00f6bb mint egy f\u00e9l \u00e9vvel ezel\u0151tt &#8222;elsz\u00f3lta mag\u00e1t&#8221;. Az \u00fcgyben ugyanis b\u00edr\u00f3v\u00e1lt\u00e1s volt, \u00e9s az \u00faj t\u00e1rgyal\u00e1si id\u0151pontok egyeztet\u00e9sekor az \u00fcgy\u00e9szn\u0151 k\u00f6z\u00f6lte: &#8222;nekem mindegy, a v\u00e1dbesz\u00e9d m\u00e1r k\u00e9szen van&#8221; &#8211; id\u00e9zte T\u00e1trai.<\/p>\n<p>Az MNV volt vezet\u0151je eml\u00e9keztetett arra: Budai Gyula kor\u00e1bban elsz\u00e1moltat\u00e1si korm\u00e1nybiztosk\u00e9nt egy sajt\u00f3t\u00e1j\u00e9koztat\u00f3n azt mondta, hogy felt\u00e9telez\u00e9se szerint a 365 milli\u00f3 forint egy r\u00e9sze a nev\u00e9hez k\u00f6thet\u0151 banksz\u00e1ml\u00e1ra ker\u00fclt, ez\u00e9rt &#8211; tette hozz\u00e1 T\u00e1trai &#8211; szem\u00e9lyis\u00e9gi jogi pert ind\u00edtott Budai ellen.<\/p>\n<p>Forr\u00e1s: MTI<\/p>\n","protected":false},"excerpt":{"rendered":"<p>B\u0171ncselekm\u00e9ny hi\u00e1ny\u00e1ban felmentette a k\u00fcl\u00f6n\u00f6sen nagy vagyoni h\u00e1tr\u00e1nyt okoz\u00f3 h\u0171tlen kezel\u00e9s v\u00e1dja al\u00f3l T\u00e1trai Mikl\u00f3st, a Magyar Nemzeti Vagyonkezel\u0151 (MNV) Zrt. volt vezet\u0151j\u00e9t \u00e9s Mezei L\u00e1szl\u00f3t, a Nemzeti M\u00e9nesbirtok Kft. volt \u00fcgyvezet\u0151j\u00e9t cs\u00fct\u00f6rt\u00f6k\u00f6n a Tatab\u00e1nyai T\u00f6rv\u00e9nysz\u00e9k. Az \u00edt\u00e9let nem joger\u0151s. <a href=\"https:\/\/www.mszporoszlany.hu\/?p=1009\">Egy kattint\u00e1s ide a folytat\u00e1shoz&#8230;. <span class=\"meta-nav\">&rarr;<\/span><\/a><\/p>\n","protected":false},"author":35,"featured_media":0,"comment_status":"open","ping_status":"closed","sticky":false,"template":"","format":"standard","meta":{"footnotes":""},"categories":[195],"tags":[508,503,498,507,21,151,506,502,505,500,504,486,499,240,501,509,425,485],"class_list":["post-1009","post","type-post","status-publish","format-standard","hentry","category-komarom-esztergom-megye","tag-beke-judit-ugyesz","tag-budai-gyula","tag-bunugy","tag-detroi-ferenc-biro","tag-felmentes","tag-fidesz-kdnp","tag-kdnp","tag-komarom-esztergom-megyei-fougyeszseg","tag-magosz-szovetseg","tag-magyar-nemzeti-vagyonkezelo-mnv-zrt","tag-medgyasszay-laszlo","tag-mezei-laszlo","tag-mezogazdasag","tag-mti","tag-nemzeti-menesbirtok-kft","tag-somogyi-ferenc-felszamolo","tag-tatabanyai-torvenyszek","tag-tatrai-miklos"],"_links":{"self":[{"href":"https:\/\/www.mszporoszlany.hu\/index.php?rest_route=\/wp\/v2\/posts\/1009","targetHints":{"allow":["GET"]}}],"collection":[{"href":"https:\/\/www.mszporoszlany.hu\/index.php?rest_route=\/wp\/v2\/posts"}],"about":[{"href":"https:\/\/www.mszporoszlany.hu\/index.php?rest_route=\/wp\/v2\/types\/post"}],"author":[{"embeddable":true,"href":"https:\/\/www.mszporoszlany.hu\/index.php?rest_route=\/wp\/v2\/users\/35"}],"replies":[{"embeddable":true,"href":"https:\/\/www.mszporoszlany.hu\/index.php?rest_route=%2Fwp%2Fv2%2Fcomments&post=1009"}],"version-history":[{"count":0,"href":"https:\/\/www.mszporoszlany.hu\/index.php?rest_route=\/wp\/v2\/posts\/1009\/revisions"}],"wp:attachment":[{"href":"https:\/\/www.mszporoszlany.hu\/index.php?rest_route=%2Fwp%2Fv2%2Fmedia&parent=1009"}],"wp:term":[{"taxonomy":"category","embeddable":true,"href":"https:\/\/www.mszporoszlany.hu\/index.php?rest_route=%2Fwp%2Fv2%2Fcategories&post=1009"},{"taxonomy":"post_tag","embeddable":true,"href":"https:\/\/www.mszporoszlany.hu\/index.php?rest_route=%2Fwp%2Fv2%2Ftags&post=1009"}],"curies":[{"name":"wp","href":"https:\/\/api.w.org\/{rel}","templated":true}]}}