{"id":1023,"date":"2012-07-12T12:40:54","date_gmt":"2012-07-12T11:40:54","guid":{"rendered":"http:\/\/www.mszporoszlany.hu\/?p=1023"},"modified":"2012-07-12T12:40:54","modified_gmt":"2012-07-12T11:40:54","slug":"strasbourg-tomeges-emberi-jogsertes","status":"publish","type":"post","link":"https:\/\/www.mszporoszlany.hu\/?p=1023","title":{"rendered":"Strasbourg: t\u00f6meges emberi jogs\u00e9rt\u00e9s"},"content":{"rendered":"<p><img loading=\"lazy\" decoding=\"async\" class=\"alignleft size-full wp-image-1024\" title=\"EUJog\" src=\"https:\/\/www.mszporoszlany.hu\/wp-content\/uploads\/2012\/07\/EUJog.jpg\" alt=\"\" width=\"200\" height=\"120\" \/>A strasbourgi sz\u00e9khely\u0171 Emberi Jogok Eur\u00f3pai B\u00edr\u00f3s\u00e1ga elmarasztalta Magyarorsz\u00e1got a tisztess\u00e9ges elj\u00e1r\u00e1shoz val\u00f3 jog megs\u00e9rt\u00e9se miatt egy indokol\u00e1s n\u00e9lk\u00fcl elbocs\u00e1tott korm\u00e1nytisztvisel\u0151 jogviszony\u00e1nak megsz\u00fcntet\u00e9s\u00e9\u00e9rt \u2013 sz\u00e1mol be honlapj\u00e1n a Magyar Helsinki Bizotts\u00e1g.<\/p>\n<p><!--more--><\/p>\n<p>A kir\u00fagott korm\u00e1nytisztvisel\u0151t a Magyar Helsinki Bizotts\u00e1g k\u00e9pviselte Strasbourgban. A B\u00edr\u00f3s\u00e1g kimondta, hogy az indokol\u00e1s n\u00e9lk\u00fcli elbocs\u00e1t\u00e1s megfosztotta a panaszost a val\u00f3di jogorvoslat lehet\u0151s\u00e9g\u00e9t\u0151l, \u00e9s 6.000 eur\u00f3 nem-vagyoni k\u00e1rt\u00e9r\u00edt\u00e9st meg sz\u00e1m\u00e1ra. Mindazok, akik az elbocs\u00e1t\u00e1sukt\u00f3l sz\u00e1m\u00edtott hat h\u00f3napon bel\u00fcl a B\u00edr\u00f3s\u00e1ghoz fordultak, hasonl\u00f3 d\u00f6nt\u00e9sre sz\u00e1m\u00edthatnak.<\/p>\n<p>A Magyar Helsinki Bizotts\u00e1g \u00fcgyfel\u00e9t 2010. szeptember 27-\u00e9n bocs\u00e1tott\u00e1k el indokol\u00e1s n\u00e9lk\u00fcl korm\u00e1nytisztvisel\u0151i \u00e1ll\u00e1s\u00e1b\u00f3l a korm\u00e1nytisztvisel\u0151k jog\u00e1ll\u00e1s\u00e1r\u00f3l sz\u00f3l\u00f3 t\u00f6rv\u00e9ny friss m\u00f3dos\u00edt\u00e1sa alapj\u00e1n, ami lehet\u0151v\u00e9 tette az indokol\u00e1s n\u00e9lk\u00fcli elbocs\u00e1t\u00e1st. Az indokol\u00e1s n\u00e9lk\u00fcli felmond\u00e1st a magyar Alkotm\u00e1nyb\u00edr\u00f3s\u00e1g k\u00e9s\u0151bb k\u00e9t d\u00f6nt\u00e9s\u00e9ben is alkotm\u00e1nys\u00e9rt\u0151nek \u00e9s az eur\u00f3pai uni\u00f3s jogba \u00fctk\u00f6z\u0151nek mondta ki. Azonban az AB \u2014 hat\u00e1sk\u00f6r hi\u00e1ny\u00e1ban \u2014 a munkaviszonyokat nem \u00e1ll\u00edthatta helyre \u00e9s k\u00e1rt\u00e9r\u00edt\u00e9st sem \u00edt\u00e9lhetett meg. A korm\u00e1nytisztvisel\u0151k eset\u00e9ben az alkotm\u00e1nyelleness\u00e9get meg\u00e1llap\u00edt\u00f3 AB d\u00f6nt\u00e9s ut\u00e1n m\u00e9g t\u00f6bb mint 3 h\u00f3napig lehetett indokol\u00e1s n\u00e9lk\u00fcl elbocs\u00e1tani alkalmazottakat, az alkotm\u00e1nyellenes lehet\u0151s\u00e9ggel egyes korm\u00e1nyzati szervek \u00e9ltek is az AB \u00e1ltal meghat\u00e1rozott hat\u00e1rid\u0151 utols\u00f3 napj\u00e1ig, 2011. m\u00e1jus 31-ig.<\/p>\n<p>A strasbourgi b\u00edr\u00f3s\u00e1g egyhang\u00fa d\u00f6nt\u00e9s\u00e9ben elfogadta a Helsinki Bizotts\u00e1g \u00e1ltal k\u00e9pviselt panaszos \u00e9rvel\u00e9s\u00e9t, miszerint indokol\u00e1s hi\u00e1ny\u00e1ban \u00e9rtelmetlen a felmond\u00e1sok jogelleness\u00e9g\u00e9nek meg\u00e1llap\u00edt\u00e1s\u00e1t k\u00e9rni a magyar b\u00edr\u00f3s\u00e1gokt\u00f3l, ugyanis \u00e9rvek hi\u00e1ny\u00e1ban szinte lehetetlen sikeresen vitatni a felmond\u00e1st. \u00c9ppen ez\u00e9rt az indokol\u00e1s hi\u00e1nya a val\u00f3di, hat\u00e9kony jogorvoslat lehet\u0151s\u00e9g\u00e9t\u0151l fosztotta meg az \u00e9rintetteket, ami s\u00e9rti az Emberi Jogok Eur\u00f3pai Egyezm\u00e9ny\u00e9ben biztos\u00edtott tisztess\u00e9ges elj\u00e1r\u00e1shoz val\u00f3 jogot, azon bel\u00fcl is a b\u00edr\u00f3s\u00e1ghoz fordul\u00e1s jog\u00e1t. A B\u00edr\u00f3s\u00e1g a jogs\u00e9rt\u00e9s\u00e9rt 6.000 eur\u00f3 nem vagyoni k\u00e1rt\u00e9r\u00edt\u00e9s \u00e9s 3.000 eur\u00f3 elj\u00e1r\u00e1si k\u00f6lts\u00e9g megfizet\u00e9s\u00e9re k\u00f6telezte a magyar \u00e1llamot.<\/p>\n","protected":false},"excerpt":{"rendered":"<p>A strasbourgi sz\u00e9khely\u0171 Emberi Jogok Eur\u00f3pai B\u00edr\u00f3s\u00e1ga elmarasztalta Magyarorsz\u00e1got a tisztess\u00e9ges elj\u00e1r\u00e1shoz val\u00f3 jog megs\u00e9rt\u00e9se miatt egy indokol\u00e1s n\u00e9lk\u00fcl elbocs\u00e1tott korm\u00e1nytisztvisel\u0151 jogviszony\u00e1nak megsz\u00fcntet\u00e9s\u00e9\u00e9rt \u2013 sz\u00e1mol be honlapj\u00e1n a Magyar Helsinki Bizotts\u00e1g. <a href=\"https:\/\/www.mszporoszlany.hu\/?p=1023\">Egy kattint\u00e1s ide a folytat\u00e1shoz&#8230;. <span class=\"meta-nav\">&rarr;<\/span><\/a><\/p>\n","protected":false},"author":35,"featured_media":0,"comment_status":"open","ping_status":"closed","sticky":false,"template":"","format":"standard","meta":{"footnotes":""},"categories":[197],"tags":[520,519,417,512,518,516,513,339,515,514,517,511],"class_list":["post-1023","post","type-post","status-publish","format-standard","hentry","category-nemzetkozi","tag-3-000-euro","tag-6-000-euro","tag-alkotmanybirosag","tag-emberi-jogok-europai-birosaga","tag-emberi-jogok-europai-egyezmenye","tag-europai-unios-jog","tag-indoklas-nelkuli-elbocsatas","tag-jogorvoslat","tag-kormanytisztviselo","tag-magyar-helsinki-bizottsag","tag-megfosztas","tag-strasbourg"],"_links":{"self":[{"href":"https:\/\/www.mszporoszlany.hu\/index.php?rest_route=\/wp\/v2\/posts\/1023","targetHints":{"allow":["GET"]}}],"collection":[{"href":"https:\/\/www.mszporoszlany.hu\/index.php?rest_route=\/wp\/v2\/posts"}],"about":[{"href":"https:\/\/www.mszporoszlany.hu\/index.php?rest_route=\/wp\/v2\/types\/post"}],"author":[{"embeddable":true,"href":"https:\/\/www.mszporoszlany.hu\/index.php?rest_route=\/wp\/v2\/users\/35"}],"replies":[{"embeddable":true,"href":"https:\/\/www.mszporoszlany.hu\/index.php?rest_route=%2Fwp%2Fv2%2Fcomments&post=1023"}],"version-history":[{"count":0,"href":"https:\/\/www.mszporoszlany.hu\/index.php?rest_route=\/wp\/v2\/posts\/1023\/revisions"}],"wp:attachment":[{"href":"https:\/\/www.mszporoszlany.hu\/index.php?rest_route=%2Fwp%2Fv2%2Fmedia&parent=1023"}],"wp:term":[{"taxonomy":"category","embeddable":true,"href":"https:\/\/www.mszporoszlany.hu\/index.php?rest_route=%2Fwp%2Fv2%2Fcategories&post=1023"},{"taxonomy":"post_tag","embeddable":true,"href":"https:\/\/www.mszporoszlany.hu\/index.php?rest_route=%2Fwp%2Fv2%2Ftags&post=1023"}],"curies":[{"name":"wp","href":"https:\/\/api.w.org\/{rel}","templated":true}]}}