{"id":1030,"date":"2012-07-18T07:42:13","date_gmt":"2012-07-18T06:42:13","guid":{"rendered":"http:\/\/www.mszporoszlany.hu\/?p=1030"},"modified":"2012-07-18T07:42:13","modified_gmt":"2012-07-18T06:42:13","slug":"karteritesre-koteleztek-budai-gyulat","status":"publish","type":"post","link":"https:\/\/www.mszporoszlany.hu\/?p=1030","title":{"rendered":"K\u00e1rt\u00e9r\u00edt\u00e9sre k\u00f6telezt\u00e9k Budai Gyul\u00e1t"},"content":{"rendered":"<p><img loading=\"lazy\" decoding=\"async\" class=\"alignleft size-full wp-image-1031\" title=\"BudaiGyula3\" src=\"https:\/\/www.mszporoszlany.hu\/wp-content\/uploads\/2012\/07\/BudaiGyula3.jpg\" alt=\"\" width=\"200\" height=\"120\" \/>Egymilli\u00f3 forint k\u00e1rt\u00e9r\u00edt\u00e9s megfizet\u00e9s\u00e9re \u00e9s nyilv\u00e1nos bocs\u00e1natk\u00e9r\u00e9sre k\u00f6telezte a F\u0151v\u00e1rosi T\u00f6rv\u00e9nysz\u00e9k Budai Gyula korm\u00e1nybiztost, aki a keddi, nem joger\u0151s \u00edt\u00e9let szerint k\u00e9t telev\u00edzi\u00f3s m\u0171sorban is megs\u00e9rtette T\u00e1trai Mikl\u00f3s, a Magyar Nemzeti Vagyonkezel\u0151 (MNV) Zrt. volt vezet\u0151j\u00e9nek j\u00f3 h\u00edrnev\u00e9t &#8211; k\u00f6z\u00f6lte a t\u00f6rv\u00e9nysz\u00e9k sajt\u00f3sz\u00f3viv\u0151je az MTI \u00e9rdekl\u0151d\u00e9s\u00e9re.<\/p>\n<p><!--more--><\/p>\n<p>P\u00f3ta P\u00e9ter tudatta: a kihirdetett els\u0151fok\u00fa \u00edt\u00e9letet szerint Budai Gyula alperes megs\u00e9rtette T\u00e1trai Mikl\u00f3s felperes j\u00f3 h\u00edrn\u00e9v v\u00e9delm\u00e9hez f\u0171z\u0151d\u0151 szem\u00e9lyis\u00e9gi jogait azzal, hogy 2010. j\u00falius 2-\u00e1n a Tv2 T\u00e9nyek c\u00edm\u0171 m\u0171sor\u00e1ban, valamint h\u00e1rom nappal k\u00e9s\u0151bb a k\u00f6ztelev\u00edzi\u00f3 Az Este c\u00edm\u0171 m\u0171sor\u00e1ban val\u00f3tlanul \u00e1ll\u00edtotta: a B\u00e1bolnai M\u00e9nesbirtok Kft. r\u00e9sz\u00e9r\u0151l a B\u00e1bolna Zrt. felsz\u00e1mol\u00f3j\u00e1nak \u00e1tutalt, b\u00fcntet\u0151elj\u00e1r\u00e1s t\u00e1rgy\u00e1t k\u00e9pez\u0151 365 milli\u00f3 forint a felperes banksz\u00e1ml\u00e1j\u00e1ra ker\u00fclt.<\/p>\n<p>A polg\u00e1ri per \u00edt\u00e9let\u00e9ben a b\u00edr\u00f3s\u00e1g az alperest eltiltotta a tov\u00e1bbi jogs\u00e9rt\u00e9st\u0151l, egyben arra k\u00f6telezte, hogy &#8222;el\u00e9gt\u00e9tel ad\u00e1sak\u00e9nt az \u00edt\u00e9let joger\u0151re emelked\u00e9s\u00e9t k\u00f6vet\u0151 15 napon bel\u00fcl saj\u00e1t k\u00f6lts\u00e9gen a rendelkez\u0151 r\u00e9sz 1. bekezd\u00e9s\u00e9t a Tv2 T\u00e9nyek ad\u00e1s\u00e1ban, a 2. bekezd\u00e9s\u00e9t pedig az M1 Este c. m\u0171sor\u00e1ban k\u00f6z\u00f6ltesse \u00fagy, hogy a meg\u00e1llap\u00edtott jogs\u00e9rt\u00e9s\u00e9rt fejezze ki sajn\u00e1lkoz\u00e1s\u00e1t is&#8221;.<\/p>\n<p>A F\u0151v\u00e1rosi T\u00f6rv\u00e9nysz\u00e9k sajt\u00f3sz\u00f3viv\u0151je az MTI-vel tudatta azt is: a nem joger\u0151s d\u00f6nt\u00e9sben a b\u00edr\u00f3s\u00e1g k\u00f6telezte az alperest, hogy 15 napon bel\u00fcl fizessen meg a felperesnek egymilli\u00f3 forintot.<\/p>\n<p>A Magyar Nemzeti Vagyonkezel\u0151 Zrt. volt vezet\u0151j\u00e9t \u00e9s Mezei L\u00e1szl\u00f3t, a Nemzeti M\u00e9nesbirtok Kft. volt \u00fcgyvezet\u0151j\u00e9t j\u00falius 5-\u00e9n a Tatab\u00e1nyai T\u00f6rv\u00e9nysz\u00e9k nem joger\u0151s \u00edt\u00e9let\u00e9ben b\u0171ncselekm\u00e9ny hi\u00e1ny\u00e1ban felmentette a k\u00fcl\u00f6n\u00f6sen nagy vagyoni h\u00e1tr\u00e1nyt okoz\u00f3 h\u0171tlen kezel\u00e9s v\u00e1dja al\u00f3l.<\/p>\n<p>T\u00e1trai Mikl\u00f3s \u00e9s Mezei L\u00e1szl\u00f3 ellen a Kom\u00e1rom-Esztergom Megyei F\u0151\u00fcgy\u00e9szs\u00e9g emelt v\u00e1dat Budai Gyula akkori Magosz-sz\u00f6vets\u00e9gi igazgat\u00f3 \u00e9s Medgyasszay L\u00e1szl\u00f3 kereszt\u00e9nydemokrata k\u00e9pvisel\u0151 2009. \u00e1prilisi feljelent\u00e9se alapj\u00e1n. A v\u00e1dirat szerint Mezei tettesk\u00e9nt &#8211; T\u00e1trai mint felbujt\u00f3 utas\u00edt\u00e1s\u00e1ra &#8211; fikt\u00edv meg\u00e1llapod\u00e1s \u00e9s sz\u00e1mla alapj\u00e1n utalt \u00e1t 365 milli\u00f3 forintot a felsz\u00e1mol\u00e1s alatt \u00e1ll\u00f3 B\u00e1bolna Zrt.-nek. Detr\u0151i Ferenc b\u00edr\u00f3 az \u00edt\u00e9let indokl\u00e1s\u00e1ban elmondta, nem \u00e1llja meg a hely\u00e9t a f\u0151\u00fcgy\u00e9szs\u00e9g \u00e1ll\u00e1spontja, mert a meg\u00e1llapod\u00e1st val\u00f3s gazdas\u00e1gi \u00e9rdekek alapj\u00e1n k\u00f6t\u00f6tt\u00e9k, az mindk\u00e9t \u00e1llami tulajdon\u00fa c\u00e9gnek hasznot hajtott, \u00e9s semmilyen k\u00e1rt nem okozott.<\/p>\n<p>A Tatab\u00e1nyai T\u00f6rv\u00e9nysz\u00e9k \u00edt\u00e9lete nem joger\u0151s, Beke Judit \u00fcgy\u00e9sz fellebbez\u00e9st jelentett be a v\u00e1dlottak b\u0171n\u00f6ss\u00e9g\u00e9nek meg\u00e1llap\u00edt\u00e1s\u00e1\u00e9rt.<\/p>\n<p>Forr\u00e1s: MTI<\/p>\n","protected":false},"excerpt":{"rendered":"<p>Egymilli\u00f3 forint k\u00e1rt\u00e9r\u00edt\u00e9s megfizet\u00e9s\u00e9re \u00e9s nyilv\u00e1nos bocs\u00e1natk\u00e9r\u00e9sre k\u00f6telezte a F\u0151v\u00e1rosi T\u00f6rv\u00e9nysz\u00e9k Budai Gyula korm\u00e1nybiztost, aki a keddi, nem joger\u0151s \u00edt\u00e9let szerint k\u00e9t telev\u00edzi\u00f3s m\u0171sorban is megs\u00e9rtette T\u00e1trai Mikl\u00f3s, a Magyar Nemzeti Vagyonkezel\u0151 (MNV) Zrt. volt vezet\u0151j\u00e9nek j\u00f3 h\u00edrnev\u00e9t &#8211; k\u00f6z\u00f6lte a t\u00f6rv\u00e9nysz\u00e9k sajt\u00f3sz\u00f3viv\u0151je az MTI \u00e9rdekl\u0151d\u00e9s\u00e9re. <a href=\"https:\/\/www.mszporoszlany.hu\/?p=1030\">Egy kattint\u00e1s ide a folytat\u00e1shoz&#8230;. <span class=\"meta-nav\">&rarr;<\/span><\/a><\/p>\n","protected":false},"author":35,"featured_media":0,"comment_status":"open","ping_status":"closed","sticky":false,"template":"","format":"standard","meta":{"footnotes":""},"categories":[195,196],"tags":[528,527,508,503,507,522,525,521,529,502,523,524,504,486,501,526,425,485],"class_list":["post-1030","post","type-post","status-publish","format-standard","hentry","category-komarom-esztergom-megye","category-magyarorszag","tag-babolna-zrt","tag-babolnai-menesbirtok-kft","tag-beke-judit-ugyesz","tag-budai-gyula","tag-detroi-ferenc-biro","tag-fovarosi-torvenyszek","tag-jo-hirnev","tag-karterites","tag-keresztenydemokrata","tag-komarom-esztergom-megyei-fougyeszseg","tag-kormanybiztos","tag-magyar-nemzeti-vagyonkezelo-zrt","tag-medgyasszay-laszlo","tag-mezei-laszlo","tag-nemzeti-menesbirtok-kft","tag-pota-peter-biro","tag-tatabanyai-torvenyszek","tag-tatrai-miklos"],"_links":{"self":[{"href":"https:\/\/www.mszporoszlany.hu\/index.php?rest_route=\/wp\/v2\/posts\/1030","targetHints":{"allow":["GET"]}}],"collection":[{"href":"https:\/\/www.mszporoszlany.hu\/index.php?rest_route=\/wp\/v2\/posts"}],"about":[{"href":"https:\/\/www.mszporoszlany.hu\/index.php?rest_route=\/wp\/v2\/types\/post"}],"author":[{"embeddable":true,"href":"https:\/\/www.mszporoszlany.hu\/index.php?rest_route=\/wp\/v2\/users\/35"}],"replies":[{"embeddable":true,"href":"https:\/\/www.mszporoszlany.hu\/index.php?rest_route=%2Fwp%2Fv2%2Fcomments&post=1030"}],"version-history":[{"count":0,"href":"https:\/\/www.mszporoszlany.hu\/index.php?rest_route=\/wp\/v2\/posts\/1030\/revisions"}],"wp:attachment":[{"href":"https:\/\/www.mszporoszlany.hu\/index.php?rest_route=%2Fwp%2Fv2%2Fmedia&parent=1030"}],"wp:term":[{"taxonomy":"category","embeddable":true,"href":"https:\/\/www.mszporoszlany.hu\/index.php?rest_route=%2Fwp%2Fv2%2Fcategories&post=1030"},{"taxonomy":"post_tag","embeddable":true,"href":"https:\/\/www.mszporoszlany.hu\/index.php?rest_route=%2Fwp%2Fv2%2Ftags&post=1030"}],"curies":[{"name":"wp","href":"https:\/\/api.w.org\/{rel}","templated":true}]}}