{"id":1041,"date":"2012-07-18T21:57:18","date_gmt":"2012-07-18T20:57:18","guid":{"rendered":"http:\/\/www.mszporoszlany.hu\/?p=1041"},"modified":"2012-07-18T21:57:18","modified_gmt":"2012-07-18T20:57:18","slug":"ez-megint-nem-igaz","status":"publish","type":"post","link":"https:\/\/www.mszporoszlany.hu\/?p=1041","title":{"rendered":"Ez megint nem igaz!"},"content":{"rendered":"<p><img loading=\"lazy\" decoding=\"async\" class=\"alignleft size-full wp-image-1042\" title=\"Topart\" src=\"https:\/\/www.mszporoszlany.hu\/wp-content\/uploads\/2012\/07\/Topart.jpg\" alt=\"\" width=\"200\" height=\"120\" \/>\u00c9lvezettel olvasom kedvenc dezinform\u00e1ci\u00f3s kiadv\u00e1nyomat (\u00daj K\u00e9thetes), melyben az ut\u00f3bbi id\u0151ben mind t\u00f6bb &#8211; bizony\u00e1ra v\u00e9letlen &#8211; t\u00e1rgyi t\u00e9ved\u00e9s, &#8222;el\u00edr\u00e1s&#8221; tal\u00e1lhat\u00f3, viszont ezen apr\u00f3s\u00e1gok mellett a lak\u00e1somba hozza a korm\u00e1nymegb\u00edzottat, a polg\u00e1rmestert, az alpolg\u00e1rmestert, sz\u00f3val mindenkit, aki sz\u00e1m\u00edt ma Oroszl\u00e1nyban.<\/p>\n<p><!--more--><\/p>\n<p>Az \u00e1tvil\u00e1g\u00edt\u00e1sos anyaggal most nem foglalkozn\u00e9k a legut\u00f3bbi sz\u00e1mb\u00f3l, hiszen az m\u00e1r ler\u00e1gott csont \u2013 egyel\u0151re, azonban megd\u00f6bbenve veszem tudom\u00e1sul, hogy s\u00fcllyed a v\u00e1rosi Als\u00f3 t\u00f3 partfala (persze ez is \u00e1t lett nevezve). A t\u00e9ma a legut\u00f3bbi test\u00fcleti \u00fcl\u00e9sen mer\u00fclt fel, s megint feldobja az el\u0151z\u0151 v\u00e1rosvezet\u00e9s felel\u0151ss\u00e9g\u00e9t, mivel a 2008-as kotr\u00e1s sor\u00e1n az iszapot a partoldalba t\u00f6lt\u00f6tt\u00e9k, ami \u00edgy \u00e9vek m\u00falt\u00e1n visszamos\u00f3dott a t\u00f3ba. R\u00f6viden ennyi lenne, teh\u00e1t v\u00e9g\u00fcl is 4 \u00e9v ut\u00e1n megint kellene egy kis karbantart\u00e1s, s ez a t\u00e9ma nem is t\u00e9ma, m\u00e1r ha nem alkalmas arra, hogy ism\u00e9t r\u00fagjunk egyet a szocikon.<\/p>\n<p>M\u00e1r olyan r\u00e9gen volt? N\u00e9gy \u00e9ve? &#8211; merengek, s be\u00fct\u00f6m a Google keres\u0151be az &#8222;als\u00f3 t\u00f3 oroszl\u00e1ny&#8221; szavakat. \u00c9s l\u00e1ss csod\u00e1t! A tavat nem 2008-ban kotort\u00e1k, hanem 2007-ben, s a kitermelt iszap k\u00f6r\u00fclbel\u00fcl harmad\u00e1t nem a partfalakn\u00e1l haszn\u00e1lt\u00e1k fel, hanem a sziget &#8222;\u00e1ramvonalas\u00edt\u00e1s\u00e1ra&#8221;. A t\u00f6bbit elsz\u00e1ll\u00edtott\u00e1k. K\u00edv\u00e1ncsiv\u00e1 tett a dolog, s megkerestem az egyik szakembert, aki tev\u0151leges r\u00e9szese volt a beruh\u00e1z\u00e1snak \u2013 \u0151 meger\u0151s\u00edtette, hogy az iszapot a szigetekhez haszn\u00e1lt\u00e1k fel, nem a partfalakba.<\/p>\n<p>H\u00e1t, r\u00f6viden ennyit az inform\u00e1ci\u00f3\u00e1raml\u00e1sr\u00f3l, meg a korrekt t\u00e1j\u00e9koztat\u00e1sr\u00f3l. (Al\u00e1bb a k\u00e9t &#8222;forr\u00e1s&#8221; anyag.)<\/p>\n<p>&#8211; Oroszl\u00e1nyban a v\u00e1rost kett\u00e9szel\u0151 v\u00edzrendszer k\u00e9t nagyobb t\u00f3b\u00f3l, \u00e9s az azokat \u00f6sszek\u00f6t\u0151 csatorn\u00e1kb\u00f3l \u00e1ll, majd a v\u00edz onnan Kecsk\u00e9den kereszt\u00fcl folyik tov\u00e1bb az \u00c1ltal-\u00e9rbe. Az \u00fagynevezett als\u00f3 tavat 1988-ban tiszt\u00edtott\u00e1k ki utolj\u00e1ra, s m\u00e1ra a hordal\u00e9k, s nem utols\u00f3 sorban a lakoss\u00e1g \u00e1ltal belehordott szem\u00e9t hat\u00e1s\u00e1ra helyzete tarthatatlann\u00e1 v\u00e1lt.<\/p>\n<p>Az Oroszl\u00e1nyi Szolg\u00e1ltat\u00f3 Zrt. f\u0151v\u00e1llalkoz\u00e1s\u00e1ban m\u00e1sodik h\u00f3napja folyik a mintegy 45 milli\u00f3s beruh\u00e1z\u00e1s. Ennek keret\u00e9ben mintegy 21 ezer k\u00f6bm\u00e9ter iszapot t\u00e1vol\u00edtanak el a mederb\u0151l. Ebb\u0151l a mennyis\u00e9gb\u0151l 6-9 ezer k\u00f6bm\u00e9ter l\u00e1gyiszapot a szigetek &#8222;\u00e1ramvonalas\u00edt\u00e1s\u00e1ra&#8221; haszn\u00e1lnak fel, jav\u00edtva \u00edgy a v\u00edz \u00e1raml\u00e1s\u00e1t. A befoly\u00e1sn\u00e1l hullad\u00e9kfog\u00f3t alak\u00edtanak ki, m\u00edg a kiereszt\u0151 zsiliprendszert is teljesen fel\u00faj\u00edtj\u00e1k \u00e9s meger\u0151s\u00edtik a t\u00f6lt\u00e9seket. A beruh\u00e1z\u00e1s befejez\u00e9se november k\u00f6zep\u00e9re v\u00e1rhat\u00f3.<\/p>\n<p>Forr\u00e1s: oroszlany.net 2007.08.14 (kedd)<\/p>\n<p>&#8211; H\u00e1rom h\u00f3napos k\u00e9s\u00e9ssel befejez\u0151d\u00f6tt az oroszl\u00e1nyi Als\u00f3 t\u00f3 rehabilit\u00e1ci\u00f3ja. A meder jelenleg m\u00e9g \u00fcres, a felt\u00f6lt\u00e9st febru\u00e1r utols\u00f3 napjaiban kezdik meg.<\/p>\n<p>A v\u00e1rost kett\u00e9szel\u0151 v\u00edzrendszer k\u00e9t nagyobb t\u00f3b\u00f3l, \u00e9s az azokat \u00f6sszek\u00f6t\u0151 csatorn\u00e1kb\u00f3l \u00e1ll. A v\u00edz onnan Kecsk\u00e9den kereszt\u00fcl folyik tov\u00e1bb, az \u00c1ltal-\u00e9rbe. Az \u00fagynevezett Als\u00f3 tavat 1988-ban tiszt\u00edtott\u00e1k ki utolj\u00e1ra. A hordal\u00e9k, s nem utols\u00f3sorban a lakoss\u00e1g \u00e1ltal belehordott szem\u00e9t miatt egyre ink\u00e1bb hullad\u00e9klerak\u00f3 hat\u00e1s\u00e1t keltette. A tarthatatlan helyzetet fel kellett sz\u00e1molni.<\/p>\n<p>Az v\u00e1ros \u00f6nkorm\u00e1nyzata az 54 milli\u00f3 forintos rehabilit\u00e1ci\u00f3 v\u00e9grehajt\u00e1s\u00e1ra az Oroszl\u00e1nyi Szolg\u00e1ltat\u00f3 Zrt.-vel k\u00f6t\u00f6tt szerz\u0151d\u00e9st. A munk\u00e1latok szeptemberre csaknem befejez\u0151dtek, amikor kider\u00fclt, hogy a t\u00f3ban h\u00e1rom, eddig ismeretlen v\u00edzfelt\u00f6r\u00e9si pont -buzg\u00e1r- van, ezekn\u00e9l pedig partmeger\u0151s\u00edt\u00e9sre van sz\u00fcks\u00e9g. A v\u00e1rosban olyan r\u00e9mh\u00edreket lehetett hallani, hogy a part k\u00f6zel\u00e9ben \u00e1ll\u00f3 \u00e9p\u00fclet bele fog cs\u00faszni a mederbe.<\/p>\n<p>Ilyen vesz\u00e9ly nincs, tudtuk meg szakemberekt\u0151l, de a t\u00f3 B\u00e1nki Don\u00e1t utcai partszakasz\u00e1n elengedhetetlenn\u00e9 v\u00e1lt a r\u00e9zs\u0171 k\u0151vel val\u00f3 megt\u00e1maszt\u00e1sa. A f\u0151v\u00e1llalkoz\u00f3 arra k\u00e9rte a test\u00fcletet, hogy a kieg\u00e9sz\u00edt\u0151 munk\u00e1kra biztos\u00edtson tov\u00e1bbi h\u00e9tmilli\u00f3 forintot. Ennyib\u0151l fedezhet\u0151 a h\u00e1romsz\u00e1z m\u00e9teres szakasz geotext\u00edli\u00e1val t\u00f6rt\u00e9n\u0151 bor\u00edt\u00e1sa, meger\u0151s\u00edt\u00e9se. A k\u00e9pvisel\u0151-test\u00fclet alapos t\u00e1j\u00e9koz\u00f3d\u00e1s ut\u00e1n \u00fagy d\u00f6nt\u00f6tt: a pluszmunk\u00e1khoz biztos\u00edtja a sz\u00fcks\u00e9ges p\u00e9nzt. Ez viszont a befejez\u00e9si hat\u00e1rid\u0151 cs\u00fasz\u00e1s\u00e1t okozta.<\/p>\n<p>A munk\u00e1k sor\u00e1n csaknem 21 ezer k\u00f6bm\u00e9ter iszapot t\u00e1vol\u00edtottak el a mederb\u0151l. Ebb\u0151l a mennyis\u00e9gb\u0151l kilencezer k\u00f6bm\u00e9ter l\u00e1gyiszapot a szigetek &#8222;\u00e1ramvonalas\u00edt\u00e1s\u00e1ra&#8221; haszn\u00e1ltak fel, 945 k\u00f6bm\u00e9ter k\u0151 be\u00e9p\u00edt\u00e9s\u00e9vel meger\u0151s\u00edtett\u00e9k a kritikus r\u00e9szeket.<\/p>\n<p>Forr\u00e1s: nol.hu 2008.02.19<\/p>\n","protected":false},"excerpt":{"rendered":"<p>\u00c9lvezettel olvasom kedvenc dezinform\u00e1ci\u00f3s kiadv\u00e1nyomat (\u00daj K\u00e9thetes), melyben az ut\u00f3bbi id\u0151ben mind t\u00f6bb &#8211; bizony\u00e1ra v\u00e9letlen &#8211; t\u00e1rgyi t\u00e9ved\u00e9s, \u201eel\u00edr\u00e1s\u201d tal\u00e1lhat\u00f3, viszont ezen apr\u00f3s\u00e1gok mellett a lak\u00e1somba hozza a korm\u00e1nymegb\u00edzottat, a polg\u00e1rmestert, az alpolg\u00e1rmestert, sz\u00f3val mindenkit, aki sz\u00e1m\u00edt ma Oroszl\u00e1nyban. <a href=\"https:\/\/www.mszporoszlany.hu\/?p=1041\">Egy kattint\u00e1s ide a folytat\u00e1shoz&#8230;. <span class=\"meta-nav\">&rarr;<\/span><\/a><\/p>\n","protected":false},"author":35,"featured_media":0,"comment_status":"open","ping_status":"closed","sticky":false,"template":"","format":"standard","meta":{"footnotes":""},"categories":[194],"tags":[535,533,530,540,537,532,538,531,536,539,131,534,105],"class_list":["post-1041","post","type-post","status-publish","format-standard","hentry","category-oroszlany","tag-altal-er","tag-aramvonalasitas","tag-dezinformacio","tag-geotextilia","tag-hulladekfogo","tag-iszap","tag-kiereszto-zsiliprendszer","tag-kotras","tag-lagyiszap","tag-megtamasztas","tag-oroszlanyi-szolgaltato-zrt","tag-tajekoztatas","tag-uj-kethetes"],"_links":{"self":[{"href":"https:\/\/www.mszporoszlany.hu\/index.php?rest_route=\/wp\/v2\/posts\/1041","targetHints":{"allow":["GET"]}}],"collection":[{"href":"https:\/\/www.mszporoszlany.hu\/index.php?rest_route=\/wp\/v2\/posts"}],"about":[{"href":"https:\/\/www.mszporoszlany.hu\/index.php?rest_route=\/wp\/v2\/types\/post"}],"author":[{"embeddable":true,"href":"https:\/\/www.mszporoszlany.hu\/index.php?rest_route=\/wp\/v2\/users\/35"}],"replies":[{"embeddable":true,"href":"https:\/\/www.mszporoszlany.hu\/index.php?rest_route=%2Fwp%2Fv2%2Fcomments&post=1041"}],"version-history":[{"count":0,"href":"https:\/\/www.mszporoszlany.hu\/index.php?rest_route=\/wp\/v2\/posts\/1041\/revisions"}],"wp:attachment":[{"href":"https:\/\/www.mszporoszlany.hu\/index.php?rest_route=%2Fwp%2Fv2%2Fmedia&parent=1041"}],"wp:term":[{"taxonomy":"category","embeddable":true,"href":"https:\/\/www.mszporoszlany.hu\/index.php?rest_route=%2Fwp%2Fv2%2Fcategories&post=1041"},{"taxonomy":"post_tag","embeddable":true,"href":"https:\/\/www.mszporoszlany.hu\/index.php?rest_route=%2Fwp%2Fv2%2Ftags&post=1041"}],"curies":[{"name":"wp","href":"https:\/\/api.w.org\/{rel}","templated":true}]}}