{"id":110,"date":"2011-07-09T10:45:24","date_gmt":"2011-07-09T09:45:24","guid":{"rendered":"http:\/\/www.mszporoszlany.hu\/?p=110"},"modified":"2012-07-18T11:56:23","modified_gmt":"2012-07-18T10:56:23","slug":"felmilliardos-hutlen-kezeles-gyanujaval-indult-nyomozas","status":"publish","type":"post","link":"https:\/\/www.mszporoszlany.hu\/?p=110","title":{"rendered":"F\u00e9lmilli\u00e1rdos h\u0171tlen kezel\u00e9s gyan\u00faj\u00e1val indult nyomoz\u00e1s"},"content":{"rendered":"<p><img loading=\"lazy\" decoding=\"async\" class=\"alignleft size-full wp-image-122\" title=\"feljelent1\" src=\"https:\/\/www.mszporoszlany.hu\/wp-content\/uploads\/2012\/03\/feljelent1.jpg\" alt=\"\" width=\"200\" height=\"120\" \/>H\u0171tlen kezel\u00e9s gyan\u00faj\u00e1val nyomoz a megyei f\u0151\u00fcgy\u00e9szs\u00e9g Oroszl\u00e1ny elm\u00falt 12 \u00e9vi gazd\u00e1lkod\u00e1sa miatt, miut\u00e1n a polg\u00e1rmester t\u00f6bb kor\u00e1bbi \u00fcgyben is feljelent\u00e9st tett &#8211; k\u00f6z\u00f6lte a v\u00e1ros fideszes vezet\u00e9se. A feljelent\u00e9s szerint az el\u0151z\u0151 vezet\u00e9s alatt sz\u00e1zmilli\u00f3s k\u00e1rok \u00e9rhett\u00e9k az \u00f6nkorm\u00e1nyzatot egy uszoda fel\u00faj\u00edt\u00e1sa, egy lak\u00f3park \u00e9p\u00edt\u00e9se \u00e9s a kommunik\u00e1ci\u00f3s k\u00e1belrendszer \u00e9rt\u00e9kes\u00edt\u00e9se sor\u00e1n is.<\/p>\n<p><!--more--><\/p>\n<p>K\u00fcl\u00f6n\u00f6sen nagy vagyoni h\u00e1tr\u00e1nyt okoz\u00f3 h\u0171tlen kezel\u00e9s gyan\u00faja miatt rendelt el nyomoz\u00e1st Oroszl\u00e1ny \u00f6nkorm\u00e1nyzatn\u00e1l a Kom\u00e1rom-Esztergom Megyei F\u0151\u00fcgy\u00e9szs\u00e9g &#8211; k\u00f6z\u00f6lte vas\u00e1rnap a H\u00edr TV. A telev\u00edzi\u00f3 szerint a nyomoz\u00e1st Tak\u00e1cs K\u00e1roly fideszes oroszl\u00e1nyi polg\u00e1rmester feljelent\u00e9se ut\u00e1n rendelte el p\u00e9nteken a megyei f\u0151\u00fcgy\u00e9szs\u00e9g. A hat\u00f3s\u00e1gok az \u00f6nkorm\u00e1nyzat elm\u00falt 12 \u00e9vi gazd\u00e1lkod\u00e1s\u00e1ban kutatnak vissza\u00e9l\u00e9sek ut\u00e1n.\u00a0Vasv\u00e1ri Erika, a v\u00e1ros sajt\u00f3referense az MTI megkeres\u00e9s\u00e9re vas\u00e1rnap azt mondta, hogy egy vizsg\u00e1lat f\u00e9lmilli\u00e1rd forintos vesztes\u00e9get t\u00e1rt fel. A felk\u00e9rt k\u00f6nyvvizsg\u00e1l\u00f3 t\u00e1rsas\u00e1g sz\u00e1z\u00f6tven oldalas jelent\u00e9sben \u00f6sszegezte a polg\u00e1rmesteri hivatal \u00e9s az Oroszl\u00e1nyi Szolg\u00e1ltat\u00f3 (OSZ) Zrt. elm\u00falt tizenk\u00e9t \u00e9v\u00e9nek vagyongazd\u00e1lkod\u00e1s\u00e1t. A jelent\u00e9s szerint becs\u00fclhet\u0151en legal\u00e1bb f\u00e9lmilli\u00e1rd forintos vesztes\u00e9g \u00e9rte a v\u00e1rost k\u00fcl\u00f6nb\u00f6z\u0151 gazdas\u00e1gi \u00fcgyletek sor\u00e1n &#8211; \u00e1ll\u00edtotta a sajt\u00f3referens.<\/p>\n<p>A gyan\u00fa szerint a v\u00e1ros kommunik\u00e1ci\u00f3s k\u00e1belrendszer\u00e9t nem piaci \u00e1ron \u00e9rt\u00e9kes\u00edtett\u00e9k, amivel ak\u00e1r 180 milli\u00f3s k\u00e1r \u00e9rhette Oroszl\u00e1nyt. A v\u00e1rosi uszoda fel\u00faj\u00edt\u00e1sa sv\u00e1jci frank alap\u00fa l\u00edzingkonstrukci\u00f3ban val\u00f3sult meg, ami a vizsg\u00e1lat szerint 123 milli\u00f3s t\u00f6bbletkiad\u00e1ssal j\u00e1rt, egy lak\u00f3park \u00e9p\u00edt\u00e9se pedig csaknem sz\u00e1zmilli\u00f3 forintos vagyonveszt\u00e9st jelenthetett.<\/p>\n<p>A v\u00e1ros hitel\u00e1llom\u00e1nya az id\u0151szak sor\u00e1n 300 milli\u00f3 forintr\u00f3l 2,6 milli\u00e1rd forintra n\u0151tt &#8211; \u00e1ll\u00edtja a referens. Az \u00e1tvil\u00e1g\u00edt\u00e1s ugyanakkor meg\u00e1llap\u00edtotta, hogy v\u00e1ros eszk\u00f6z\u00e1llom\u00e1nya 2,1 milli\u00e1rdr\u00f3l 10,4 milli\u00e1rd forintra n\u0151tt, az Oroszl\u00e1nyi Szolg\u00e1ltat\u00f3 Zrt. \u00fczemi eredm\u00e9nyei pedig a piaci 8-12 sz\u00e1zal\u00e9k helyett 9-18 sz\u00e1zal\u00e9kosak voltak.<\/p>\n","protected":false},"excerpt":{"rendered":"<p>H\u0171tlen kezel\u00e9s gyan\u00faj\u00e1val nyomoz a megyei f\u0151\u00fcgy\u00e9szs\u00e9g Oroszl\u00e1ny elm\u00falt 12 \u00e9vi gazd\u00e1lkod\u00e1sa miatt, miut\u00e1n a polg\u00e1rmester t\u00f6bb kor\u00e1bbi \u00fcgyben is feljelent\u00e9st tett &#8211; k\u00f6z\u00f6lte a v\u00e1ros fideszes vezet\u00e9se. A feljelent\u00e9s szerint az el\u0151z\u0151 vezet\u00e9s alatt sz\u00e1zmilli\u00f3s k\u00e1rok \u00e9rhett\u00e9k az \u00f6nkorm\u00e1nyzatot &hellip; <a href=\"https:\/\/www.mszporoszlany.hu\/?p=110\">Egy kattint\u00e1s ide a folytat\u00e1shoz&#8230;. <span class=\"meta-nav\">&rarr;<\/span><\/a><\/p>\n","protected":false},"author":35,"featured_media":0,"comment_status":"open","ping_status":"closed","sticky":false,"template":"","format":"standard","meta":{"footnotes":""},"categories":[195,58,194],"tags":[60,82,83,84,59,20,78,76,31,1763,79,81,9,29,43,80],"class_list":["post-110","post","type-post","status-publish","format-standard","hentry","category-komarom-esztergom-megye","category-mszp","category-oroszlany","tag-fidesz","tag-gyanu","tag-hitel","tag-hitelallomany","tag-hutlen-kezeles","tag-indokolatlan","tag-karokozas","tag-konyvvizsgalo","tag-milliardos","tag-mszp","tag-sajtoreferens","tag-szolgaltato","tag-takacs-karoly","tag-telepules","tag-vasvari-erika","tag-veszteseg"],"_links":{"self":[{"href":"https:\/\/www.mszporoszlany.hu\/index.php?rest_route=\/wp\/v2\/posts\/110","targetHints":{"allow":["GET"]}}],"collection":[{"href":"https:\/\/www.mszporoszlany.hu\/index.php?rest_route=\/wp\/v2\/posts"}],"about":[{"href":"https:\/\/www.mszporoszlany.hu\/index.php?rest_route=\/wp\/v2\/types\/post"}],"author":[{"embeddable":true,"href":"https:\/\/www.mszporoszlany.hu\/index.php?rest_route=\/wp\/v2\/users\/35"}],"replies":[{"embeddable":true,"href":"https:\/\/www.mszporoszlany.hu\/index.php?rest_route=%2Fwp%2Fv2%2Fcomments&post=110"}],"version-history":[{"count":0,"href":"https:\/\/www.mszporoszlany.hu\/index.php?rest_route=\/wp\/v2\/posts\/110\/revisions"}],"wp:attachment":[{"href":"https:\/\/www.mszporoszlany.hu\/index.php?rest_route=%2Fwp%2Fv2%2Fmedia&parent=110"}],"wp:term":[{"taxonomy":"category","embeddable":true,"href":"https:\/\/www.mszporoszlany.hu\/index.php?rest_route=%2Fwp%2Fv2%2Fcategories&post=110"},{"taxonomy":"post_tag","embeddable":true,"href":"https:\/\/www.mszporoszlany.hu\/index.php?rest_route=%2Fwp%2Fv2%2Ftags&post=110"}],"curies":[{"name":"wp","href":"https:\/\/api.w.org\/{rel}","templated":true}]}}