{"id":1104,"date":"2012-07-20T15:12:24","date_gmt":"2012-07-20T14:12:24","guid":{"rendered":"http:\/\/www.mszporoszlany.hu\/?p=1104"},"modified":"2012-07-20T15:12:24","modified_gmt":"2012-07-20T14:12:24","slug":"megkezdodott","status":"publish","type":"post","link":"https:\/\/www.mszporoszlany.hu\/?p=1104","title":{"rendered":"Megkezd\u0151d\u00f6tt"},"content":{"rendered":"<p><img loading=\"lazy\" decoding=\"async\" class=\"alignleft size-full wp-image-1105\" title=\"NyesteLaszlo\" src=\"https:\/\/www.mszporoszlany.hu\/wp-content\/uploads\/2012\/07\/NyesteLaszlo.jpg\" alt=\"\" width=\"200\" height=\"120\" \/>Az elm\u00falt napokban Mez\u0151k\u00f6vesd fideszes v\u00e1rosvezet\u00e9s\u00e9nek d\u00f6nt\u00e9s\u00e9re hivatkozva utc\u00e1ra tettek k\u00e9t pedag\u00f3gust. Munk\u00e1jukkal kapcsolatban kifog\u00e1s nem volt, tan\u00e1ri feladataikat maxim\u00e1lisan ell\u00e1tt\u00e1k &#8211; k\u00f6z\u00f6lte T\u00e1llai Andr\u00e1snak c\u00edmzett ny\u00edlt level\u00e9ben Nyak\u00f3 Istv\u00e1n, az MSZP Borsod-Aba\u00faj-Zempl\u00e9n megyei sz\u00f6vets\u00e9gi tan\u00e1cs\u00e1nak eln\u00f6ke. Az \u00edr\u00e1s az MTI orsz\u00e1gos sajt\u00f3szolg\u00e1lat\u00e1n\u00e1l jelent meg.<\/p>\n<p><!--more--><\/p>\n<p>Ahogy a politikus fogalmaz, a k\u00e9t pedag\u00f3gus kir\u00fag\u00e1sa \u2013 \u00fagy t\u0171nik \u2013 t\u00f6bb mint egy politikai szemf\u00e9nyveszt\u00e9s k\u00f6vetkezm\u00e9nye, hiszen az int\u00e9zm\u00e9nyt \u00e1tvev\u0151 Egri F\u0151egyh\u00e1zmegye kor\u00e1bban a teljes dolgoz\u00f3i \u00e1llom\u00e1nyra tov\u00e1bbfoglalkoztat\u00e1si k\u00f6telezetts\u00e9get v\u00e1llalt. Ezek ut\u00e1n csak arra gondolhatunk, hogy a k\u00e9t pedag\u00f3gust v\u00e1llaltan baloldali k\u00f6t\u0151d\u00e9s\u00fck miatt r\u00fagt\u00e1k ki, amihez r\u00e1ad\u00e1sul, mint a t\u00e9rs\u00e9g v\u00e1laszt\u00f3ker\u00fcleti &#8222;mindenhat\u00f3ja&#8221;, mag\u00e1nak (T\u00e1llai Andr\u00e1snak) is k\u00f6ze van.<\/p>\n<p>&#8222;Az egyik dolgoz\u00f3, az MSZP mez\u0151k\u00f6vesdi eln\u00f6kek\u00e9nt ugyanis hajl\u00e9kot \u00e9s ell\u00e1t\u00e1st adott a febru\u00e1ri &#8216;\u00e9hs\u00e9gmenet&#8217; minden tagj\u00e1nak, \u00e9s ott volt, amikor h\u00f3lap\u00e1tol\u00e1si munkaaj\u00e1nlat\u00e1val lej\u00e1ratta mag\u00e1t orsz\u00e1g-vil\u00e1g el\u0151tt. Nyeste L\u00e1szl\u00f3 kir\u00fag\u00e1sa \u00e9ppen ez\u00e9rt szem\u00e9lyes bossz\u00fa is az \u00d6n r\u00e9sz\u00e9r\u0151l. A m\u00e1sik elbocs\u00e1tott pedag\u00f3gusnak pedig &#8216;csak&#8217; annyi volt a b\u0171ne, hogy csal\u00e1dj\u00e1nak egyik tagja, v\u00e1llaltan baloldali, szocialista ember, aki szint\u00e9n felemeli a hangj\u00e1t, ha a helyi D\u00f6br\u00f6gik igazs\u00e1gtalans\u00e1g\u00e1val tal\u00e1lkozik. Figyelmeztetj\u00fck, hogy a v\u00e1laszt\u00f3i el\u0151tt hamarosan felelnie kell azok\u00e9rt a diszn\u00f3s\u00e1gok\u00e9rt, amit napr\u00f3l napra elk\u00f6vet. Tudjuk, hogy nem ez az egy politikai lesz\u00e1mol\u00e1s, bossz\u00fa, \u00e9s igazs\u00e1gtalan d\u00f6nt\u00e9s fordult el\u0151, vagy fordul el\u0151 az orsz\u00e1gban, s tudjuk, hogy \u00d6n \u00e9s a maga p\u00e1rtja nemcsak t\u00f6bb t\u00edzezer baloldali gondolkod\u00e1s\u00fa polg\u00e1r, de sok milli\u00f3 honfit\u00e1rsunk megnyomor\u00edt\u00e1s\u00e1\u00e9rt is felel. \u00c9ppen ez\u00e9rt k\u00e9rem, hogy adja \u00e1t politikust\u00e1rsainak a k\u00f6vetkez\u0151 \u00fczenetet: \u00fagy folytass\u00e1k munk\u00e1ss\u00e1gukat a j\u00f6v\u0151ben, hogy hatalmuk nem \u00f6r\u00f6k, annak egyszer v\u00e9ge lesz. Mi nem felejt\u00fcnk, \u00e9s a v\u00e1laszt\u00f3kat is eml\u00e9keztetni fogjuk r\u00e9muralmuk kiszolg\u00e1ltatott h\u00e9tk\u00f6znapjaira. Ezt ne vegye fenyeget\u00e9snek, ink\u00e1bb tekintse olyan v\u00e1laszt\u00e1si \u00edg\u00e9retnek, amelyet nyugodtan sz\u00e1mon k\u00e9rhetnek rajtunk, ha elj\u00f6n az id\u0151.&#8221; \u2013 \u00e1ll a T\u00e1llai Andr\u00e1snak c\u00edmzett ny\u00edlt lev\u00e9lben.<\/p>\n<p>Sz\u00f3val hamarosan kezd\u0151dik az iskol\u00e1k \u00e1llamos\u00edt\u00e1s ut\u00e1ni \u00e1tszervez\u00e9se, a j\u00e1r\u00e1si rendszer kialak\u00edt\u00e1sa. Senkinek ne legyen szemernyi k\u00e9ts\u00e9ge azt illet\u0151en, hogy sz\u0171kebb haz\u00e1nkban is elk\u00e9sz\u00fcltek a &#8222;list\u00e1k&#8221;. M\u00e1r csak az\u00e9rt is, hogy kicsit ism\u00e9t rettegjenek a pedag\u00f3gusok, k\u00f6zalkalmazottak, k\u00f6ztisztvisel\u0151k. B\u00e1r csak ne lenne igazam!<\/p>\n<p>Kapcsol\u00f3d\u00f3 ATV riport itt <a title=\"ATV Egyenes Besz\u00e9d riport\" href=\"http:\/\/atv.hu\/cikk\/video-20120719_nyeste_laszlo\" target=\"_blank\">el\u00e9rhet\u0151<\/a>!<\/p>\n","protected":false},"excerpt":{"rendered":"<p>Az elm\u00falt napokban Mez\u0151k\u00f6vesd fideszes v\u00e1rosvezet\u00e9s\u00e9nek d\u00f6nt\u00e9s\u00e9re hivatkozva utc\u00e1ra tettek k\u00e9t pedag\u00f3gust. Munk\u00e1jukkal kapcsolatban kifog\u00e1s nem volt, tan\u00e1ri feladataikat maxim\u00e1lisan ell\u00e1tt\u00e1k &#8211; k\u00f6z\u00f6lte T\u00e1llai Andr\u00e1snak c\u00edmzett ny\u00edlt level\u00e9ben Nyak\u00f3 Istv\u00e1n, az MSZP Borsod-Aba\u00faj-Zempl\u00e9n megyei sz\u00f6vets\u00e9gi tan\u00e1cs\u00e1nak eln\u00f6ke. Az \u00edr\u00e1s az MTI orsz\u00e1gos sajt\u00f3szolg\u00e1lat\u00e1n\u00e1l jelent meg. <a href=\"https:\/\/www.mszporoszlany.hu\/?p=1104\">Egy kattint\u00e1s ide a folytat\u00e1shoz&#8230;. <span class=\"meta-nav\">&rarr;<\/span><\/a><\/p>\n","protected":false},"author":35,"featured_media":0,"comment_status":"open","ping_status":"closed","sticky":false,"template":"","format":"standard","meta":{"footnotes":""},"categories":[196],"tags":[545,544,541,543,546,342,547,542],"class_list":["post-1104","post","type-post","status-publish","format-standard","hentry","category-magyarorszag","tag-baloldali-kotodes","tag-egri-foegyhazmegye","tag-mezokovesd","tag-nyako-istvan","tag-nyeste-laszlo","tag-pedagogus","tag-politikai-leszamolas","tag-tallai-andras"],"_links":{"self":[{"href":"https:\/\/www.mszporoszlany.hu\/index.php?rest_route=\/wp\/v2\/posts\/1104","targetHints":{"allow":["GET"]}}],"collection":[{"href":"https:\/\/www.mszporoszlany.hu\/index.php?rest_route=\/wp\/v2\/posts"}],"about":[{"href":"https:\/\/www.mszporoszlany.hu\/index.php?rest_route=\/wp\/v2\/types\/post"}],"author":[{"embeddable":true,"href":"https:\/\/www.mszporoszlany.hu\/index.php?rest_route=\/wp\/v2\/users\/35"}],"replies":[{"embeddable":true,"href":"https:\/\/www.mszporoszlany.hu\/index.php?rest_route=%2Fwp%2Fv2%2Fcomments&post=1104"}],"version-history":[{"count":0,"href":"https:\/\/www.mszporoszlany.hu\/index.php?rest_route=\/wp\/v2\/posts\/1104\/revisions"}],"wp:attachment":[{"href":"https:\/\/www.mszporoszlany.hu\/index.php?rest_route=%2Fwp%2Fv2%2Fmedia&parent=1104"}],"wp:term":[{"taxonomy":"category","embeddable":true,"href":"https:\/\/www.mszporoszlany.hu\/index.php?rest_route=%2Fwp%2Fv2%2Fcategories&post=1104"},{"taxonomy":"post_tag","embeddable":true,"href":"https:\/\/www.mszporoszlany.hu\/index.php?rest_route=%2Fwp%2Fv2%2Ftags&post=1104"}],"curies":[{"name":"wp","href":"https:\/\/api.w.org\/{rel}","templated":true}]}}