{"id":1110,"date":"2012-07-25T05:55:01","date_gmt":"2012-07-25T04:55:01","guid":{"rendered":"http:\/\/www.mszporoszlany.hu\/?p=1110"},"modified":"2012-07-25T06:40:25","modified_gmt":"2012-07-25T05:40:25","slug":"nyari-kettosbeszed-mindannyiunk-javara","status":"publish","type":"post","link":"https:\/\/www.mszporoszlany.hu\/?p=1110","title":{"rendered":"Ny\u00e1ri kett\u0151sbesz\u00e9d mindannyiunk jav\u00e1ra"},"content":{"rendered":"<p><img loading=\"lazy\" decoding=\"async\" class=\"alignleft size-full wp-image-1111\" title=\"TakacsKaroly\" src=\"https:\/\/www.mszporoszlany.hu\/wp-content\/uploads\/2012\/07\/TakacsKaroly.jpg\" alt=\"\" width=\"200\" height=\"120\" \/>Durc\u00e1s kisgyerekk\u00e9nt bizonygatja Tak\u00e1cs K\u00e1roly polg\u00e1rmester, hogy bizony jogosan \u00e9lt panasszal a v\u00e1rosvezet\u00e9s az egy \u00e9ves nyomoz\u00e1st k\u00f6vet\u0151 megsz\u00fcntet\u0151 hat\u00e1rozattal szemben. Ehhez persze joga van, hiszen Oroszl\u00e1nyban nem boszork\u00e1ny\u00fcld\u00f6z\u00e9s \u00e9s lesz\u00e1mol\u00e1s folyik, csak a v\u00e1laszt\u00f3knak tett \u00edg\u00e9ret betart\u00e1sa \u2013 \u00e9rdekes, milyen kedvelt szava lett a helyi jobboldal vezet\u0151inek a \u201eboszork\u00e1ny\u00fcld\u00f6z\u00e9s\u201d.<br \/>\nSz\u00f3val megy minden a maga \u00fatj\u00e1n, az igazs\u00e1gszolg\u00e1ltat\u00e1s v\u00e9gzi tov\u00e1bb a dolg\u00e1t, azonban mintha \u00fajra a kett\u0151sbesz\u00e9det alkalmazn\u00e1 Tak\u00e1cs \u00far, s hogy mik\u00e9pp, arra a v\u00e1laszt az az egy \u00e9vvel ezel\u0151tti sajt\u00f3t\u00e1j\u00e9koztat\u00f3 adja, amire egyik ismer\u0151s\u00f6m h\u00edvta fel a figyelmet.<\/p>\n<p><!--more--><\/p>\n<p>Vide\u00f3 itt <a title=\"Oroszl\u00e1ny p\u00e9nz\u00fcgyi \u00e1tvil\u00e1g\u00edt\u00e1sa\" href=\"http:\/\/video.oroszlany.hu\/musicvideo.php?vid=68a1899d4\" target=\"_blank\">tekinthet\u0151<\/a> meg!<\/p>\n<p>B\u00e1r bar\u00e1tn\u0151m szerint a tavalyi vide\u00f3 n\u00e9zeget\u00e9se \u00edgy szabads\u00e1g idej\u00e9n \u00f6nmaga a perverzi\u00f3, azonban abban igen \u00e9rdekes dolgokra akad az ember, ha figyelmes.<\/p>\n<p>R\u00f6gt\u00f6n az elej\u00e9n korm\u00e1nymegb\u00edzottunk kijelenti, hogy a p\u00e1ly\u00e1zaton nyertes f\u00fcggetlen csapat nemzetk\u00f6zi standardok \u00e9s jelent\u0151s adatb\u00e1zis felhaszn\u00e1l\u00e1s\u00e1val dolgozott, a nagy nyilv\u00e1noss\u00e1g is bevon\u00e1sra ker\u00fclt. Ez azt jelenti fideszes nyelven, hogy mi mindenr\u0151l \u00e9rtes\u00fclt\u00fcnk, de egyetlen k\u00e9s\u0151bb tan\u00fak\u00e9nt kihallgatottat sem vontunk be semmibe.<\/p>\n<p>Azt\u00e1n j\u00f6tt a polg\u00e1rmester, s ha valaki figyelmesen olvassa a m\u00f6g\u00e9 vet\u00edtett k\u00e9pet, akkor ott az \u00e1ll: &#8222;<em>B\u00e1rkire, b\u00e1rmilyen csoportra is tesz meg\u00e1llap\u00edt\u00e1st a vizsg\u00e1lati anyag: elfogadjuk a f\u00fcggetlen 3. f\u00e9l, azaz American Appraisal anyag\u00e1t.<\/em>&#8221; Nos, ennek jelent\u00e9se: mindent elfogadunk, amivel bizony\u00edtani lehet a szocik b\u0171n\u00f6ss\u00e9g\u00e9t. A rend\u0151rs\u00e9g \u00e9s az \u00fcgy\u00e9szs\u00e9g vizsg\u00e1lat\u00e1t \u2013 mind f\u00fcggetlen szak\u00e9rt\u0151k\u00e9t \u2013 azonban nem fogadjuk el, azt megpanaszoljuk.<\/p>\n<p>De van itt jobb is: Tak\u00e1cs K\u00e1roly egyszer csak hazafias felbuzdul\u00e1s\u00e1ban felsz\u00f3l\u00edtotta a jegyz\u0151t, hogy ezent\u00fal az el\u0151k\u00e9sz\u00edt\u0151k neve is szerepeljen a test\u00fcleti el\u0151terjeszt\u00e9seken, megel\u0151zve \u00edgy, hogy a test\u00fcleti d\u00f6nt\u00e9s m\u00f6g\u00e9 lehessen b\u00fajni. A szakmai el\u0151terjeszt\u0151k ne csak szign\u00e1lj\u00e1k, jegyezz\u00e9k is az anyagokat. Na, \u00f6n m\u00e1r l\u00e1tott ilyen el\u0151terjeszt\u00e9st? Nyugalom, senki sem.<\/p>\n<p>V\u00e9g\u00fcl Papp P\u00e9tert\u0151l is id\u00e9zz\u00fcnk egy gy\u00f6ngyszemet: &#8222;<em>Sajnos beigazol\u00f3dott, hogy amit n\u00e9gy \u00e9ven kereszt\u00fcl test\u00fcleti \u00fcl\u00e9sr\u0151l, test\u00fcleti \u00fcl\u00e9sre elmondtunk, negat\u00edvumk\u00e9nt emlegett\u00fcnk, mind \u2013 sajnos \u2013 ideker\u00fcltek az \u00e1tvil\u00e1g\u00edt\u00e1s anyag\u00e1ba. \u2026\u00a0 Nem tal\u00e1ln\u00e1nk szerintem az el\u0151z\u0151 ciklusban olyan test\u00fcleti \u00fcl\u00e9st, amelyiken valamelyik itt \u00e1tvizsg\u00e1lt gazdas\u00e1gi \u00fcgylet ne hangzott volna el.<\/em>&#8221;<\/p>\n<p>Fideszes nyelven ez pedig azt jelenti: ekkora volt a hozz\u00e1 nem \u00e9rt\u00e9s a jobboldali frakci\u00f3 r\u00e9sz\u00e9r\u0151l, de mi feljelentget\u00fcnk, panaszolgatunk, megmagyar\u00e1zzuk a megmagyar\u00e1zhatatlant, s addig megy\u00fcnk, m\u00edg valaki meg nem \u00e1ll\u00edt \u2013 ez pedig inform\u00e1ci\u00f3im szerint nagyon k\u00f6zeleg.<\/p>\n","protected":false},"excerpt":{"rendered":"<p>Durc\u00e1s kisgyerekk\u00e9nt bizonygatja Tak\u00e1cs K\u00e1roly polg\u00e1rmester, hogy bizony jogosan \u00e9lt panasszal a v\u00e1rosvezet\u00e9s az egy \u00e9ves nyomoz\u00e1st k\u00f6vet\u0151 megsz\u00fcntet\u0151 hat\u00e1rozattal szemben. Ehhez persze joga van, hiszen Oroszl\u00e1nyban nem boszork\u00e1ny\u00fcld\u00f6z\u00e9s \u00e9s lesz\u00e1mol\u00e1s folyik, csak a v\u00e1laszt\u00f3knak tett \u00edg\u00e9ret betart\u00e1sa \u2013 \u00e9rdekes, milyen kedvelt szava lett a helyi jobboldal vezet\u0151inek a \u201eboszork\u00e1ny\u00fcld\u00f6z\u00e9s\u201d. <a href=\"https:\/\/www.mszporoszlany.hu\/?p=1110\">Egy kattint\u00e1s ide a folytat\u00e1shoz&#8230;. <span class=\"meta-nav\">&rarr;<\/span><\/a><\/p>\n","protected":false},"author":35,"featured_media":0,"comment_status":"open","ping_status":"closed","sticky":false,"template":"","format":"standard","meta":{"footnotes":""},"categories":[194],"tags":[548,553,49,550,431,549,56,552,551,9,74],"class_list":["post-1110","post","type-post","status-publish","format-standard","hentry","category-oroszlany","tag-boszorkanyuldozes","tag-fuggetlen-szakertok","tag-jegyzo","tag-kettos-beszedet","tag-kormanymegbizott","tag-leszamolas","tag-papp-peter","tag-rendorseg","tag-szocik","tag-takacs-karoly","tag-ugyeszseg"],"_links":{"self":[{"href":"https:\/\/www.mszporoszlany.hu\/index.php?rest_route=\/wp\/v2\/posts\/1110","targetHints":{"allow":["GET"]}}],"collection":[{"href":"https:\/\/www.mszporoszlany.hu\/index.php?rest_route=\/wp\/v2\/posts"}],"about":[{"href":"https:\/\/www.mszporoszlany.hu\/index.php?rest_route=\/wp\/v2\/types\/post"}],"author":[{"embeddable":true,"href":"https:\/\/www.mszporoszlany.hu\/index.php?rest_route=\/wp\/v2\/users\/35"}],"replies":[{"embeddable":true,"href":"https:\/\/www.mszporoszlany.hu\/index.php?rest_route=%2Fwp%2Fv2%2Fcomments&post=1110"}],"version-history":[{"count":0,"href":"https:\/\/www.mszporoszlany.hu\/index.php?rest_route=\/wp\/v2\/posts\/1110\/revisions"}],"wp:attachment":[{"href":"https:\/\/www.mszporoszlany.hu\/index.php?rest_route=%2Fwp%2Fv2%2Fmedia&parent=1110"}],"wp:term":[{"taxonomy":"category","embeddable":true,"href":"https:\/\/www.mszporoszlany.hu\/index.php?rest_route=%2Fwp%2Fv2%2Fcategories&post=1110"},{"taxonomy":"post_tag","embeddable":true,"href":"https:\/\/www.mszporoszlany.hu\/index.php?rest_route=%2Fwp%2Fv2%2Ftags&post=1110"}],"curies":[{"name":"wp","href":"https:\/\/api.w.org\/{rel}","templated":true}]}}