{"id":1122,"date":"2012-07-31T12:02:31","date_gmt":"2012-07-31T11:02:31","guid":{"rendered":"http:\/\/www.mszporoszlany.hu\/?p=1122"},"modified":"2012-07-31T12:03:53","modified_gmt":"2012-07-31T11:03:53","slug":"panik-a-rakoczi-uton","status":"publish","type":"post","link":"https:\/\/www.mszporoszlany.hu\/?p=1122","title":{"rendered":"P\u00e1nik a R\u00e1k\u00f3czi \u00faton"},"content":{"rendered":"<p><img loading=\"lazy\" decoding=\"async\" class=\"alignleft size-full wp-image-1123\" title=\"menetlevel\" src=\"https:\/\/www.mszporoszlany.hu\/wp-content\/uploads\/2012\/07\/menetlevel.jpg\" alt=\"\" width=\"200\" height=\"120\" \/>Kis v\u00e1rosunk polg\u00e1rmestere a minap megjelentett egy jegyzetet facebook-os oldal\u00e1n, ahol felh\u00e1borod\u00e1s\u00e1nak ad hangot. A felh\u00e1borod\u00e1s oka az, hogy az oroszl\u00e1nyi szocialist\u00e1k kik\u00e9rt\u00e9k a menetleveleket, \u00e9s \u00e1tolvast\u00e1k azokat. K\u00edv\u00e1ncsiak voltak arra, hogy Tak\u00e1cs K\u00e1roly a v\u00e1ros p\u00e9nz\u00e9n merre \u00e9s mennyit aut\u00f3zik, \u00e9s hogy t\u00e9r\u00fcl meg a v\u00e1ros egyik \u00faj beruh\u00e1z\u00e1sa, a polg\u00e1rmester \u00faj aut\u00f3ja.<\/p>\n<p><!--more--><\/p>\n<p>Ez nem tetszett Tak\u00e1cs K\u00e1roly \u00farnak \u00e9s valami m\u00e9rhetetlen flegmas\u00e1ggal kezeli a dolgot. Elmond\u00e1sa szerint \u00faj bels\u0151 ellen\u0151r\u00f6ket kapott, akik elemezni szeretn\u00e9k a g\u00e9pkocsi haszn\u00e1lat\u00e1t. Meglep\u0151dne a polg\u00e1rmester \u00far, hogy a helyi lakosokat mennyire \u00e9rdekli az, hogy merre \u00e9s mennyit j\u00e1r a hivatali aut\u00f3val, ugyanis az aut\u00f3t a v\u00e1ros polg\u00e1rai tartj\u00e1k fenn. Ilyen \u00fczemanyag \u00e1rak mellett szerintem igenis fontos a fut\u00e1steljes\u00edtm\u00e9ny.<\/p>\n<p>Err\u0151l nagyon sok cikk van az oroszl\u00e1nyi MSZP honlapj\u00e1n, \u00edgy nem is szeretn\u00e9k erre r\u00e9szletesen kit\u00e9rni. Tak\u00e1cs K\u00e1roly publik\u00e1lt \u00f6nvallom\u00e1s\u00e1hoz szeretn\u00e9k hozz\u00e1sz\u00f3lni. Tak\u00e1cs \u00far szerint a helyi szocialist\u00e1k meg akart\u00e1k f\u00e9leml\u00edteni a hivatal dolgoz\u00f3it. A sz\u00f3 szerinti id\u00e9zet: &#8222;<em>Nagyon fontos ez gondoss\u00e1g, hi\u00e1ba ellen\u0151rizni kell a Hivatalt is \u00e9s polg\u00e1rmestert is h\u00e1tha valami &#8216;maszek&#8217; c\u00e9lra haszn\u00e1lja a g\u00e9pkocsit, s mellesleg illik kell\u0151 bossz\u00fat \u00e1llni az\u00e9rt &#8211; \u00e9s feltartani \u00e9s megf\u00e9leml\u00edteni a hivatali munkat\u00e1rsaimat -, mert nem fogadtuk el az \u00e1tvil\u00e1g\u00edt\u00e1si rend\u0151rs\u00e9gi nyomoz\u00e1s lez\u00e1r\u00e1s\u00e1t!<\/em>&#8221;<\/p>\n<p>A vizsg\u00e1latot tudtommal \u00fcgy\u00e9szs\u00e9gi fel\u00fcgyelet mellett folytatt\u00e1k le, de ezt tudni kellett volna a polg\u00e1rmester \u00farnak, mivel \u0151 tette a feljelent\u00e9st. B\u00e1r ez \u00fcgyben er\u0151sen k\u00f6d\u00f6s\u00edt, egyik nyilatkozata \u00fcti a m\u00e1sikat! El k\u00e9ne d\u00f6nteni, hogy \u0151 tette a feljelent\u00e9st vagy a tan\u00e1cseln\u00f6k helyettes, esetleg \u0151k k\u00f6z\u00f6sen vagy a hivatal! Mert nem mindegy \u00e9s nem illik m\u00e1sra tolni a felel\u0151ss\u00e9get. A megf\u00e9leml\u00edt\u00e9s k\u00e9rd\u00e9se azonban felmer\u00fcl ebben az esetben!<\/p>\n<p>Mit tettek a szocik tulajdonk\u00e9ppen? \u00c9ltek a t\u00f6rv\u00e9ny adta lehet\u0151s\u00e9g\u00fckkel \u00e9s megn\u00e9zt\u00e9k, hogy a v\u00e1roslak\u00f3t\u00f3l beszedett k\u00f6zp\u00e9nz egy r\u00e9sze hov\u00e1 lett elk\u00f6ltve a k\u00e9rd\u00e9ses id\u0151szakban. Tulajdonk\u00e9ppen teljesen j\u00f3 ellenz\u00e9ki magatart\u00e1st tan\u00fas\u00edtanak, hiszen a jelenleg regn\u00e1l\u00f3 hatalmat ellen\u0151rzik. \u00c9s mi t\u00f6rt\u00e9nik? Megjelenik az udvari fot\u00f3s, a V\u00e9rtesTV, meg a &#8222;f\u00fcggetlen&#8221; sajt\u00f3! Gyorsan vil\u00e1gg\u00e1 kell k\u00fcrt\u00f6lni, hogy mit is tesznek \u0151k, mire k\u00e9sz\u00fclnek. Szerencse, hogy Tak\u00e1cs \u00far nem id\u00e9zte legf\u0151bb vezet\u0151j\u00e9t \u00e9s nem ki\u00e1ltott ellenforradalmi g\u00f3cpontot Oroszl\u00e1nyban!<\/p>\n<p>\u00c9s sz\u00f6gezz\u00fck le, hogy szocialist\u00e1k nem egy m\u00e1sik c\u00e9get b\u00edznak meg t\u00f6bb milli\u00f3 forint\u00e9rt \u00e9s nem rohang\u00e1lnak egyb\u0151l az \u00fcgy\u00e9szs\u00e9gre. De \u00fagy t\u0171nik ezzel is baj van! Minden baj, amit az ellenz\u00e9k csin\u00e1l, az pedig elvb\u0151l bukott \u00f6tlet, hogy valaki a v\u00e1ros \u00f6njel\u00f6lt Marco Polo-j\u00e1t ellen\u0151rzi. Nem szokott hozz\u00e1, vagy legal\u00e1bbis nem az ellenz\u00e9kt\u0151l! Szokt\u00e1k mondani, hogy a t\u00falzott k\u00fcldet\u00e9studat hatalommal kombin\u00e1lva vesz\u00e9lyes lehet, \u00e9s milyen igaz, az eg\u00e9szs\u00e9gre kimondottan k\u00e1ros!<\/p>\n<p>Kiemeln\u00e9k egy m\u00e1sik gy\u00f6ngyszemet Tak\u00e1cs K\u00e1roly \u00edr\u00e1s\u00e1b\u00f3l: &#8222;<em>Nem kell semmi id\u0151t sem k\u00edm\u00e9lni &#8211; eg\u00e9sz nap jegyzetelnek -, mert hi\u00e1ba ez a legfontosabb a v\u00e1ros \u00e9let\u00e9ben! V\u00e9g\u00fcl is illik megfelel\u0151 m\u00f3don keresni a lej\u00e1rat\u00e1si es\u00e9lyt!<\/em>&#8221; V\u00e1rosunk els\u0151 embere azt firtatja, hogy mi a legfontosabb a telep\u00fcl\u00e9s \u00e9let\u00e9ben. Ezt lehet nem az ellenz\u00e9ken k\u00e9ne sz\u00e1mon k\u00e9rni, hanem saj\u00e1t mag\u00e1n \u00e9s udvartart\u00e1s\u00e1n. Az ellenz\u00e9k egy demokr\u00e1ci\u00e1ban az ellens\u00faly, Oroszl\u00e1ny jelenlegi ir\u00e1ny\u00edt\u00f3ja pedig j\u00f3 esetben tudja, hogy mi a fontos. \u00dagy l\u00e1tszik, nem ismeri mindenki a demokr\u00e1cia j\u00e1t\u00e9kszab\u00e1lyait!<\/p>\n<p>Egy \u00fajabb gy\u00f6ngyszem a sz\u00f6vegb\u0151l: &#8222;<em>V\u00e9g\u00fcl is seg\u00edteni kell a polg\u00e1rmester munk\u00e1j\u00e1t az ellenz\u00e9knek is! Ez v\u00e9g\u00fcl is sokkal fontosabb ugye, mint pl. a mai t\u00e1rgyal\u00e1s a V\u00c9 ZRt. \u00e9s az Erbe munkat\u00e1rsaival a v\u00e1ros t\u00e1vf\u0171t\u00e9snek j\u00f6v\u0151j\u00e9r\u0151l, nemde?<\/em>&#8221; A volt munkahelyem nev\u00e9t az\u00e9rt illik tudni helyesen le\u00edrni, de \u00fagy t\u0171nik a Fideszben alapk\u00f6vetelm\u00e9ny a smittiz\u00e1l\u00e1s! K\u00e9t helyi emberb\u0151l az\u00e9rt csak \u00f6ssze\u00e1ll egy smittpali! Egyr\u00e9szt van a helyi dr\/Dr\/Phd, aki m\u00e9gsem az, m\u00e1sr\u00e9szt pedig a f\u0151nyelv\u00e9sz! \ud83d\ude42<\/p>\n<p>\u00c9s \u00f6sszegezve: Ne k\u00e9rj\u00fcnk olyat sz\u00e1mon az ellenz\u00e9ken, ami nem az \u0151 dolga! \u00c9s elhiszem, hogy izgatott\u00e1 v\u00e1lik valaki, ha \u00e1tlagban napi majdnem 300 km-t sz\u00e1mon k\u00e9rnek rajta, de nyugodjunk meg, \u00e9s \u00e1tgondoltan \u00edrjuk le a gondolatainkat. Ha m\u00e9g \u00fagysem megy, akkor adjuk oda az \u00edr\u00e1st a sajt\u00f3snak, aki valamit h\u00e1tha \u00f6sszehoz bel\u0151le!<\/p>\n<p>Megmondom \u0151szint\u00e9n, hogy nem tetszik a kett\u0151s m\u00e9rce. Az egyik oldalon t\u00f6bb milli\u00f3 forintos tanulm\u00e1nyt k\u00e9sz\u00edt\u00fcnk, ide cs\u0151d\u00edt\u00fcnk mindenkit, \u00e9s j\u00f3l lej\u00e1ratjuk politikai ellenfeleinket. Eml\u00e9kezz\u00fcnk arra a szavaz\u00e1sra, amikor arr\u00f3l d\u00f6nt\u00f6ttek, hogy legyen-e vizsg\u00e1lat. De t\u00f6bbet nem seg\u00edtek az energetikai nyelv\u00e9szprofesszornak, a v\u00e9gk\u00f6vetkeztet\u00e9st vonja le \u0150!<\/p>\n<p>Tak\u00e1cs (Marco Polo) K\u00e1roly jegyzet\u00e9nek eredeti k\u00e9pe<\/p>\n<div id=\"attachment_1124\" style=\"width: 330px\" class=\"wp-caption aligncenter\"><a href=\"\/wp-content\/uploads\/2012\/07\/TK-jegyzet.jpg\" rel=\"lightbox[1122]\"><img loading=\"lazy\" decoding=\"async\" aria-describedby=\"caption-attachment-1124\" class=\"size-medium wp-image-1124   \" title=\"TK-jegyzet\" src=\"https:\/\/www.mszporoszlany.hu\/wp-content\/uploads\/2012\/07\/TK-jegyzet-320x229.jpg\" alt=\"\" width=\"320\" height=\"229\" srcset=\"https:\/\/www.mszporoszlany.hu\/wp-content\/uploads\/2012\/07\/TK-jegyzet-320x229.jpg 320w, https:\/\/www.mszporoszlany.hu\/wp-content\/uploads\/2012\/07\/TK-jegyzet.jpg 600w\" sizes=\"auto, (max-width: 320px) 100vw, 320px\" \/><\/a><p id=\"caption-attachment-1124\" class=\"wp-caption-text\">A m\u0171velts\u00e9get jel\u00f6l\u0151 r\u00e9szek pirossal kiemelve!<\/p><\/div>\n<p>Tak\u00e1cs polg\u00e1rmesternek seg\u00edts\u00e9g\u00fcl bemutatjuk az \u00e1ltala is vezetett t\u00e1rsas\u00e1g c\u00e9gkivonat\u00e1t:<\/p>\n<div id=\"attachment_1125\" style=\"width: 330px\" class=\"wp-caption aligncenter\"><a href=\"https:\/\/www.mszporoszlany.hu\/wp-content\/uploads\/2012\/07\/cegkivonat.jpg\" rel=\"lightbox[1122]\"><img loading=\"lazy\" decoding=\"async\" aria-describedby=\"caption-attachment-1125\" class=\"size-medium wp-image-1125  \" title=\"cegkivonat\" src=\"https:\/\/www.mszporoszlany.hu\/wp-content\/uploads\/2012\/07\/cegkivonat-320x198.jpg\" alt=\"\" width=\"320\" height=\"198\" srcset=\"https:\/\/www.mszporoszlany.hu\/wp-content\/uploads\/2012\/07\/cegkivonat-320x198.jpg 320w, https:\/\/www.mszporoszlany.hu\/wp-content\/uploads\/2012\/07\/cegkivonat-600x372.jpg 600w, https:\/\/www.mszporoszlany.hu\/wp-content\/uploads\/2012\/07\/cegkivonat.jpg 725w\" sizes=\"auto, (max-width: 320px) 100vw, 320px\" \/><\/a><p id=\"caption-attachment-1125\" class=\"wp-caption-text\">V\u00e9rtesi Er\u0151m\u0171 Zrt. c\u00e9gkivonat\u00e1nak m\u00e1solata<\/p><\/div>\n<p>&nbsp;<\/p>\n","protected":false},"excerpt":{"rendered":"<p>Kis v\u00e1rosunk polg\u00e1rmestere a minap megjelentett egy jegyzetet facebook-os oldal\u00e1n, ahol felh\u00e1borod\u00e1s\u00e1nak ad hangot. A felh\u00e1borod\u00e1s oka az, hogy az oroszl\u00e1nyi szocialist\u00e1k kik\u00e9rt\u00e9k a menetleveleket, \u00e9s \u00e1tolvast\u00e1k  azokat. K\u00edv\u00e1ncsiak voltak arra, hogy Tak\u00e1cs K\u00e1roly a v\u00e1ros p\u00e9nz\u00e9n merre \u00e9s mennyit aut\u00f3zik, \u00e9s hogy t\u00e9r\u00fcl meg a v\u00e1ros egyik \u00faj beruh\u00e1z\u00e1sa, a polg\u00e1rmester \u00faj aut\u00f3ja. <a href=\"https:\/\/www.mszporoszlany.hu\/?p=1122\">Egy kattint\u00e1s ide a folytat\u00e1shoz&#8230;. <span class=\"meta-nav\">&rarr;<\/span><\/a><\/p>\n","protected":false},"author":35,"featured_media":0,"comment_status":"open","ping_status":"closed","sticky":false,"template":"","format":"standard","meta":{"footnotes":""},"categories":[58,194],"tags":[560,555,563,562,266,564,557,554,556,70,302,9,558,561,559],"class_list":["post-1122","post","type-post","status-publish","format-standard","hentry","category-mszp","category-oroszlany","tag-fuggetlen-sajto","tag-belso-ellenor","tag-drdrphd","tag-erbe","tag-facebook","tag-marco-polo","tag-megfelemlites","tag-menetlevel","tag-mszp-honlap","tag-polgarmester","tag-szocialistak","tag-takacs-karoly","tag-udvari-fotos","tag-ve-zrt","tag-vertestv"],"_links":{"self":[{"href":"https:\/\/www.mszporoszlany.hu\/index.php?rest_route=\/wp\/v2\/posts\/1122","targetHints":{"allow":["GET"]}}],"collection":[{"href":"https:\/\/www.mszporoszlany.hu\/index.php?rest_route=\/wp\/v2\/posts"}],"about":[{"href":"https:\/\/www.mszporoszlany.hu\/index.php?rest_route=\/wp\/v2\/types\/post"}],"author":[{"embeddable":true,"href":"https:\/\/www.mszporoszlany.hu\/index.php?rest_route=\/wp\/v2\/users\/35"}],"replies":[{"embeddable":true,"href":"https:\/\/www.mszporoszlany.hu\/index.php?rest_route=%2Fwp%2Fv2%2Fcomments&post=1122"}],"version-history":[{"count":0,"href":"https:\/\/www.mszporoszlany.hu\/index.php?rest_route=\/wp\/v2\/posts\/1122\/revisions"}],"wp:attachment":[{"href":"https:\/\/www.mszporoszlany.hu\/index.php?rest_route=%2Fwp%2Fv2%2Fmedia&parent=1122"}],"wp:term":[{"taxonomy":"category","embeddable":true,"href":"https:\/\/www.mszporoszlany.hu\/index.php?rest_route=%2Fwp%2Fv2%2Fcategories&post=1122"},{"taxonomy":"post_tag","embeddable":true,"href":"https:\/\/www.mszporoszlany.hu\/index.php?rest_route=%2Fwp%2Fv2%2Ftags&post=1122"}],"curies":[{"name":"wp","href":"https:\/\/api.w.org\/{rel}","templated":true}]}}