{"id":1129,"date":"2012-07-31T12:18:36","date_gmt":"2012-07-31T11:18:36","guid":{"rendered":"http:\/\/www.mszporoszlany.hu\/?p=1129"},"modified":"2012-07-31T12:18:36","modified_gmt":"2012-07-31T11:18:36","slug":"megis-politikai-boszorkanyuldozes-folyik","status":"publish","type":"post","link":"https:\/\/www.mszporoszlany.hu\/?p=1129","title":{"rendered":"M\u00e9gis politikai boszork\u00e1ny\u00fcld\u00f6z\u00e9s folyik!"},"content":{"rendered":"<p><img loading=\"lazy\" decoding=\"async\" class=\"alignleft size-full wp-image-1130\" title=\"boszorkany\" src=\"https:\/\/www.mszporoszlany.hu\/wp-content\/uploads\/2012\/07\/boszorkany.jpg\" alt=\"\" width=\"200\" height=\"150\" srcset=\"https:\/\/www.mszporoszlany.hu\/wp-content\/uploads\/2012\/07\/boszorkany.jpg 200w, https:\/\/www.mszporoszlany.hu\/wp-content\/uploads\/2012\/07\/boszorkany-160x120.jpg 160w\" sizes=\"auto, (max-width: 200px) 100vw, 200px\" \/>A v\u00e1ros honlapj\u00e1n megjelent egy cikk &#8222;Politikai visszav\u00e1g\u00e1s?&#8221; c\u00edmmel, ami a helyi szocialist\u00e1kr\u00f3l sz\u00f3l, nevezetesen arr\u00f3l, hogy a polg\u00e1rmester aut\u00f3j\u00e1nak menetleveleit vizsg\u00e1lt\u00e1k meg. Egy m\u00e1sik \u00edr\u00e1somban m\u00e1r foglalkoztam a polg\u00e1rmester \u00far, nevezz\u00fck \u00edgy, nyilatkozat\u00e1val, most a v\u00e1ros honlapj\u00e1n megjelent cikkhez szeretn\u00e9k hozz\u00e1sz\u00f3lni!<\/p>\n<p><!--more--><\/p>\n<p>A cikkben le\u00edrt\u00e1k, hogy Rajnai G\u00e1bor kijelentette: nem politikai visszav\u00e1g\u00e1sk\u00e9nt teszik, amit tesznek, de erre r\u00e1kontr\u00e1ztak Tak\u00e1cs K\u00e1roly \u00edr\u00e1s\u00e1val, ahol \u0151 meg van gy\u0151z\u0151dve arr\u00f3l, hogy ezt az\u00e9rt teszik, mert vissza akarnak v\u00e1gni. \u0150 kijelentette, teh\u00e1t \u00edgy van! M\u00e1s v\u00e9lem\u00e9nynek nincs helye! A cikkben a polg\u00e1rmester \u00far \u00edr\u00e1s\u00e1b\u00f3l szerepel egy id\u00e9zet, ami elvi hib\u00e1s! A nyomoz\u00e1st ugyanis \u00fcgy\u00e9szs\u00e9gi fel\u00fcgyelet mellett folytatt\u00e1k le, de ez legyen r\u00e9szletk\u00e9rd\u00e9s. Megszoktuk m\u00e1r ezt a szakmai sz\u00ednvonalat a v\u00e1ros k\u00f6zp\u00e9nzb\u0151l fizetett sajt\u00f3s\u00e1t\u00f3l, Tak\u00e1cs \u00fart\u00f3l pedig pl\u00e1ne!<\/p>\n<p>A cikkben gazdagodunk egy \u00fajabb \u00edg\u00e9rettel is. Tak\u00e1cs \u00far meg\u00edg\u00e9ri, hogy \u0151 nem fogja az elm\u00falt nyolc \u00e9v menetleveleit olvasgatni. \u0150 biztos nem, neki van erre k\u00f6zp\u00e9nzb\u0151l fizetett embere, m\u00e1sr\u00e9szt a lej\u00e1rat\u00e1s mestere nem foglalkozik holmi menetlevelekkel. \u0150 milli\u00f3k\u00e9rt k\u00e9r egy tanulm\u00e1nyt, azt\u00e1n elkezd r\u00e1galmazni a tan\u00e1cseln\u00f6k helyettessel. Tudj\u00e1k \u0151k, hogy mit\u0151l emelkedik a Fideszes vezet\u0151k pulzusa!<\/p>\n<p>Fel szeretn\u00e9m h\u00edvni a figyelmet egy \u00fajabb elvi hib\u00e1ra. A jelenlegi v\u00e1rosvezet\u00e9s nem a volt szocialista vezet\u00e9s gazd\u00e1lkod\u00e1s\u00e1t vizsg\u00e1lta, hanem az elm\u00falt 12 \u00e9v gazd\u00e1lkod\u00e1s\u00e1t! Ezt igaz\u00e1n tudhatta volna a sajt\u00f3s, hiszen a polg\u00e1rmester \u00far is t\u00f6bbsz\u00f6r felh\u00edvta erre a figyelmet, \u00e9s ezzel igazolt\u00e1k, hogy nem politikai boszork\u00e1ny\u00fcld\u00f6z\u00e9s folyik. Vagy akkor m\u00e9gis az folyik? J\u00f3 lenne eld\u00f6nteni, de a szakmai felk\u00e9sz\u00fcletlens\u00e9get \u00e9s pontatlans\u00e1got ism\u00e9t n\u00e9zz\u00fck el a v\u00e1ltozatlanul k\u00f6zp\u00e9nzb\u0151l fizetett &#8222;sajt\u00f3snak&#8221;. Ahogy a megye egyik szakmailag legelismertebb \u00fajs\u00e1g\u00edr\u00f3ja a k\u00f6zelm\u00faltban fogalmazott: &#8222;<em>Kedvesk\u00e9im! \u00c9n tegnap szem\u00e9lyesen is tal\u00e1lkoztam az \u00faj oroszl\u00e1nyi sajt\u00f3ssal. Ez a h\u00f6lgy nem rosszindulat\u00fa, \u00e9s nem buta. Egyszer\u0171en ennyire futja!<\/em>&#8221;<\/p>\n<p>\u00dcgyesen, persze csak a kiegyens\u00falyozott lakoss\u00e1gi t\u00e1j\u00e9koztat\u00e1s \u00e9rdek\u00e9ben, utal a Gyurcs\u00e1ny \u00e9s Kapolyi \u00fcgyekre (a h\u00fasz sokmilli\u00e1rdos \u2013 akkor most h\u00fasz vagy sok? a szerk.), hogy azokban az esetekben is megsz\u00fcntett\u00e9k a nyomoz\u00e1st. Nem tudom, mi a c\u00e9lja a cikk \u00edr\u00f3j\u00e1nak? Kit akar befoly\u00e1solni, \u00e9s persze merre? Gyurcs\u00e1ny meg\u00f6tsz\u00f6r\u00f6zte az orsz\u00e1g eszk\u00f6z\u00e1llom\u00e1ny\u00e1t? Kapolyi \u00f3vod\u00e1t \u00e9s iskol\u00e1t \u00faj\u00edtott fel? Gyurcs\u00e1ny fel\u00faj\u00edtotta a f\u0151utc\u00e1t? Nem \u00e9rzem a p\u00e1rhuzamot! Ezt piti\u00e1ner politikai hangulatkelt\u00e9snek l\u00e1tom, \u00e9s m\u00e9g s\u00e1nt\u00edt is a hasonlat! A szerz\u0151 j\u00f3l kihaszn\u00e1lja a r\u00e1galomgy\u00e1rat, \u00e9s ezzel igazolja gyakorlatilag a t\u00e9nyt, hogy ha a Fidesz valakire azt mondja b\u0171n\u00f6s, akkor \u0151 az! Nem sz\u00e1m\u00edt az \u00fcgy\u00e9szs\u00e9g \u00e1ll\u00e1spontja, a b\u00edr\u00f3s\u00e1g sem \u00e9rt hozz\u00e1, ha \u0151k b\u0171n\u00f6st ki\u00e1ltottak, akkor ott b\u0171n van \u00e9s k\u00e9sz! Ez a fideszes hozz\u00e1\u00e1ll\u00e1s! Budai Gyul\u00e1s hasonlatokkal t\u00f6bbre ment volna a cikk \u00edr\u00f3ja, mert \u0151 is folyamatosan lyukra futott!<\/p>\n<p>Az viszont megnyugtat\u00f3, hogy helyes\u00edr\u00e1si hib\u00e1k nincsenek a sz\u00f6vegben, viszont er\u0151s el\u00edr\u00e1sok vannak benne, amit szerintem egy mag\u00e1ra b\u00e1rmit ad\u00f3 sajt\u00f3s nem engedne meg mag\u00e1nak, de \u00fagy n\u00e9z ki, hogy Oroszl\u00e1ny v\u00e1rosvezet\u00e9s\u00e9nek belef\u00e9r!<\/p>\n","protected":false},"excerpt":{"rendered":"<p>A v\u00e1ros honlapj\u00e1n megjelent egy cikk \u201ePolitikai visszav\u00e1g\u00e1s?\u201d c\u00edmmel, ami a helyi szocialist\u00e1kr\u00f3l sz\u00f3l, nevezetesen arr\u00f3l, hogy a polg\u00e1rmester aut\u00f3j\u00e1nak menetleveleit vizsg\u00e1lt\u00e1k meg. Egy m\u00e1sik \u00edr\u00e1somban m\u00e1r foglalkoztam a polg\u00e1rmester \u00far, nevezz\u00fck \u00edgy, nyilatkozat\u00e1val, most a v\u00e1ros honlapj\u00e1n megjelent cikkhez szeretn\u00e9k hozz\u00e1sz\u00f3lni! <a href=\"https:\/\/www.mszporoszlany.hu\/?p=1129\">Egy kattint\u00e1s ide a folytat\u00e1shoz&#8230;. <span class=\"meta-nav\">&rarr;<\/span><\/a><\/p>\n","protected":false},"author":35,"featured_media":0,"comment_status":"open","ping_status":"closed","sticky":false,"template":"","format":"standard","meta":{"footnotes":""},"categories":[194],"tags":[340,503,566,567,554,565,568,9,74],"class_list":["post-1129","post","type-post","status-publish","format-standard","hentry","category-oroszlany","tag-birosag","tag-budai-gyula","tag-gyurcsany-ferenc","tag-kapolyi-laszlo","tag-menetlevel","tag-polgarmester-autoja","tag-ragalomgyar","tag-takacs-karoly","tag-ugyeszseg"],"_links":{"self":[{"href":"https:\/\/www.mszporoszlany.hu\/index.php?rest_route=\/wp\/v2\/posts\/1129","targetHints":{"allow":["GET"]}}],"collection":[{"href":"https:\/\/www.mszporoszlany.hu\/index.php?rest_route=\/wp\/v2\/posts"}],"about":[{"href":"https:\/\/www.mszporoszlany.hu\/index.php?rest_route=\/wp\/v2\/types\/post"}],"author":[{"embeddable":true,"href":"https:\/\/www.mszporoszlany.hu\/index.php?rest_route=\/wp\/v2\/users\/35"}],"replies":[{"embeddable":true,"href":"https:\/\/www.mszporoszlany.hu\/index.php?rest_route=%2Fwp%2Fv2%2Fcomments&post=1129"}],"version-history":[{"count":0,"href":"https:\/\/www.mszporoszlany.hu\/index.php?rest_route=\/wp\/v2\/posts\/1129\/revisions"}],"wp:attachment":[{"href":"https:\/\/www.mszporoszlany.hu\/index.php?rest_route=%2Fwp%2Fv2%2Fmedia&parent=1129"}],"wp:term":[{"taxonomy":"category","embeddable":true,"href":"https:\/\/www.mszporoszlany.hu\/index.php?rest_route=%2Fwp%2Fv2%2Fcategories&post=1129"},{"taxonomy":"post_tag","embeddable":true,"href":"https:\/\/www.mszporoszlany.hu\/index.php?rest_route=%2Fwp%2Fv2%2Ftags&post=1129"}],"curies":[{"name":"wp","href":"https:\/\/api.w.org\/{rel}","templated":true}]}}