{"id":114,"date":"2011-06-07T10:47:29","date_gmt":"2011-06-07T09:47:29","guid":{"rendered":"http:\/\/www.mszporoszlany.hu\/?p=114"},"modified":"2012-07-11T22:34:15","modified_gmt":"2012-07-11T21:34:15","slug":"vege-a-banyasz-klubnak","status":"publish","type":"post","link":"https:\/\/www.mszporoszlany.hu\/?p=114","title":{"rendered":"V\u00e9ge a B\u00e1ny\u00e1sz Klubnak"},"content":{"rendered":"<p><img loading=\"lazy\" decoding=\"async\" class=\"alignleft size-full wp-image-120\" title=\"banyaszklub\" src=\"https:\/\/www.mszporoszlany.hu\/wp-content\/uploads\/2012\/03\/banyaszklub.jpg\" alt=\"\" width=\"200\" height=\"120\" \/>Mint az k\u00f6zismert, az oroszl\u00e1nyi B\u00e1ny\u00e1sz Klub v\u00e9gleges bez\u00e1r\u00e1sa mellett d\u00f6nt\u00f6ttek a m\u0171k\u00f6dtet\u0151 alap\u00edtv\u00e1ny kurat\u00f3riumi \u00fcl\u00e9s\u00e9n. \u00cdgy megsz\u0171nt egy, a v\u00e1ros b\u00e1ny\u00e1szhagyom\u00e1nyait \u00e1pol\u00f3 kultur\u00e1lis b\u00e1zis. A d\u00f6nt\u00e9st kimond\u00f3 \u00fcl\u00e9sen a kurat\u00f3riumi tagok megsz\u00fcntett\u00e9k az alap\u00edtv\u00e1ny \u00fcgyvezet\u0151j\u00e9nek, Moln\u00e1r Ferencnek a munkaviszony\u00e1t, aki negyedsz\u00e1zadon kereszt\u00fcl igazgatta az int\u00e9zm\u00e9nyt, \u00e9s megb\u00edzt\u00e1k \u0151t a bev\u00e9telt hoz\u00f3 rendezv\u00e9nyek felsz\u00e1mol\u00e1s\u00e1val, az elmaradt munkab\u00e9rek, j\u00e1rul\u00e9kok, k\u00f6z\u00fczemi sz\u00e1ml\u00e1k t\u00f6rleszt\u00e9s\u00e9vel.<\/p>\n<p><!--more--><\/p>\n<p><strong>Visszatekint\u0151<\/strong><\/p>\n<p>2010. december 15.-\u00e9n, szerd\u00e1n tartotta \u00e9vi utols\u00f3 T\u00e9rs\u00e9gi Civil F\u00f3rum\u00e1t az Oroszl\u00e1ny \u00e9s T\u00e9rs\u00e9ge Civil Szervezeteinek Egyes\u00fclete a M\u0171vel\u0151d\u00e9si K\u00f6zpontban. A k\u00e9pvisel\u0151 test\u00fcletet Papp P\u00e9ter alpolg\u00e1rmester k\u00e9pviselte, aki kiemelte: nagyon fontos a civil szervezetek szerepe a v\u00e1ros \u00e9let\u00e9ben, er\u0151sebb p\u00e1rbesz\u00e9dre fog t\u00f6rekedni az \u00faj test\u00fclet a civilekkel, \u00e9s az Oroszl\u00e1nyi Telev\u00edzi\u00f3t is erre k\u00e9rt\u00e9k. Elekes L\u00e1szl\u00f3n\u00e9 felvetette, hogy a V\u00e9rt t\u00e1mogat\u00e1s\u00e1nak megsz\u0171n\u00e9se miatt neh\u00e9z helyzetbe ker\u00fclt B\u00e1ny\u00e1sz Klubot az \u00f6nkorm\u00e1nyzatnak mindenk\u00e9ppen t\u00e1mogatnia kellene, ebben t\u00f6bben egyet\u00e9rtettek.<\/p>\n<p>&#8222;Mi lesz veled B\u00e1ny\u00e1sz Klub? Gazdacsere? Helycsere? K\u00e9rd\u00e9sek \u00e9s v\u00e1laszok.&#8221; Ezt a c\u00edmet kapta a Civil F\u00f3rum idei els\u0151 \u00fcl\u00e9se 2011-ben, melyen a civil szervezetek k\u00e9pvisel\u0151i sz\u00e9p sz\u00e1mmal megjelentek, amely azt bizony\u00edtotta, a B\u00e1ny\u00e1sz Klub sorsa \u00e9rdekli a civileket. A janu\u00e1r 26-\u00e1n tartott f\u00f3rum megh\u00edvott vend\u00e9ge Moln\u00e1r Ferenc B\u00e9la, a B\u00e1ny\u00e1sz Klub \u00fcgyvezet\u0151je volt, aki alapos, r\u00e9szletes prezent\u00e1ci\u00f3ban mutatta be a klub m\u0171k\u00f6d\u00e9s\u00e9t a kezdetekt\u0151l m\u00e1ig, mes\u00e9lt a klubban tev\u00e9kenyked\u0151 \u00f6sszes csoportr\u00f3l. Az el\u0151ad\u00e1s ut\u00e1n k\u00e9t k\u00e9pvisel\u0151 is sz\u00f3t k\u00e9rt. Veilandics B\u00e9la (KDNP) azt hangs\u00falyozta, a k\u00e9pvisel\u0151-test\u00fcletben teljes egyet\u00e9rt\u00e9s van arr\u00f3l, hogy a B\u00e1ny\u00e1sz Klub helyzet\u00e9t megnyugtat\u00f3an rendezni kell. A sz\u00e1nd\u00e9k egy\u00e9rtelm\u0171, de a v\u00e1ros k\u00f6lts\u00e9gvet\u00e9se rendk\u00edv\u00fcl &#8222;fesz\u00edtett&#8221;, ez\u00e9rt a d\u00f6nt\u00e9shoz\u00f3k neh\u00e9z helyzetben vannak. Torma Lajos hozz\u00e1sz\u00f3l\u00e1s\u00e1ban csatlakozott Veilandics \u00farhoz, hozz\u00e1t\u00e9ve: sokt\u00e9nyez\u0151s probl\u00e9m\u00e1t kell orvosolniuk, hiszen a V\u00e9rt helyzet\u00e9nek normaliz\u00e1l\u00e1s\u00e1val is csak r\u00f6vidt\u00e1von old\u00f3dna meg a B\u00e1ny\u00e1sz Klub anyagi helyzete, ez\u00e9rt a hossz\u00fa t\u00e1v\u00fa m\u0171k\u00f6dtet\u00e9s felt\u00e9teleit ki kell dolgozni, meg kell teremteni.<\/p>\n<p>Tak\u00e1cs K\u00e1roly polg\u00e1rmester 2011 febru\u00e1rj\u00e1ban, a k\u00e9pvisel\u0151-test\u00fclet k\u00f6lts\u00e9gvet\u00e9si vit\u00e1j\u00e1ban kijelentette: a neh\u00e9z helyzetbe ker\u00fclt B\u00e1ny\u00e1sz Klub rehabilit\u00e1l\u00e1s\u00e1t\u00f3l nem z\u00e1rk\u00f3zik el az \u00f6nkorm\u00e1nyzat (igaz, a k\u00f6lts\u00e9gvet\u00e9sben erre a c\u00e9lra egyetlen fill\u00e9rt sem k\u00fcl\u00f6n\u00edtettek el).<\/p>\n<p>Itt tartunk most: \u00fajabb \u00fcresen t\u00e1tong\u00f3, z\u00e1rt \u00e9p\u00fclettel b\u00fcszk\u00e9lkedhet v\u00e1rosunk.<\/p>\n","protected":false},"excerpt":{"rendered":"<p>Mint az k\u00f6zismert, az oroszl\u00e1nyi B\u00e1ny\u00e1sz Klub v\u00e9gleges bez\u00e1r\u00e1sa mellett d\u00f6nt\u00f6ttek a m\u0171k\u00f6dtet\u0151 alap\u00edtv\u00e1ny kurat\u00f3riumi \u00fcl\u00e9s\u00e9n. \u00cdgy megsz\u0171nt egy, a v\u00e1ros b\u00e1ny\u00e1szhagyom\u00e1nyait \u00e1pol\u00f3 kultur\u00e1lis b\u00e1zis. A d\u00f6nt\u00e9st kimond\u00f3 \u00fcl\u00e9sen a kurat\u00f3riumi tagok megsz\u00fcntett\u00e9k az alap\u00edtv\u00e1ny \u00fcgyvezet\u0151j\u00e9nek, Moln\u00e1r Ferencnek a munkaviszony\u00e1t, &hellip; <a href=\"https:\/\/www.mszporoszlany.hu\/?p=114\">Egy kattint\u00e1s ide a folytat\u00e1shoz&#8230;. <span class=\"meta-nav\">&rarr;<\/span><\/a><\/p>\n","protected":false},"author":35,"featured_media":0,"comment_status":"open","ping_status":"closed","sticky":false,"template":"","format":"standard","meta":{"footnotes":""},"categories":[194],"tags":[46,88,55,85,87,86,56,9,89],"class_list":["post-114","post","type-post","status-publish","format-standard","hentry","category-oroszlany","tag-banyasz-klub","tag-beton","tag-hagyomany","tag-molnar","tag-muvelodesi-kozpont","tag-otsze","tag-papp-peter","tag-takacs-karoly","tag-vert"],"_links":{"self":[{"href":"https:\/\/www.mszporoszlany.hu\/index.php?rest_route=\/wp\/v2\/posts\/114","targetHints":{"allow":["GET"]}}],"collection":[{"href":"https:\/\/www.mszporoszlany.hu\/index.php?rest_route=\/wp\/v2\/posts"}],"about":[{"href":"https:\/\/www.mszporoszlany.hu\/index.php?rest_route=\/wp\/v2\/types\/post"}],"author":[{"embeddable":true,"href":"https:\/\/www.mszporoszlany.hu\/index.php?rest_route=\/wp\/v2\/users\/35"}],"replies":[{"embeddable":true,"href":"https:\/\/www.mszporoszlany.hu\/index.php?rest_route=%2Fwp%2Fv2%2Fcomments&post=114"}],"version-history":[{"count":0,"href":"https:\/\/www.mszporoszlany.hu\/index.php?rest_route=\/wp\/v2\/posts\/114\/revisions"}],"wp:attachment":[{"href":"https:\/\/www.mszporoszlany.hu\/index.php?rest_route=%2Fwp%2Fv2%2Fmedia&parent=114"}],"wp:term":[{"taxonomy":"category","embeddable":true,"href":"https:\/\/www.mszporoszlany.hu\/index.php?rest_route=%2Fwp%2Fv2%2Fcategories&post=114"},{"taxonomy":"post_tag","embeddable":true,"href":"https:\/\/www.mszporoszlany.hu\/index.php?rest_route=%2Fwp%2Fv2%2Ftags&post=114"}],"curies":[{"name":"wp","href":"https:\/\/api.w.org\/{rel}","templated":true}]}}