{"id":1248,"date":"2012-08-03T11:10:34","date_gmt":"2012-08-03T10:10:34","guid":{"rendered":"http:\/\/www.mszporoszlany.hu\/?p=1248"},"modified":"2012-08-09T11:38:09","modified_gmt":"2012-08-09T10:38:09","slug":"lassuk-a-tenyeket","status":"publish","type":"post","link":"https:\/\/www.mszporoszlany.hu\/?p=1248","title":{"rendered":"L\u00e1ssuk a t\u00e9nyeket"},"content":{"rendered":"<p><img loading=\"lazy\" decoding=\"async\" class=\"alignleft size-full wp-image-1249\" title=\"lassukatenyeket\" src=\"https:\/\/www.mszporoszlany.hu\/wp-content\/uploads\/2012\/08\/lassukatenyeket.jpg\" alt=\"\" width=\"200\" height=\"120\" \/>Az elm\u00falt k\u00e9t \u00e9vben a magyar korm\u00e1ny \u00e9s a Fidesz d\u00f6nt\u00e9shoz\u00f3i sz\u00e1mos olyan int\u00e9zked\u00e9st hajtottak v\u00e9gre, amelyr\u0151l a 2010-es v\u00e1laszt\u00e1si kamp\u00e1nyokban nem volt sz\u00f3. E mellett a f\u00fcggetlen t\u00e1j\u00e9koztat\u00e1s is megk\u00e9rd\u0151jelez\u0151dik, az \u00f6ncenz\u00fara napi gyakorlatt\u00e1 v\u00e1lt a hazai sajt\u00f3ban, megnehez\u00edtve az objekt\u00edv t\u00e1j\u00e9koz\u00f3d\u00e1st. A Magyar Szocialista P\u00e1rt c\u00e9lja, hogy a magyar v\u00e1laszt\u00f3k l\u00e1ss\u00e1k a t\u00e9nyeket, k\u00f6zvetlen\u00fcl t\u00e1j\u00e9koz\u00f3dhassanak az \u00e9let\u00fckben tapasztalt v\u00e1ltoz\u00e1sok okair\u00f3l., h\u00e1tter\u00e9r\u0151l, a d\u00f6nt\u00e9shoz\u00f3k viselt felel\u0151ss\u00e9g\u00e9r\u0151l. Ha \u00d6n szeretne k\u00f6zvetlen t\u00e1j\u00e9koztat\u00e1st kapni t\u0151l\u00fcnk mindenr\u0151l, ha szeretn\u00e9 megbesz\u00e9lni a mai korm\u00e1ny akci\u00f3inak k\u00f6vetkezm\u00e9nyeit, adja meg el\u00e9rhet\u0151s\u00e9geit, hogy megkereshess\u00fck!<\/p>\n<p><!--more--><\/p>\n<hr \/>\n<div id=\"forms\">\n<form action=\"https:\/\/www.mszporoszlany.hu\/cgi-bin\/cgiemail\/visszajelzes.txt\" method=\"post\">\n<input type=\"hidden\" name=\"success\" value=\"\/?page_id=1134\" \/><br \/>\n<span class=\"cim\">N\u00e9v:<\/span><span class=\"adat\"><input type=\"text\" name=\"nev\" size=\"50\" \/><\/span><br \/>\n<span class=\"cim\">Telefonsz\u00e1m:<\/span><span class=\"adat\"><input type=\"text\" name=\"telefon\" size=\"30\" \/><\/span><br \/>\n<span class=\"cim\">E-mail:<\/span><span class=\"adat\"><input type=\"text\" name=\"email\" size=\"50\" \/><\/span><br \/>\n<span class=\"cim\">Lakc\u00edm:<\/span><span class=\"adat\"><input type=\"text\" name=\"address\" size=\"50\" \/><\/span><br \/>\n<span class=\"cim\">&nbsp;<\/span><span class=\"adat\"><input style=\"margin-top: 20px;\" type=\"submit\" value=\" K\u00fcld\u00e9s \" \/>&nbsp;<input type=\"reset\" value=\" T\u00f6rl\u00e9s \" \/><\/span><br \/>\n<input type=\"hidden\" name=\"type\" value=\"M\u00e9gis, mi lett ebb\u0151l?\" \/><br \/>\n<\/form>\n<\/div>\n<hr \/>\n<h6>Az adatkezel\u00e9s nyilv\u00e1ntart\u00e1si sz\u00e1ma: <strong>40170<\/strong><\/h6>\n<h6>Nyilatkozat: Az adatlap kit\u00f6lt\u00e9s\u00e9vel hozz\u00e1j\u00e1rulok ahhoz, hogy az \u0171rlapon megadott szem\u00e9lyes adataimat az inform\u00e1ci\u00f3s \u00f6nrendelkez\u00e9si jogr\u00f3l \u00e9s az inform\u00e1ci\u00f3szabads\u00e1gr\u00f3l sz\u00f3l\u00f3 2011. \u00e9vi CXII. t\u00f6rv\u00e9ny \u00e9s az adatv\u00e9delemhez kapcsol\u00f3d\u00f3 egy\u00e9b jogszab\u00e1lyok rendelkez\u00e9seinek betart\u00e1s\u00e1val a Magyar Szocialista P\u00e1rt (1066 Budapest, J\u00f3kai utca 6.) kezelje, azok r\u00e9v\u00e9n velem kapcsolatot tartson. Adataimat b\u00e1rmikor m\u00f3dos\u00edthatom, t\u00f6r\u00f6ltethetem az <strong>adatv\u00e9delem@mszp.hu<\/strong> e-mail c\u00edmen, a fenti postai c\u00edmen, vagy a <strong>06-40-334-455<\/strong> telefonsz\u00e1mon.<\/h6>\n","protected":false},"excerpt":{"rendered":"<p>Az elm\u00falt k\u00e9t \u00e9vben a magyar korm\u00e1ny \u00e9s a Fidesz d\u00f6nt\u00e9shoz\u00f3i sz\u00e1mos olyan int\u00e9zked\u00e9st hajtottak v\u00e9gre, amelyr\u0151l a 2010-es v\u00e1laszt\u00e1si kamp\u00e1nyokban nem volt sz\u00f3. E mellett a f\u00fcggetlen t\u00e1j\u00e9koztat\u00e1s is megk\u00e9rd\u0151jelez\u0151dik, az \u00f6ncenz\u00fara napi gyakorlatt\u00e1 v\u00e1lt a hazai sajt\u00f3ban, megnehez\u00edtve az objekt\u00edv t\u00e1j\u00e9koz\u00f3d\u00e1st. A Magyar Szocialista P\u00e1rt c\u00e9lja, hogy a magyar v\u00e1laszt\u00f3k l\u00e1ss\u00e1k a t\u00e9nyeket, k\u00f6zvetlen\u00fcl t\u00e1j\u00e9koz\u00f3dhassanak az \u00e9let\u00fckben tapasztalt v\u00e1ltoz\u00e1sok okair\u00f3l., h\u00e1tter\u00e9r\u0151l, a d\u00f6nt\u00e9shoz\u00f3k viselt felel\u0151ss\u00e9g\u00e9r\u0151l. Ha \u00d6n szeretne k\u00f6zvetlen t\u00e1j\u00e9koztat\u00e1st kapni t\u0151l\u00fcnk mindenr\u0151l, ha szeretn\u00e9 megbesz\u00e9lni a mai korm\u00e1ny akci\u00f3inak k\u00f6vetkezm\u00e9nyeit, adja meg el\u00e9rhet\u0151s\u00e9geit, hogy megkereshess\u00fck! <a href=\"https:\/\/www.mszporoszlany.hu\/?p=1248\">Egy kattint\u00e1s ide a folytat\u00e1shoz&#8230;. <span class=\"meta-nav\">&rarr;<\/span><\/a><\/p>\n","protected":false},"author":35,"featured_media":0,"comment_status":"closed","ping_status":"closed","sticky":false,"template":"","format":"standard","meta":{"footnotes":""},"categories":[58],"tags":[],"class_list":["post-1248","post","type-post","status-publish","format-standard","hentry","category-mszp"],"_links":{"self":[{"href":"https:\/\/www.mszporoszlany.hu\/index.php?rest_route=\/wp\/v2\/posts\/1248","targetHints":{"allow":["GET"]}}],"collection":[{"href":"https:\/\/www.mszporoszlany.hu\/index.php?rest_route=\/wp\/v2\/posts"}],"about":[{"href":"https:\/\/www.mszporoszlany.hu\/index.php?rest_route=\/wp\/v2\/types\/post"}],"author":[{"embeddable":true,"href":"https:\/\/www.mszporoszlany.hu\/index.php?rest_route=\/wp\/v2\/users\/35"}],"replies":[{"embeddable":true,"href":"https:\/\/www.mszporoszlany.hu\/index.php?rest_route=%2Fwp%2Fv2%2Fcomments&post=1248"}],"version-history":[{"count":0,"href":"https:\/\/www.mszporoszlany.hu\/index.php?rest_route=\/wp\/v2\/posts\/1248\/revisions"}],"wp:attachment":[{"href":"https:\/\/www.mszporoszlany.hu\/index.php?rest_route=%2Fwp%2Fv2%2Fmedia&parent=1248"}],"wp:term":[{"taxonomy":"category","embeddable":true,"href":"https:\/\/www.mszporoszlany.hu\/index.php?rest_route=%2Fwp%2Fv2%2Fcategories&post=1248"},{"taxonomy":"post_tag","embeddable":true,"href":"https:\/\/www.mszporoszlany.hu\/index.php?rest_route=%2Fwp%2Fv2%2Ftags&post=1248"}],"curies":[{"name":"wp","href":"https:\/\/api.w.org\/{rel}","templated":true}]}}