{"id":1264,"date":"2012-08-09T15:41:59","date_gmt":"2012-08-09T14:41:59","guid":{"rendered":"http:\/\/www.mszporoszlany.hu\/?p=1264"},"modified":"2012-08-09T17:27:34","modified_gmt":"2012-08-09T16:27:34","slug":"mit-is-igertem","status":"publish","type":"post","link":"https:\/\/www.mszporoszlany.hu\/?p=1264","title":{"rendered":"Mit is \u00edg\u00e9rtem?"},"content":{"rendered":"<p><img loading=\"lazy\" decoding=\"async\" class=\"alignleft size-full wp-image-1265\" title=\"Felido\" src=\"https:\/\/www.mszporoszlany.hu\/wp-content\/uploads\/2012\/08\/Felido.jpg\" alt=\"\" width=\"200\" height=\"120\" \/>K\u00e9t h\u00f3nap, \u00e9s f\u00e9lidej\u00e9hez \u00e9rkezik a jobboldali v\u00e1rosvezet\u00e9s \u2013 rem\u00e9lhet\u0151en id\u0151leges \u2013 uralkod\u00e1sa. Az eltelt k\u00e9t \u00e9v r\u00e9szletes elemz\u00e9se m\u00e9g v\u00e1rat mag\u00e1ra, ezt k\u00e9s\u0151bb tessz\u00fck k\u00f6zz\u00e9. Ez alkalomb\u00f3l azonban id\u0151utaz\u00e1st tesz\u00fcnk 2010-be, hogy a kemma.hu-n megjelent fizetett politikai hirdet\u00e9sben megfogalmazottakkal szembes\u00edts\u00fck Tak\u00e1cs K\u00e1rolyt, aki igaz\u00e1n nagy \u00edv\u0171 \u00edg\u00e9rtekben fogalmazta meg ars poetic\u00e1j\u00e1t.<\/p>\n<p><!--more--><\/p>\n<p>\u2013 Sz\u00fcks\u00e9g van a v\u00e1rosi gazd\u00e1lkod\u00e1s \u00e9s az OSZ Zrt. teljes \u00e1tvil\u00e1g\u00edt\u00e1s\u00e1ra, elsz\u00e1moltat\u00e1sra a v\u00e1rosi vagyonnal kapcsolatban \u2013 kezdte. \u2013 Nagyon l\u00e9nyeges az itt \u00e9s a k\u00f6rny\u00e9ken \u00e9l\u0151k sz\u00e1m\u00e1ra, hogy a V\u00e9rt legal\u00e1bb 2014-ig m\u0171k\u00f6dj\u00f6n sz\u00e9nb\u00e1zison. Ebben akt\u00edvan r\u00e9szt v\u00e1llalok, ha megv\u00e1lasztanak. Be kell fagyasztani a helyi ad\u00f3kat, a v\u00e1llalkoz\u00f3i \u00e9p\u00edtm\u00e9nyad\u00f3t pedig lehet\u0151s\u00e9g szerint cs\u00f6kkenteni. A szoci\u00e1lis seg\u00e9lyeket k\u00f6zmunk\u00e1hoz kell k\u00f6tni, a t\u00f6rv\u00e9nyes kereteken bel\u00fcl. Tervezz\u00fck az Oroszl\u00e1ny V\u00e1ros K\u00e1rtya bevezet\u00e9s\u00e9t, amivel az ad\u00f3fizet\u0151k bizonyos szolg\u00e1ltat\u00e1sokat kedvezm\u00e9nyesen vehetnek ig\u00e9nybe.<\/p>\n<p>\u2013 A volt G\u00e1rdonyi-iskol\u00e1t sport- \u00e9s szabadid\u0151centrumm\u00e1 alak\u00edtjuk, a Ny\u00edres- \u00e9s a N\u00e9met-d\u0171l\u0151ben \u00e9l\u0151k \u00e9letfelt\u00e9teleinek jav\u00edtjuk, a strandot fel\u00faj\u00edtjuk, \u00fajra m\u0171k\u00f6dtetj\u00fck \u2013 sorolta a terveket Tak\u00e1cs K\u00e1roly. \u2013 \u00daj, eur\u00f3pai sz\u00ednvonal\u00fa k\u00f6zponti post\u00e1t alak\u00edtunk ki a Magyar Post\u00e1val egy\u00fcttm\u0171k\u00f6dve. Fontos az is, hogy az Ady Mozi ker\u00fclj\u00f6n ism\u00e9t a v\u00e1ros tulajdon\u00e1ba.<br \/>\nA k\u00f6zbiztons\u00e1g jav\u00edt\u00e1sa alapvet\u0151 feladat. Az ipari parki munkalehet\u0151s\u00e9geket n\u00f6velj\u00fck \u00faj c\u00e9gek betelep\u00edt\u00e9s\u00e9vel. Megteremtj\u00fck az okm\u00e1nyiroda \u00fcgyf\u00e9lbar\u00e1t szolg\u00e1ltat\u00e1si felt\u00e9teleit, a V\u00e1rosh\u00e1za \u00faj hely\u00e9nek biztos\u00edt\u00e1s\u00e1val. J\u00e1tsz\u00f3teret \u00e9p\u00edt\u00fcnk a J\u00f3zsef Attila \u00e9s a S\u00e1gv\u00e1ri-iskola udvar\u00e1n.<\/p>\n<p>Az \u00faj korm\u00e1ny c\u00e9lkit\u0171z\u00e9s\u00e9vel \u00f6sszhangban elind\u00edtjuk a v\u00e1rosi energetikai korszer\u0171s\u00edt\u00e9st \u00e9s rehabilit\u00e1ci\u00f3t. Folytatjuk \u00e9s b\u0151v\u00edtj\u00fck a m\u00e9hnyakr\u00e1k elleni v\u00e9d\u0151olt\u00e1si programot a fiatalok k\u00f6r\u00e9ben is. \u00daj k\u00f6nyvt\u00e1rat l\u00e9tes\u00edt\u00fcnk az Arany-iskol\u00e1ban. A r\u00e9gi Vid\u00e1mpark hely\u00e9n Extr\u00e9m J\u00e1tsz\u00f3 Parkot alak\u00edtunk ki.<\/p>\n<p>Hossz\u00fa t\u00e1von elind\u00edtand\u00f3 fejleszt\u00e9sek<\/p>\n<ul>\n<li>Majki rehabilit\u00e1ci\u00f3s program (kast\u00e9ly \u00e9s k\u00e1polna fel\u00faj\u00edt\u00e1sa, b\u00e1ny\u00e1szati m\u00fazeum meg\u00faj\u00edt\u00e1sa).<\/li>\n<li>Az Oroszl\u00e1nyt Cs\u00e1kv\u00e1rral k\u00f6zvetlen\u00fcl \u00f6sszek\u00f6t\u0151 \u00fat meg\u00e9p\u00edt\u00e9se p\u00e1ly\u00e1zatok seg\u00edts\u00e9g\u00e9vel.<\/li>\n<li>Az Oroszl\u00e1ny-M\u00f3r vas\u00fati kapcsolat meg\u00e9p\u00edt\u00e9s\u00e9nek szorgalmaz\u00e1sa, a kor\u00e1bbi tervek aktualiz\u00e1l\u00e1s\u00e1val.<\/li>\n<li>Ha sz\u00fcks\u00e9ges, az oroszl\u00e1nyi t\u00e1vh\u0151szolg\u00e1ltat\u00e1s \u00faj b\u00e1zison t\u00f6rt\u00e9n\u0151 m\u0171k\u00f6dtet\u00e9se (szalma t\u00fczel\u00e9s\u0171 er\u0151m\u0171 a V\u00e9rt Zrt. telephely\u00e9n).<\/li>\n<li>Az Oroszl\u00e1ny-K\u00f6rnye k\u00f6z\u00f6tti \u00fat t\u00f6bb s\u00e1voss\u00e1 alak\u00edt\u00e1sa, egy\u00fcttm\u0171k\u00f6d\u00e9s korm\u00e1nyzati szervekkel, k\u00f6zmunkaprogram hozz\u00e1ad\u00e1s\u00e1val.<\/li>\n<\/ul>\n<p>Hogy mindebb\u0151l mi val\u00f3sult meg, annak \u00e9rt\u00e9kel\u00e9s\u00e9t olvas\u00f3inkra b\u00edzzuk.<\/p>\n<p>Az eredeti riportot <a title=\"Tak\u00e1cs K\u00e1roly politikai h\u00edrdet\u00e9se\" href=\"http:\/\/www.kemma.hu\/helyi-ertek\/valasztas-2010\/atvilagitas-utan-kezdodik-a-munka-br-i-takacs-karoly-jatszoterek-uj-posta-es-adobefagyasztas-i-br-331172\" target=\"_blank\">megtekintheti itt<\/a>!<\/p>\n","protected":false},"excerpt":{"rendered":"<p>K\u00e9t h\u00f3nap, \u00e9s f\u00e9lidej\u00e9hez \u00e9rkezik a jobboldali v\u00e1rosvezet\u00e9s \u2013 rem\u00e9lhet\u0151en id\u0151leges \u2013 uralkod\u00e1sa. Az eltelt k\u00e9t \u00e9v r\u00e9szletes elemz\u00e9se m\u00e9g v\u00e1rat mag\u00e1ra, ezt k\u00e9s\u0151bb tessz\u00fck k\u00f6zz\u00e9. Ez alkalomb\u00f3l azonban id\u0151utaz\u00e1st tesz\u00fcnk 2010-be, hogy a kemma.hu-n megjelent fizetett politikai hirdet\u00e9sben megfogalmazottakkal szembes\u00edts\u00fck Tak\u00e1cs K\u00e1rolyt, aki igaz\u00e1n nagy \u00edv\u0171 \u00edg\u00e9rtekben fogalmazta meg ars poetic\u00e1j\u00e1t. <a href=\"https:\/\/www.mszporoszlany.hu\/?p=1264\">Egy kattint\u00e1s ide a folytat\u00e1shoz&#8230;. <span class=\"meta-nav\">&rarr;<\/span><\/a><\/p>\n","protected":false},"author":35,"featured_media":0,"comment_status":"open","ping_status":"closed","sticky":false,"template":"","format":"standard","meta":{"footnotes":""},"categories":[194],"tags":[577,579,572,575,580,570,569,573,574,581,9,576,578,571,561],"class_list":["post-1264","post","type-post","status-publish","format-standard","hentry","category-oroszlany","tag-energetikai-korszerusites","tag-extrem-jatszo-park","tag-helyi-adok","tag-kozponti-posta","tag-majki-rehabilitacio","tag-oroszlany-varos-kartya","tag-osz-zrt","tag-sport-es-szabadidocentrum","tag-stranfelujitas-es-mukodtetes","tag-szalma-tuzelesu-eromu","tag-takacs-karoly","tag-uj-cegek-betelepitese","tag-uj-konyvtar","tag-vallalkozoi-epitmenyado","tag-ve-zrt"],"_links":{"self":[{"href":"https:\/\/www.mszporoszlany.hu\/index.php?rest_route=\/wp\/v2\/posts\/1264","targetHints":{"allow":["GET"]}}],"collection":[{"href":"https:\/\/www.mszporoszlany.hu\/index.php?rest_route=\/wp\/v2\/posts"}],"about":[{"href":"https:\/\/www.mszporoszlany.hu\/index.php?rest_route=\/wp\/v2\/types\/post"}],"author":[{"embeddable":true,"href":"https:\/\/www.mszporoszlany.hu\/index.php?rest_route=\/wp\/v2\/users\/35"}],"replies":[{"embeddable":true,"href":"https:\/\/www.mszporoszlany.hu\/index.php?rest_route=%2Fwp%2Fv2%2Fcomments&post=1264"}],"version-history":[{"count":0,"href":"https:\/\/www.mszporoszlany.hu\/index.php?rest_route=\/wp\/v2\/posts\/1264\/revisions"}],"wp:attachment":[{"href":"https:\/\/www.mszporoszlany.hu\/index.php?rest_route=%2Fwp%2Fv2%2Fmedia&parent=1264"}],"wp:term":[{"taxonomy":"category","embeddable":true,"href":"https:\/\/www.mszporoszlany.hu\/index.php?rest_route=%2Fwp%2Fv2%2Fcategories&post=1264"},{"taxonomy":"post_tag","embeddable":true,"href":"https:\/\/www.mszporoszlany.hu\/index.php?rest_route=%2Fwp%2Fv2%2Ftags&post=1264"}],"curies":[{"name":"wp","href":"https:\/\/api.w.org\/{rel}","templated":true}]}}