{"id":1267,"date":"2012-08-09T17:02:02","date_gmt":"2012-08-09T16:02:02","guid":{"rendered":"http:\/\/www.mszporoszlany.hu\/?p=1267"},"modified":"2012-08-09T17:36:30","modified_gmt":"2012-08-09T16:36:30","slug":"gurul-a-gyogyszer-iii","status":"publish","type":"post","link":"https:\/\/www.mszporoszlany.hu\/?p=1267","title":{"rendered":"Gurul a gy\u00f3gyszer &#8211; III."},"content":{"rendered":"<p><img loading=\"lazy\" decoding=\"async\" class=\"alignleft size-full wp-image-1268\" title=\"Bringaut\" src=\"https:\/\/www.mszporoszlany.hu\/wp-content\/uploads\/2012\/08\/Bringaut.jpg\" alt=\"\" width=\"200\" height=\"120\" \/>&#8222;<em>Mintegy k\u00e9ttucatnyi ker\u00e9kp\u00e1ros gy\u00fclekezett szombaton d\u00e9lut\u00e1n az oroszl\u00e1nyi B\u00e1ny\u00e1sz Klub el\u0151tt, hogy k\u00f6z\u00f6s kerekez\u00e9ssel h\u00edvj\u00e1k fel a figyelmet a ker\u00e9kp\u00e1r\u00fat fontoss\u00e1g\u00e1ra. A bring\u00e1sok k\u00f6z\u00f6tt ott volt Rajnai G\u00e1bor polg\u00e1rmester is, aki elmondta: a tervek k\u00e9szek, s rem\u00e9nyei szerint hamarosan megt\u00f6rt\u00e9nik az \u00fat kijel\u00f6l\u00e9se is. Mivel el\u00e9g sz\u00e9lesek a v\u00e1ros j\u00e1rd\u00e1i, \u00edgy azokra festik fel a figyelemfelkelt\u0151, megk\u00fcl\u00f6nb\u00f6ztet\u0151 jeleket. Az Oroszl\u00e1nyi Sportegylet t\u00faraszakoszt\u00e1lya \u00e1ltal szervezett program r\u00e9sztvev\u0151i a R\u00e1k\u00f3czi \u00fat &#8211; Tak\u00e1cs Imre \u00fat &#8211; Majki utca &#8211; Majk \u00fatvonalat tekert\u00e9k v\u00e9gig oda-vissza, hogy min\u00e9l hamarabb kihajts\u00e1k a bringautat.<\/em>&#8221; \u2013 olvashat\u00f3 a vil\u00e1gh\u00e1l\u00f3n a k\u00e9t \u00e9vvel ezel\u0151tti, 2010. szeptemberi besz\u00e1mol\u00f3.<\/p>\n<p><!--more--><\/p>\n<p>Azt\u00e1n \u00faj v\u00e1rosvezet\u00e9st v\u00e1lasztott Oroszl\u00e1ny n\u00e9pe, s a ker\u00e9kp\u00e1r\u00fat kivitelez\u00e9s\u00e9t azonnal le\u00e1ll\u00edttatt\u00e1k. Az\u00f3ta eltelt k\u00e9t \u00e9v, \u00e9s igaz\u00e1n j\u00f3 \u00e9rz\u00e9s volt olvasni a besz\u00e1mol\u00f3t arr\u00f3l, hogy a napokban lerakt\u00e1k az alapk\u00f6vet, s\u0151t, egy hatalmas f\u0171zfa \u00e1rny\u00e1ban egy id\u0151kapszul\u00e1t is elhelyeztek: &#8222;<em>A rendezv\u00e9nyen elhangzott Tak\u00e1cs K\u00e1roly polg\u00e1rmesteri \u00fczenete 2037-be. London egyik ker\u00fclet\u00e9hez hasonl\u00f3nak szeretn\u00e9 l\u00e1tni Oroszl\u00e1nyt 2037-ben. Ez a c\u00e9l nem irrealit\u00e1s az \u0151 fej\u00e9ben, el\u00e9r\u00e9s\u00e9hez sz\u00edv\u00f3s v\u00e1rosmenedzsel\u00e9si munk\u00e1ra van sz\u00fcks\u00e9g, amelyre felk\u00e9ri leend\u0151 ut\u00f3dj\u00e1t is. Papp P\u00e9ter alpolg\u00e1rmester r\u00e9szletesen ismertette az alapk\u0151be, vagyis egy hengeres tart\u00e1lyba elhelyezett id\u0151kapszula tartalm\u00e1t, 2012 \u00fczeneteit a j\u00f6v\u0151nek. <\/em><em>Az id\u0151kapszul\u00e1ban elhelyezt\u00e9k a ker\u00e9kp\u00e1r\u00fat tervrajz-dokument\u00e1ci\u00f3j\u00e1t, a polg\u00e1rmesteri \u00fczenetet, digit\u00e1lis fot\u00f3kat, vide\u00f3felv\u00e9telt a jelenlegi R\u00e1k\u00f3czi \u00fatr\u00f3l, prospektust a v\u00e1rosr\u00f3l, a v\u00e1rosi \u00e9s a megyei lap egy p\u00e9ld\u00e1ny\u00e1t.&#8221;<\/em><\/p>\n<p>Hogy ez a londoni agyr\u00e9m hogyan jutott esz\u00e9be telep\u00fcl\u00e9s\u00fcnk els\u0151 ember\u00e9nek, azt fel nem foghatom, mint ahogy azt sem, milyen \u00e9rt\u00e9ket k\u00e9pvisel a v\u00e1rosi \u00fajs\u00e1g, \u00edgy csak abban b\u00edzom, 2037-ben senkinek sem jut esz\u00e9be ki\u00e1sni \u00e9s elolvasni az id\u0151kapszul\u00e1ban elhelyezett magvas gondolatokat \u2013 hogy mi\u00e9rt \u00e9ppen 2037-ben, na azt v\u00e9gk\u00e9pp nem tudjuk meg! Ez esetben legal\u00e1bb nem kell majd sz\u00e9gyenkezn\u00fcnk.<\/p>\n<p>Azt\u00e1n alig, hogy kicsit megnyugszom, \u00fajabb \u00f6tlet kezd megval\u00f3sulni: &#8222;<em>Megkezd\u0151dnek a V\u00e9rtessoml\u00f3t Majkon kereszt\u00fcl Oroszl\u00e1nnyal \u00f6sszek\u00f6t\u0151 \u00fat fejleszt\u00e9si, stabiliz\u00e1l\u00e1si munk\u00e1latai. A beruh\u00e1z\u00e1sr\u00f3l tavasszal d\u00f6nt\u00f6tt a v\u00e1ros, melyet V\u00e9rtessoml\u00f3 \u00f6nkorm\u00e1nyzata is t\u00e1mogatott.<\/em>&#8221; Ez ut\u00f3bbi f\u00e9l mondathoz megjegyezn\u00e9m, hogy Soml\u00f3 olyannyira t\u00e1mogatta az utat, hogy egy fill\u00e9rt sem adott a beruh\u00e1z\u00e1shoz, \u00edgy az \u0151 ter\u00fclet\u00e9re jut\u00f3 mintegy 12 milli\u00f3t is a mi zseb\u00fcnkb\u0151l fizetik ki a terv kigondol\u00f3i.<\/p>\n<div id=\"attachment_1273\" style=\"width: 510px\" class=\"wp-caption aligncenter\"><img loading=\"lazy\" decoding=\"async\" aria-describedby=\"caption-attachment-1273\" class=\"size-full wp-image-1273\" title=\"Utfejlesztes\" src=\"https:\/\/www.mszporoszlany.hu\/wp-content\/uploads\/2012\/08\/Utfejlesztes.jpg\" alt=\"\" width=\"500\" height=\"340\" srcset=\"https:\/\/www.mszporoszlany.hu\/wp-content\/uploads\/2012\/08\/Utfejlesztes.jpg 500w, https:\/\/www.mszporoszlany.hu\/wp-content\/uploads\/2012\/08\/Utfejlesztes-320x217.jpg 320w\" sizes=\"auto, (max-width: 500px) 100vw, 500px\" \/><p id=\"caption-attachment-1273\" class=\"wp-caption-text\">A &#8222;gazd\u00e1k&#8221; gondos szeme \u00fcgyel a r\u00e9szletekre<\/p><\/div>\n<p>Mint a v\u00e1ros weboldal\u00e1n olvasom: &#8222;<em>Czunyin\u00e9 dr. Bertalan Judit k\u00e9pvisel\u0151asszony az \u00fcnneps\u00e9gen kijelentette: \u00f6r\u00f6mteli, hogy v\u00e1rosunknak vannak fejleszt\u00e9si tartal\u00e9kai, hogy k\u00e9pes \u00f6ner\u0151s beruh\u00e1z\u00e1sokra is. A soml\u00f3i \u00fatfejleszt\u00e9s egy komplex turisztikai fejleszt\u00e9s r\u00e9sze, amely megteremti a ker\u00e9kp\u00e1ros turizmus infrastrukt\u00far\u00e1j\u00e1t a v\u00e1rgesztesi v\u00e1rt\u00f3l V\u00e9rtessoml\u00f3n \u00e9s Majkon kereszt\u00fcl, az oroszl\u00e1nyi ker\u00e9kp\u00e1r\u00fat fejleszt\u00e9ssel egy\u00fctt eg\u00e9szen a v\u00e9rtesszentkereszti ap\u00e1ts\u00e1gi romokig.<\/em>&#8221; \u2013 eddig jutva azt\u00e1n elkezdem keresg\u00e9lni a gy\u00f3gyszeremet, meg kutatni, vajon kinek van arra fel\u00e9 telke, birtoka (a k\u00e9rd\u00e9st a kommentel\u0151 gazda88 tette fel a kemma.hu oldalon), \u00e9s eszembe jut az itt megjelent, Gurul a gy\u00f3gyszer \u2013 II. szerz\u0151j\u00e9nek \u00edr\u00e1sa: &#8222;<em>\u00d6sszegezve teh\u00e1t: a jelek szerint Oroszl\u00e1ny k\u00f6lts\u00e9gvet\u00e9s\u00e9ben b\u0151ven elf\u00e9r minden felesleges beruh\u00e1z\u00e1s, mivel ez az a hely, amit a spanyol konkviszt\u00e1dorok nem tal\u00e1ltak meg: Eldor\u00e1d\u00f3! B\u00e1tran b\u00edztatok mindenkit, hogy tal\u00e1ljon ki min\u00e9l nagyobb marhas\u00e1got, mert biztos vev\u0151t tal\u00e1l \u00f6tlete megval\u00f3s\u00edt\u00e1s\u00e1hoz a v\u00e1rosvezet\u00e9sn\u00e9l!<\/em>&#8222;<\/p>\n","protected":false},"excerpt":{"rendered":"<p>\u201eMintegy k\u00e9ttucatnyi ker\u00e9kp\u00e1ros gy\u00fclekezett szombaton d\u00e9lut\u00e1n az oroszl\u00e1nyi B\u00e1ny\u00e1sz Klub el\u0151tt, hogy k\u00f6z\u00f6s kerekez\u00e9ssel h\u00edvj\u00e1k fel a figyelmet a ker\u00e9kp\u00e1r\u00fat fontoss\u00e1g\u00e1ra. A bring\u00e1sok k\u00f6z\u00f6tt ott volt Rajnai G\u00e1bor polg\u00e1rmester is, aki elmondta: a tervek k\u00e9szek, s rem\u00e9nyei szerint hamarosan megt\u00f6rt\u00e9nik az \u00fat kijel\u00f6l\u00e9se is. Mivel el\u00e9g sz\u00e9lesek a v\u00e1ros j\u00e1rd\u00e1i, \u00edgy azokra festik fel a figyelemfelkelt\u0151, megk\u00fcl\u00f6nb\u00f6ztet\u0151 jeleket.<br \/>\nAz Oroszl\u00e1nyi Sportegylet t\u00faraszakoszt\u00e1lya \u00e1ltal szervezett program r\u00e9sztvev\u0151i a R\u00e1k\u00f3czi \u00fat-Tak\u00e1cs Imre \u00fat-Majki utca-Majk \u00fatvonalat tekert\u00e9k v\u00e9gig oda-vissza, hogy min\u00e9l hamarabb kihajts\u00e1k a bringautat.\u201d \u2013 olvashat\u00f3 a vil\u00e1gh\u00e1l\u00f3n a k\u00e9t \u00e9vvel ezel\u0151tti, 2010. szeptemberi besz\u00e1mol\u00f3.<br \/>\n <a href=\"https:\/\/www.mszporoszlany.hu\/?p=1267\">Egy kattint\u00e1s ide a folytat\u00e1shoz&#8230;. <span class=\"meta-nav\">&rarr;<\/span><\/a><\/p>\n","protected":false},"author":35,"featured_media":0,"comment_status":"open","ping_status":"closed","sticky":false,"template":"","format":"standard","meta":{"footnotes":""},"categories":[194],"tags":[584,46,93,583,586,585,582,56,69,9,178,177,587],"class_list":["post-1267","post","type-post","status-publish","format-standard","hentry","category-oroszlany","tag-584","tag-banyasz-klub","tag-czunyine-dr-bertalan-judit","tag-idokapszula","tag-komplex-turisztikai-fejlesztes","tag-majk","tag-oroszlanyi-sportegylet","tag-papp-peter","tag-rajnai-gabor","tag-takacs-karoly","tag-vargesztes","tag-vertessomlo","tag-vertesszentkereszt"],"_links":{"self":[{"href":"https:\/\/www.mszporoszlany.hu\/index.php?rest_route=\/wp\/v2\/posts\/1267","targetHints":{"allow":["GET"]}}],"collection":[{"href":"https:\/\/www.mszporoszlany.hu\/index.php?rest_route=\/wp\/v2\/posts"}],"about":[{"href":"https:\/\/www.mszporoszlany.hu\/index.php?rest_route=\/wp\/v2\/types\/post"}],"author":[{"embeddable":true,"href":"https:\/\/www.mszporoszlany.hu\/index.php?rest_route=\/wp\/v2\/users\/35"}],"replies":[{"embeddable":true,"href":"https:\/\/www.mszporoszlany.hu\/index.php?rest_route=%2Fwp%2Fv2%2Fcomments&post=1267"}],"version-history":[{"count":0,"href":"https:\/\/www.mszporoszlany.hu\/index.php?rest_route=\/wp\/v2\/posts\/1267\/revisions"}],"wp:attachment":[{"href":"https:\/\/www.mszporoszlany.hu\/index.php?rest_route=%2Fwp%2Fv2%2Fmedia&parent=1267"}],"wp:term":[{"taxonomy":"category","embeddable":true,"href":"https:\/\/www.mszporoszlany.hu\/index.php?rest_route=%2Fwp%2Fv2%2Fcategories&post=1267"},{"taxonomy":"post_tag","embeddable":true,"href":"https:\/\/www.mszporoszlany.hu\/index.php?rest_route=%2Fwp%2Fv2%2Ftags&post=1267"}],"curies":[{"name":"wp","href":"https:\/\/api.w.org\/{rel}","templated":true}]}}