{"id":1275,"date":"2012-08-10T13:31:02","date_gmt":"2012-08-10T12:31:02","guid":{"rendered":"http:\/\/www.mszporoszlany.hu\/?p=1275"},"modified":"2012-08-10T13:32:13","modified_gmt":"2012-08-10T12:32:13","slug":"mi-leszavaztuk-masok-megszavaztak","status":"publish","type":"post","link":"https:\/\/www.mszporoszlany.hu\/?p=1275","title":{"rendered":"Mi leszavaztuk, m\u00e1sok megszavazt\u00e1k"},"content":{"rendered":"<p><img loading=\"lazy\" decoding=\"async\" class=\"size-full wp-image-1276 alignleft\" title=\"atv\" src=\"https:\/\/www.mszporoszlany.hu\/wp-content\/uploads\/2012\/08\/atv.jpg\" alt=\"\" width=\"200\" height=\"110\" \/>Nagy Magyar Korm\u00e1nyalak\u00edt\u00e1s c\u00edmmel ind\u00edtott \u00e9rdekes j\u00e1t\u00e9kot az ATV. Ennek keret\u00e9ben ker\u00fclt sor tegnap a honv\u00e9delmi miniszter megv\u00e1laszt\u00e1s\u00e1ra. Az \u00e1lomkorm\u00e1ny voksol\u00e1son a legt\u00f6bb szavazatot Keleti Gy\u00f6rgy kapta. \u0150t k\u00f6vette Juh\u00e1sz Ferenc, majd Szekeres Imre. Hende Csaba jelenlegi miniszter utols\u00f3 el\u0151tti lett, mind\u00f6ssze 7 szavazatot kapott.<\/p>\n<p><!--more--><\/p>\n<p><strong>A v\u00e9geredm\u00e9ny<\/strong><\/p>\n<ul>\n<li>Keleti Gy\u00f6rgy (741 szavazat)<\/li>\n<li>Juh\u00e1sz Ferenc (150 szavazat)<\/li>\n<li>Szekeres Imre (100 szavazat)<\/li>\n<li>F\u00fcr Lajos (12 szavazat)<\/li>\n<li>Hende Csaba (7 szavazat)<\/li>\n<li>Szab\u00f3 J\u00e1nos (2 szavazat)<\/li>\n<\/ul>\n<p>A Nagy Magyar Korm\u00e1nyalak\u00edt\u00e1s h\u00e9tf\u0151n kezd\u0151d\u00f6tt az <a title=\"ATV.HU weboldala\" href=\"http:\/\/atv.hu\/\" target=\"_blank\">atv.hu<\/a> <a title=\"ATV - Facebook oldala\" href=\"http:\/\/www.facebook.com\/magyaratv\" target=\"_blank\">Facebook <\/a>oldal\u00e1n. Els\u0151 k\u00f6rben Oszk\u00f3 P\u00e9tert v\u00e1lasztott\u00e1k p\u00e9nz\u00fcgyminiszternek, majd Kuncze G\u00e1bort bel\u00fcgyminiszternek, kedd d\u00e9lut\u00e1n pedig G\u00f6ncz Kinga nyerte az emberi er\u0151forr\u00e1sok t\u00e1rc\u00e1j\u00e1t. A vid\u00e9kfejleszt\u00e9si miniszter-v\u00e1laszt\u00e1son Gr\u00e1f J\u00f3zsef legy\u0151zhetetlennek bizonyult, szerda d\u00e9lut\u00e1n pedig nagy f\u00f6l\u00e9nnyel a Bajnai-korm\u00e1ny t\u00e1rcavezet\u0151je, Bal\u00e1zs P\u00e9ter nyerte a k\u00fcl\u00fcgyminiszter-v\u00e1laszt\u00e1st. Cs\u00fct\u00f6rt\u00f6k d\u00e9lel\u0151tt az igazs\u00e1g\u00fcgyi t\u00e1rc\u00e1\u00e9rt versenyeztek a kor\u00e1bbi t\u00e1rcavezet\u0151k \u00e9s \u00e1llamtitk\u00e1rok, de B\u00e1r\u00e1ndy P\u00e9tert senki nem tudta megszorongatni.<\/p>\n<p>Az egyes t\u00e1rc\u00e1k \u00e9l\u00e9re a posztot kor\u00e1bban illetve jelenleg bet\u00f6lt\u0151 miniszterek \u00e9s \u00e1llamtitk\u00e1rok k\u00f6z\u00fcl v\u00e1laszthatnak vezet\u0151t az olvas\u00f3k, \u00edgy a szavaz\u00e1s v\u00e9g\u00e9re fel\u00e1ll\u00f3 \u00e1lomkorm\u00e1ny olyan tagokb\u00f3l alakul meg, akik a m\u00faltban m\u00e1r bizony\u00edtott\u00e1k r\u00e1termetts\u00e9g\u00fcket. Egy-egy t\u00e1rca elnyer\u00e9s\u00e9rt legfeljebb t\u00edz jel\u00f6lt indul, tov\u00e1bbi felt\u00e9tel, hogy az aspir\u00e1nsok a rendszerv\u00e1lt\u00e1s ut\u00e1n t\u00f6lt\u00f6tt\u00e9k be az adott poz\u00edci\u00f3t.<\/p>\n<p>A honv\u00e9delmi miniszteri posztot az ebben a j\u00e1t\u00e9kban nagy f\u00f6l\u00e9nnyel elnyer\u0151 Keleti Gy\u00f6rgy \u2013 tal\u00e1n m\u00e9g eml\u00e9keznek r\u00e1 \u2013 az oroszl\u00e1nyi \u00e9s kisb\u00e9ri t\u00e9rs\u00e9g sz\u00e1mtalan fejleszt\u00e9s\u00e9nek el\u0151seg\u00edt\u0151jek\u00e9nt szerzett el\u00e9v\u00fclhetetlen \u00e9rdemeket. Nev\u00e9hez k\u00f6thet\u0151 a V\u00e9rt t\u00f6bbmilli\u00e1rdos megseg\u00edt\u00e9se, az oroszl\u00e1nyi szennyv\u00edztiszt\u00edt\u00f3 t\u00f6bb sz\u00e1zmilli\u00f3s t\u00e1mogat\u00e1sa, a kisb\u00e9ri k\u00f3rh\u00e1z megval\u00f3sul\u00e1sa, hogy csak p\u00e1r kiragadott p\u00e9ld\u00e1t eml\u00edtsek.<\/p>\n<div id=\"attachment_1277\" style=\"width: 540px\" class=\"wp-caption aligncenter\"><img loading=\"lazy\" decoding=\"async\" aria-describedby=\"caption-attachment-1277\" class=\"size-full wp-image-1277\" title=\"KeletiGyorgy\" src=\"https:\/\/www.mszporoszlany.hu\/wp-content\/uploads\/2012\/08\/KeletiGyorgy.jpg\" alt=\"\" width=\"530\" height=\"350\" srcset=\"https:\/\/www.mszporoszlany.hu\/wp-content\/uploads\/2012\/08\/KeletiGyorgy.jpg 530w, https:\/\/www.mszporoszlany.hu\/wp-content\/uploads\/2012\/08\/KeletiGyorgy-320x211.jpg 320w\" sizes=\"auto, (max-width: 530px) 100vw, 530px\" \/><p id=\"caption-attachment-1277\" class=\"wp-caption-text\">Keleti Gy\u00f6rgy az \u00e1lomkorm\u00e1ny honv\u00e9delmi minisztere<\/p><\/div>\n<p>Ja, \u00e9s \u0151 volt az, aki 1992-t\u0151l k\u00e9pviselte az orsz\u00e1ggy\u0171l\u00e9sben a k\u00f6rzetet, s akit 2010-ben a b\u00f6lcs v\u00e1laszt\u00f3k lecser\u00e9ltek Czunyin\u00e9 dr. Bertalan Juditra.<\/p>\n","protected":false},"excerpt":{"rendered":"<p>Nagy Magyar Korm\u00e1nyalak\u00edt\u00e1s c\u00edmmel ind\u00edtott \u00e9rdekes j\u00e1t\u00e9kot az ATV. Ennek keret\u00e9ben ker\u00fclt sor tegnap a honv\u00e9delmi miniszter megv\u00e1laszt\u00e1s\u00e1ra. Az \u00e1lomkorm\u00e1ny voksol\u00e1son a legt\u00f6bb szavazatot Keleti Gy\u00f6rgy kapta. \u0150t k\u00f6vette Juh\u00e1sz Ferenc, majd Szekeres Imre. Hende Csaba jelenlegi miniszter utols\u00f3 el\u0151tti lett, mind\u00f6ssze 7 szavazatot kapott. <a href=\"https:\/\/www.mszporoszlany.hu\/?p=1275\">Egy kattint\u00e1s ide a folytat\u00e1shoz&#8230;. <span class=\"meta-nav\">&rarr;<\/span><\/a><\/p>\n","protected":false},"author":35,"featured_media":0,"comment_status":"open","ping_status":"closed","sticky":false,"template":"","format":"standard","meta":{"footnotes":""},"categories":[196,194],"tags":[432,596,597,93,594,595,591,589,115,593,588,592,590],"class_list":["post-1275","post","type-post","status-publish","format-standard","hentry","category-magyarorszag","category-oroszlany","tag-atv","tag-balazs-peter","tag-barandy-peter","tag-czunyine-dr-bertalan-judit","tag-goncz-kinga","tag-graf-jozsef","tag-hende-csaba","tag-juhasz-ferenc","tag-keleti-gyorgy","tag-kuncze-gabor","tag-nagy-magyar-kormanyalakitas","tag-oszko-peter","tag-szekeres-imre"],"_links":{"self":[{"href":"https:\/\/www.mszporoszlany.hu\/index.php?rest_route=\/wp\/v2\/posts\/1275","targetHints":{"allow":["GET"]}}],"collection":[{"href":"https:\/\/www.mszporoszlany.hu\/index.php?rest_route=\/wp\/v2\/posts"}],"about":[{"href":"https:\/\/www.mszporoszlany.hu\/index.php?rest_route=\/wp\/v2\/types\/post"}],"author":[{"embeddable":true,"href":"https:\/\/www.mszporoszlany.hu\/index.php?rest_route=\/wp\/v2\/users\/35"}],"replies":[{"embeddable":true,"href":"https:\/\/www.mszporoszlany.hu\/index.php?rest_route=%2Fwp%2Fv2%2Fcomments&post=1275"}],"version-history":[{"count":0,"href":"https:\/\/www.mszporoszlany.hu\/index.php?rest_route=\/wp\/v2\/posts\/1275\/revisions"}],"wp:attachment":[{"href":"https:\/\/www.mszporoszlany.hu\/index.php?rest_route=%2Fwp%2Fv2%2Fmedia&parent=1275"}],"wp:term":[{"taxonomy":"category","embeddable":true,"href":"https:\/\/www.mszporoszlany.hu\/index.php?rest_route=%2Fwp%2Fv2%2Fcategories&post=1275"},{"taxonomy":"post_tag","embeddable":true,"href":"https:\/\/www.mszporoszlany.hu\/index.php?rest_route=%2Fwp%2Fv2%2Ftags&post=1275"}],"curies":[{"name":"wp","href":"https:\/\/api.w.org\/{rel}","templated":true}]}}