{"id":1295,"date":"2012-08-16T09:54:39","date_gmt":"2012-08-16T08:54:39","guid":{"rendered":"http:\/\/www.mszporoszlany.hu\/?p=1295"},"modified":"2012-08-29T05:50:02","modified_gmt":"2012-08-29T04:50:02","slug":"evi-54-millio-forint-a-velelem-bere","status":"publish","type":"post","link":"https:\/\/www.mszporoszlany.hu\/?p=1295","title":{"rendered":"\u00c9vi 54 milli\u00f3 forint, a v\u00e9lelem b\u00e9re"},"content":{"rendered":"<p><img loading=\"lazy\" decoding=\"async\" class=\"alignleft size-full wp-image-1296\" title=\"Lufi\" src=\"https:\/\/www.mszporoszlany.hu\/wp-content\/uploads\/2012\/08\/Lufi.png\" alt=\"\" width=\"200\" height=\"120\" \/>Az MSZP Oroszl\u00e1nyi Szervezet\u00e9nek eln\u00f6ks\u00e9ge \u00e1ltal tartott sajt\u00f3t\u00e1j\u00e9koztat\u00f3t T\u00f6r\u00f6k Zsolt, az MSZP orsz\u00e1gos sajt\u00f3sz\u00f3viv\u0151je nyitotta meg, aki besz\u00e9d\u00e9ben arra az orsz\u00e1gos jelens\u00e9gre h\u00edvta fel a figyelmet, amely Budai Gyula volt elsz\u00e1moltat\u00e1si korm\u00e1nybiztos kor\u00e1bbi id\u0151szakban v\u00e9gzett munk\u00e1j\u00e1val kapcsolatos. Az \u00e1ltala gerjesztett folyamatokban az ezern\u00e9l is t\u00f6bb eset t\u00f6bbs\u00e9ge m\u00e9g a gyan\u00fas\u00edt\u00e1sig sem jutott el, \u00e9s az elh\u00faz\u00f3d\u00f3 \u00fcgyek szinte mindegyike megsz\u00fcntet\u00e9ssel \u00e9rt v\u00e9get. Jelenleg is csak p\u00e1r \u00fcgyben zajlik b\u00edr\u00f3s\u00e1gi elj\u00e1r\u00e1s.<\/p>\n<p><!--more--><\/p>\n<p>&#8222;Ismereteink szerint a folyamathoz t\u00f6bb \u00f6nkorm\u00e1nyzat fideszes vezet\u00e9se is csatlakozott \u00e9s sorra gy\u00e1rt\u00f3dtak a feljelent\u00e9sek orsz\u00e1gszerte. Ilyen hely Oroszl\u00e1ny is, ahol a v\u00e1ros vezet\u0151i (Tak\u00e1cs K\u00e1roly polg\u00e1rmester, \u00e9s Papp P\u00e9ter alpolg\u00e1rmester) tettek feljelent\u00e9st a kor\u00e1bbi szocialista v\u00e1rosvezet\u00e9st megv\u00e1dolva nagy vagyoni k\u00e1rt okoz\u00f3 h\u0171tlen kezel\u00e9ssel. Ma m\u00e1r k\u00f6zismert, hogy ez az elj\u00e1r\u00e1s is v\u00e9get \u00e9rt a nyom\u00f3z\u00f3 hat\u00f3s\u00e1g munk\u00e1j\u00e1t k\u00f6vet\u0151en, ugyanis az MTI \u00e1ltal k\u00f6z\u00e9tett inform\u00e1ci\u00f3 szerint nem t\u00f6rt\u00e9nt b\u0171ncselekm\u00e9ny&#8221; &#8211; emelte ki T\u00f6r\u00f6k Zsolt.<\/p>\n<p>Az MSZP helyi eln\u00f6ks\u00e9g\u00e9nek tagjai (Sz\u00e9kely Antal eln\u00f6k, Rajnak G\u00e1bor kor\u00e1bbi polg\u00e1rmester, Laz\u00f3k Zolt\u00e1n \u00e9s S\u00f3lyom J\u00f6ran) a sajt\u00f3t\u00e1j\u00e9koztat\u00f3n t\u00e9telesen ismertett\u00e9k, hogy a politikai haszonszerz\u00e9s \u00e9rdek\u00e9ben megnyilatkoz\u00f3k milyen val\u00f3tlan \u00e1ll\u00edt\u00e1sokkal r\u00e1galmazt\u00e1k meg a kor\u00e1bbi v\u00e1rosvezet\u0151ket, az American Appraisal \u00e1ltal k\u00e9sz\u00edtett 5 milli\u00f3 forintba ker\u00fcl\u0151 vizsg\u00e1lati anyag meg\u00e1llap\u00edt\u00e1saira hivatkozva. Hivatkoz\u00e1sokkal tark\u00edtott esetbemutat\u00e1sokkal vil\u00e1g\u00edtottak r\u00e1, arra a t\u00e9nyre, hogy a vizsg\u00e1lat elv\u00e9gz\u00e9se \u00e9s \u00edgy a vizsg\u00e1lati anyag meg\u00e1llap\u00edt\u00e1sai is s\u00falyos hib\u00e1kkal terheltek, amelynek a j\u00f6v\u0151ben m\u00e9g lesznek jogi k\u00f6vetkezm\u00e9nyei. Meg\u00edt\u00e9l\u00e9s\u00fck szerint azonban a s\u00falyosabb hib\u00e1kat politikai ellenl\u00e1basaik (Czunyin\u00e9 dr. Bertalan Judit orsz\u00e1ggy\u0171l\u00e9si k\u00e9pvisel\u0151, Tak\u00e1cs K\u00e1roly polg\u00e1rmester, Papp P\u00e9ter alpolg\u00e1rmester \u00e9s L\u00e1z\u00e1r M\u00f3zes vez\u00e9rigazgat\u00f3) k\u00f6vett\u00e9k el, akik az elm\u00falt egy \u00e9vben, a telev\u00edzi\u00f3ban \u00e9s a helyi v\u00e1rosi kiadv\u00e1nyokban tettek t\u00f6bb alkalommal is olyan kijelent\u00e9seket a vizsg\u00e1lati anyagra hivatkozva, amelyek nemcsak, hogy meg sem tal\u00e1lhat\u00f3ak a vizsg\u00e1lati anyagban, de r\u00e1ad\u00e1sul a val\u00f3s\u00e1gnak sem felelnek meg. Mindezek alapj\u00e1n megr\u00e1galmazottk\u00e9nt nem tudj\u00e1k m\u00e1sk\u00e9nt \u00e9rtelmezni lej\u00e1rat\u00f3ik b\u0171n\u00f6s tetteit, mint politikai haszonszerz\u00e9si c\u00e9llal folytatott lej\u00e1rat\u00f3 hadj\u00e1ratnak \u00e9s politikai \u00e9rtelemben vett likvid\u00e1l\u00e1snak.<\/p>\n<p>V\u00e9lem\u00e9ny\u00fck szerint a legs\u00falyosabb k\u00e1rt azonban nem ezek, hanem az a t\u00e9ny jelenti, hogy a r\u00e1galmaz\u00f3k hozz\u00e1 nem \u00e9rt\u00e9se, illetve politikai \u00e1mokfut\u00e1sa a v\u00e1laszt\u00f3knak mintegy 54 milli\u00f3 forintj\u00e1ba ker\u00fcl \u00e9vente, amely \u00f6sszegbe csak a lej\u00e1rat\u00f3 hadj\u00e1ratban r\u00e9sztvev\u0151 politikusok brutt\u00f3, azaz j\u00e1rul\u00e9kokkal nem terhelt j\u00e1rand\u00f3s\u00e1gai \u00e9s juttat\u00e1sai vannak belesz\u00e1molva. A rend\u0151rs\u00e9gi vizsg\u00e1latok sor\u00e1n felmer\u00fcl\u0151 k\u00f6lts\u00e9geket m\u00e9g csak megbecs\u00fclni sem tudj\u00e1k. Ez\u00e9rt d\u00f6nt\u00f6ttek \u00fagy, hogy a jelenlegi v\u00e1rosvezet\u00e9s egy\u00e9b ter\u00fcleten elk\u00f6vetett \u00e1mokfut\u00e1sainak hat\u00e1sait is megvizsg\u00e1lj\u00e1k, amely a r\u00e1galmaz\u00f3kban h\u00edrtelen nagy riadalmat keltett. A jelenleg is folyamatban l\u00e9v\u0151, \u00edgy r\u00e9szletes meg\u00e1llap\u00edt\u00e1sokat m\u00e9g nem tartalmaz\u00f3, jelenleg csak a g\u00e9pj\u00e1rm\u0171haszn\u00e1latot \u00e9s a szerz\u0151d\u00e9sk\u00f6t\u00e9seket \u00e9rint\u0151 vizsg\u00e1latuk m\u00e1r az els\u0151 h\u00e9ten is t\u00f6bb \u00e9rdekes eredm\u00e9nyt szolg\u00e1ltatott. A hivatali aut\u00f3 haszn\u00e1lat\u00e1ban \u00e9s \u00fczemanyag felhaszn\u00e1l\u00e1s\u00e1ban m\u00e1r most l\u00e1that\u00f3ak komoly probl\u00e9m\u00e1k, amelyek egyik \u00e9rdekess\u00e9ge, a vizsg\u00e1lt m\u00e1sf\u00e9l \u00e9ves id\u0151szakban az a mintegy 5 milli\u00f3 Ft-os Shell \u00fczemanyagk\u00e1rtya kifizet\u00e9s, amely \u00f6sszeget a jelenlegi polg\u00e1rmester haszn\u00e1lt fel utaz\u00e1saihoz. Ez az \u00f6sszeg havi \u00e1tlagban, a kor\u00e1bbi id\u0151szakban jellemz\u0151 \u00e9rt\u00e9k k\u00f6zel h\u00e1romszorosa.<\/p>\n<div style=\"width: 610px\" class=\"wp-caption aligncenter\"><img loading=\"lazy\" decoding=\"async\" src=\"\/wp-fotos\/mszporoszlany\/20120814-2.jpg\" alt=\"\" width=\"600\" height=\"300\" \/><p class=\"wp-caption-text\">A Fidesz \u00e1ltal k\u00f6zel 500 milli\u00f3 forint nagys\u00e1g\u00fara f\u00fajt luftballonok<\/p><\/div>\n<p>A sajt\u00f3t\u00e1j\u00e9koztat\u00f3t T\u00f6r\u00f6k Zsolt sajt\u00f3sz\u00f3viv\u0151 z\u00e1rta, aki meghirdette a (Re)akci\u00f3 2012. programot, amelynek keret\u00e9ben felk\u00e9rte az orsz\u00e1g azon telep\u00fcl\u00e9seinek volt szocialista vezet\u0151it, akik ellen hasonl\u00f3 r\u00e1galomhadj\u00e1rat indult, hogy jelezz\u00e9k ezeket. &#8222;A program c\u00e9lja, hogy az elszigetelt eseteket \u00f6sszes\u00edtve l\u00e1that\u00f3v\u00e1 v\u00e1ljon az a jelens\u00e9g, amely a jobboldal k\u00e1rt\u00e9kony gyakorlat\u00e1t k\u00e9pes teljess\u00e9g\u00e9ben bemutatni. Az orsz\u00e1gos vezet\u00e9s k\u00e9rni fogja a hasonl\u00f3an megr\u00e1galmazott szervezetek tagjait, hogy jelezz\u00e9k az orsz\u00e1gos vezet\u00e9s fel\u00e9 ezen eseteket, annak \u00e9rdek\u00e9ben, hogy a nyilv\u00e1n jogtalan elj\u00e1r\u00e1sok \u00edgy nagyobb visszhangot kaphassanak az orsz\u00e1gos vezet\u00e9s t\u00e1mogat\u00e1s\u00e1val.&#8221; &#8211; mondta T\u00f6r\u00f6k Zsolt.<\/p>\n<p>El\u00e9rhet\u0151 vide\u00f3anyagok az MSZP Oroszl\u00e1ny <a title=\"\u00c9vi 54 milli\u00f3 forint, a v\u00e9lelem b\u00e9re\" href=\"http:\/\/www.youtube.com\/playlist?list=PL92CB8C3DB5FF834B\" target=\"_blank\">Youtube <\/a>csatorn\u00e1n.<\/p>\n","protected":false},"excerpt":{"rendered":"<p>Az MSZP Oroszl\u00e1nyi Szervezet\u00e9nek eln\u00f6ks\u00e9ge \u00e1ltal tartott sajt\u00f3t\u00e1j\u00e9koztat\u00f3t T\u00f6r\u00f6k Zsolt, az MSZP orsz\u00e1gos sajt\u00f3sz\u00f3viv\u0151je nyitotta meg, aki besz\u00e9d\u00e9ben arra az orsz\u00e1gos jelens\u00e9gre h\u00edvta fel a figyelmet, amely Budai Gyula volt elsz\u00e1moltat\u00e1si korm\u00e1nybiztos kor\u00e1bbi id\u0151szakban v\u00e9gzett munk\u00e1j\u00e1val kapcsolatos. Az \u00e1ltala gerjesztett folyamatokban az ezern\u00e9l is t\u00f6bb eset t\u00f6bbs\u00e9ge m\u00e9g a gyan\u00fas\u00edt\u00e1sig sem jutott el, \u00e9s az elh\u00faz\u00f3d\u00f3 \u00fcgyek szinte mindegyike megsz\u00fcntet\u00e9ssel \u00e9rt v\u00e9get. Jelenleg is csak p\u00e1r \u00fcgyben zajlik b\u00edr\u00f3s\u00e1gi elj\u00e1r\u00e1s. <a href=\"https:\/\/www.mszporoszlany.hu\/?p=1295\">Egy kattint\u00e1s ide a folytat\u00e1shoz&#8230;. <span class=\"meta-nav\">&rarr;<\/span><\/a><\/p>\n","protected":false},"author":35,"featured_media":0,"comment_status":"open","ping_status":"closed","sticky":false,"template":"","format":"standard","meta":{"footnotes":""},"categories":[194],"tags":[601,496,503,93,92,65,336,56,599,600,61,9,598],"class_list":["post-1295","post","type-post","status-publish","format-standard","hentry","category-oroszlany","tag-reakcio-2012","tag-american-appraisal","tag-budai-gyula","tag-czunyine-dr-bertalan-judit","tag-lazar-mozes","tag-lazok-zoltan","tag-mszp-oroszlanyi-szervezete","tag-papp-peter","tag-rajnak-gabor","tag-solyom-joran","tag-szekely-antal","tag-takacs-karoly","tag-torok-zsolt"],"_links":{"self":[{"href":"https:\/\/www.mszporoszlany.hu\/index.php?rest_route=\/wp\/v2\/posts\/1295","targetHints":{"allow":["GET"]}}],"collection":[{"href":"https:\/\/www.mszporoszlany.hu\/index.php?rest_route=\/wp\/v2\/posts"}],"about":[{"href":"https:\/\/www.mszporoszlany.hu\/index.php?rest_route=\/wp\/v2\/types\/post"}],"author":[{"embeddable":true,"href":"https:\/\/www.mszporoszlany.hu\/index.php?rest_route=\/wp\/v2\/users\/35"}],"replies":[{"embeddable":true,"href":"https:\/\/www.mszporoszlany.hu\/index.php?rest_route=%2Fwp%2Fv2%2Fcomments&post=1295"}],"version-history":[{"count":0,"href":"https:\/\/www.mszporoszlany.hu\/index.php?rest_route=\/wp\/v2\/posts\/1295\/revisions"}],"wp:attachment":[{"href":"https:\/\/www.mszporoszlany.hu\/index.php?rest_route=%2Fwp%2Fv2%2Fmedia&parent=1295"}],"wp:term":[{"taxonomy":"category","embeddable":true,"href":"https:\/\/www.mszporoszlany.hu\/index.php?rest_route=%2Fwp%2Fv2%2Fcategories&post=1295"},{"taxonomy":"post_tag","embeddable":true,"href":"https:\/\/www.mszporoszlany.hu\/index.php?rest_route=%2Fwp%2Fv2%2Ftags&post=1295"}],"curies":[{"name":"wp","href":"https:\/\/api.w.org\/{rel}","templated":true}]}}