{"id":1307,"date":"2012-08-17T09:36:36","date_gmt":"2012-08-17T08:36:36","guid":{"rendered":"http:\/\/www.mszporoszlany.hu\/?p=1307"},"modified":"2012-08-17T09:36:58","modified_gmt":"2012-08-17T08:36:58","slug":"a-vilagoskekek-es-sotetkekek-vilaga","status":"publish","type":"post","link":"https:\/\/www.mszporoszlany.hu\/?p=1307","title":{"rendered":"A vil\u00e1gosk\u00e9kek \u00e9s s\u00f6t\u00e9tk\u00e9kek vil\u00e1ga"},"content":{"rendered":"<p><img loading=\"lazy\" decoding=\"async\" class=\"alignleft size-full wp-image-1308\" title=\"blue\" src=\"https:\/\/www.mszporoszlany.hu\/wp-content\/uploads\/2012\/08\/blue.png\" alt=\"\" width=\"200\" height=\"120\" \/>Bizony\u00e1ra mindenki sz\u00e1m\u00e1ra ismert az a vicc, ami az afroamerikai \u00e9s feh\u00e9r emberek jogait \u00e1rnyalja egy iskolabusz p\u00e9ld\u00e1j\u00e1n kereszt\u00fcl. \u00dagy t\u0171nik, hogy hasonl\u00f3 megk\u00fcl\u00f6nb\u00f6ztet\u00e9sben r\u00e9szes\u00fclhetnek a 2014-es v\u00e1laszt\u00e1sokon is haz\u00e1nk le\u00e1nyai \u00e9s fiai. A korm\u00e1ny \u00e1ltal tervezett \u00faj v\u00e1laszt\u00e1si t\u00f6rv\u00e9nyben ugyanis olyan elk\u00e9pzel\u00e9sek szerepelnek amelyek szerint az itthon \u00e9l\u0151 \u00e9s kem\u00e9ny ad\u00f3kat fizet\u0151k csak a s\u00f6t\u00e9tk\u00e9keket megillet\u0151 jogokat kapn\u00e1k meg 2014-ben, m\u00edg az orsz\u00e1ghat\u00e1ron k\u00edv\u00fcl \u00e9l\u0151k a feh\u00e9r emberek szabads\u00e1gjogaival rendelkezve el\u0151jogokat \u00e9lvezhetn\u00e9nek a v\u00e1laszt\u00e1sokon.<\/p>\n<p><!--more--><\/p>\n<p>Amint az a k\u00fcl\u00f6nb\u00f6z\u0151 nyilatkozatokb\u00f3l, kisziv\u00e1rogtat\u00e1sokb\u00f3l \u00e9s szak\u00e9rt\u0151i \u00e1ll\u00e1sfoglal\u00e1sokb\u00f3l kider\u00fcl, a korm\u00e1ny a hazai magyar \u00e1llampolg\u00e1roknak csak egy szem\u00e9lyes regisztr\u00e1ci\u00f3t k\u00f6vet\u0151en adja meg az alapt\u00f6rv\u00e9nyben egy\u00e9bk\u00e9nt mindenki sz\u00e1m\u00e1ra biztos\u00edtott v\u00e1laszt\u00f3jogot. Vagyis h\u00fas-v\u00e9r m\u00f3don kellene bizony\u00edtanom, hogy l\u00e9tezem! M\u00edg a k\u00fclf\u00f6ld\u00f6n \u00e9l\u0151k \u00e9s tart\u00f3zkod\u00f3k ak\u00e1r lev\u00e9lben, vagy az \u00fcgyf\u00e9lkapunk kereszt\u00fcl is szavazhatnak. Ez azt\u00e1n a jogegyenl\u0151s\u00e9g! De tal\u00e1n ezt m\u00e1r mindannyian megszokhattuk az elm\u00falt k\u00e9t \u00e9vben.<\/p>\n<p>A leg\u00e9rdekesebb a dologban, hogy a 2001. \u00e9vben sz\u00fcletett elektronikus al\u00e1\u00edr\u00e1sr\u00f3l sz\u00f3l\u00f3 t\u00f6rv\u00e9ny alapj\u00e1n m\u0171k\u00f6d\u0151 \u00fcgyf\u00e9lkapu rendszere m\u00e1r t\u00f6bb olyan szolg\u00e1ltat\u00e1st is tartalmaz, amely alapj\u00e1n b\u00e1rmelyik magyar \u00e1llampolg\u00e1r, aki rendelkezik az \u00e1llam \u00e1ltal sz\u00e1m\u00e1ra biztos\u00edtott digit\u00e1lis al\u00e1\u00edr\u00e1ssal, rendezheti az \u00e1llammal kapcsolatos \u00fcgyeit az \u00fcgyf\u00e9lkapunk kereszt\u00fcl. Egy\u00e9ni \u00e9s mag\u00e1nv\u00e1llalkoz\u00e1st hozhat l\u00e9tre, ak\u00e1r t\u00f6bb milli\u00e1rdos ad\u00f3\u00fcgyeit is rendezheti ebben a form\u00e1ban. De azt a t\u00e9nyt, amelyet a n\u00e9pess\u00e9g-nyilv\u00e1ntart\u00e1s egy\u00e9bk\u00e9nt is pontosan tud, hogy \u00c9N mint magyar \u00e1llampolg\u00e1r l\u00e9tezem, azt nem lehet majd az \u00fcgyf\u00e9lkapu rendszer\u00e9n kereszt\u00fcl igazolni. Milyen \u00e9rdekes!?<\/p>\n<p>A szak\u00e9rt\u0151k szerint, egy\u00e9bk\u00e9nt a tervezetben megfogalmazott regisztr\u00e1ci\u00f3s rendszer a bevezet\u00e9s \u00e9v\u00e9ben mintegy 3 milli\u00e1rd forintba, az azt k\u00f6vet\u0151 minden \u00e9vben pedig k\u00f6zel 500 milli\u00f3 forintba ker\u00fcl a magyar ad\u00f3fizet\u0151k sz\u00e1m\u00e1ra. Ezek szerint mindenki megnyugodhat. A Fidesz k\u00f6zeli oligarch\u00e1knak megint lesz egy olyan forr\u00e1sa, amelyb\u0151l kompenz\u00e1lni lehet a megv\u00e1ltoztatott p\u00e1rtfinansz\u00edroz\u00e1st.<\/p>\n","protected":false},"excerpt":{"rendered":"<p>Bizony\u00e1ra mindenki sz\u00e1m\u00e1ra ismert az a vicc, ami az afroamerikai \u00e9s feh\u00e9r emberek jogait \u00e1rnyalja egy iskolabusz p\u00e9ld\u00e1j\u00e1n kereszt\u00fcl. \u00dagy t\u0171nik, hogy hasonl\u00f3 megk\u00fcl\u00f6nb\u00f6ztet\u00e9sben r\u00e9szes\u00fclhetnek a 2014-es v\u00e1laszt\u00e1sokon is haz\u00e1nk le\u00e1nyai \u00e9s fiai. A korm\u00e1ny \u00e1ltal tervezett \u00faj v\u00e1laszt\u00e1si t\u00f6rv\u00e9nyben ugyanis olyan elk\u00e9pzel\u00e9sek szerepelnek amelyek szerint az itthon \u00e9l\u0151 \u00e9s kem\u00e9ny ad\u00f3kat fizet\u0151k csak a s\u00f6t\u00e9tk\u00e9keket megillet\u0151 jogokat kapn\u00e1k meg 2014-ben, m\u00edg az orsz\u00e1ghat\u00e1ron k\u00edv\u00fcl \u00e9l\u0151k a feh\u00e9r emberek szabads\u00e1gjogaival rendelkezve el\u0151jogokat \u00e9lvezhetn\u00e9nek a v\u00e1laszt\u00e1sokon. <a href=\"https:\/\/www.mszporoszlany.hu\/?p=1307\">Egy kattint\u00e1s ide a folytat\u00e1shoz&#8230;. <span class=\"meta-nav\">&rarr;<\/span><\/a><\/p>\n","protected":false},"author":35,"featured_media":0,"comment_status":"open","ping_status":"closed","sticky":false,"template":"","format":"standard","meta":{"footnotes":""},"categories":[196],"tags":[606,15,605,603,604,602],"class_list":["post-1307","post","type-post","status-publish","format-standard","hentry","category-magyarorszag","tag-elektronikus-alairasrol-szolo-torveny","tag-kormany","tag-magyar-allampolgar","tag-szemelyes-regisztracio","tag-ugyfelkapu","tag-valasztasi-torveny"],"_links":{"self":[{"href":"https:\/\/www.mszporoszlany.hu\/index.php?rest_route=\/wp\/v2\/posts\/1307","targetHints":{"allow":["GET"]}}],"collection":[{"href":"https:\/\/www.mszporoszlany.hu\/index.php?rest_route=\/wp\/v2\/posts"}],"about":[{"href":"https:\/\/www.mszporoszlany.hu\/index.php?rest_route=\/wp\/v2\/types\/post"}],"author":[{"embeddable":true,"href":"https:\/\/www.mszporoszlany.hu\/index.php?rest_route=\/wp\/v2\/users\/35"}],"replies":[{"embeddable":true,"href":"https:\/\/www.mszporoszlany.hu\/index.php?rest_route=%2Fwp%2Fv2%2Fcomments&post=1307"}],"version-history":[{"count":0,"href":"https:\/\/www.mszporoszlany.hu\/index.php?rest_route=\/wp\/v2\/posts\/1307\/revisions"}],"wp:attachment":[{"href":"https:\/\/www.mszporoszlany.hu\/index.php?rest_route=%2Fwp%2Fv2%2Fmedia&parent=1307"}],"wp:term":[{"taxonomy":"category","embeddable":true,"href":"https:\/\/www.mszporoszlany.hu\/index.php?rest_route=%2Fwp%2Fv2%2Fcategories&post=1307"},{"taxonomy":"post_tag","embeddable":true,"href":"https:\/\/www.mszporoszlany.hu\/index.php?rest_route=%2Fwp%2Fv2%2Ftags&post=1307"}],"curies":[{"name":"wp","href":"https:\/\/api.w.org\/{rel}","templated":true}]}}