{"id":1325,"date":"2012-08-29T05:56:56","date_gmt":"2012-08-29T04:56:56","guid":{"rendered":"http:\/\/www.mszporoszlany.hu\/?p=1325"},"modified":"2012-08-29T05:58:13","modified_gmt":"2012-08-29T04:58:13","slug":"jogerosen-megszuntettek-a-nyomozast-a-volt-oroszlanyi-varosvezetok-ellen","status":"publish","type":"post","link":"https:\/\/www.mszporoszlany.hu\/?p=1325","title":{"rendered":"Joger\u0151sen megsz\u00fcntett\u00e9k"},"content":{"rendered":"<p><img loading=\"lazy\" decoding=\"async\" class=\"alignleft size-full wp-image-1326\" title=\"bukta\" src=\"https:\/\/www.mszporoszlany.hu\/wp-content\/uploads\/2012\/08\/bukta.jpg\" alt=\"\" width=\"200\" height=\"120\" \/>Joger\u0151sen megsz\u00fcntett\u00e9k a nyomoz\u00e1st a volt oroszl\u00e1nyi v\u00e1rosvezet\u0151k ellen. A F\u0151\u00fcgy\u00e9szs\u00e9g elutas\u00edtotta Oroszl\u00e1ny polg\u00e1rmester\u00e9nek panasz\u00e1t, aki azt kifog\u00e1solta, hogy az \u00e1ltala k\u00fcl\u00f6n\u00f6sen nagy vagyoni h\u00e1tr\u00e1nyt okoz\u00f3 h\u0171tlen kezel\u00e9s b\u0171ntett\u00e9r\u0151l tett feljelent\u00e9s nyom\u00e1n indult elj\u00e1r\u00e1st a rend\u0151rs\u00e9g megsz\u00fcntette &#8211; t\u00e1j\u00e9koztatta a megyei f\u0151\u00fcgy\u00e9szs\u00e9g sajt\u00f3sz\u00f3viv\u0151je kedden az MTI-t. Az elutas\u00edt\u00e1sr\u00f3l rendelkez\u0151 hat\u00e1rozat ellen tov\u00e1bbi jogorvoslatnak nincs helye &#8211; tette hozz\u00e1 Miskolci Ivett \u2013 olvashat\u00f3 az MTI orsz\u00e1gos sajt\u00f3szolg\u00e1lat\u00e1nak oldal\u00e1n.<\/p>\n<p><!--more--><\/p>\n<p>A Kom\u00e1rom-Esztergom Megyei F\u0151\u00fcgy\u00e9szs\u00e9g Tak\u00e1cs K\u00e1roly oroszl\u00e1nyi polg\u00e1rmester (Fidesz) feljelent\u00e9se ut\u00e1n 2011 j\u00falius\u00e1ban rendelt el nyomoz\u00e1st az \u00f6nkorm\u00e1nyzat el\u0151z\u0151 12 \u00e9vi gazd\u00e1lkod\u00e1s\u00e1val kapcsolatban. Egy h\u00f3nappal k\u00e9s\u0151bb Papp P\u00e9ter alpolg\u00e1rmester (Fidesz) tov\u00e1bbi vagyoni k\u00e1rokoz\u00e1s \u00fcgy\u00e9ben tett feljelent\u00e9st, \u00e9s az \u00fcgyeket egyes\u00edtett\u00e9k, majd egy \u00e9ves nyomoz\u00e1s ut\u00e1n a rend\u0151rs\u00e9g az elj\u00e1r\u00e1st b\u0171ncselekm\u00e9ny hi\u00e1ny\u00e1ban sz\u00fcntette meg.<\/p>\n<p>A feljelent\u00e9sek alapj\u00e1t egy k\u00f6nyvvizsg\u00e1l\u00f3i vizsg\u00e1lat k\u00e9pezte, amely f\u00e9lmilli\u00e1rd forintos felt\u00e9telezett vesztes\u00e9get t\u00e1rt fel a szocialista v\u00e1rosvezet\u0151s\u00e9g idej\u00e9b\u0151l. Az \u00e1tvil\u00e1g\u00edt\u00e1s ugyanakkor azt is meg\u00e1llap\u00edtotta, hogy a v\u00e1ros eszk\u00f6z\u00e1llom\u00e1nya 2,1 milli\u00e1rdr\u00f3l 10,4 milli\u00e1rd forintra n\u0151tt, az Oroszl\u00e1nyi Szolg\u00e1ltat\u00f3 Zrt. \u00fczemi eredm\u00e9nyei pedig a piaci 8-12 sz\u00e1zal\u00e9k helyett 9-18 sz\u00e1zal\u00e9kosak voltak.<br \/>\nA k\u00f6nyvvizsg\u00e1l\u00f3i jelent\u00e9s elmarasztal\u00f3 meg\u00e1llap\u00edt\u00e1sait a telep\u00fcl\u00e9s kor\u00e1bbi vezet\u0151i akkor azonnal c\u00e1folt\u00e1k. Sz\u00e9kely Antal volt alpolg\u00e1rmester, az MSZP helyi eln\u00f6ke azt mondta, hogy ha a jelent\u00e9st egy Fidesz \u00e1ltal ir\u00e1ny\u00edtott telep\u00fcl\u00e9sr\u0151l \u00edrt\u00e1k volna, akkor most &#8222;sikersztorik\u00e9nt lobogtatn\u00e1k&#8221; a meg\u00e1llap\u00edt\u00e1sait. &#8222;A t\u00f6rt\u00e9net a baloldal erk\u00f6lcsi megsemmis\u00edt\u00e9s\u00e9r\u0151l sz\u00f3l&#8221; &#8211; fogalmazott.<\/p>\n","protected":false},"excerpt":{"rendered":"<p>F\u0151\u00fcgy\u00e9szs\u00e9g elutas\u00edtotta Oroszl\u00e1ny polg\u00e1rmester\u00e9nek panasz\u00e1t, aki azt kifog\u00e1solta, hogy az \u00e1ltala k\u00fcl\u00f6n\u00f6sen nagy vagyoni h\u00e1tr\u00e1nyt okoz\u00f3 h\u0171tlen kezel\u00e9s b\u0171ntett\u00e9r\u0151l tett feljelent\u00e9s nyom\u00e1n indult elj\u00e1r\u00e1st a rend\u0151rs\u00e9g megsz\u00fcntette &#8211; t\u00e1j\u00e9koztatta a megyei f\u0151\u00fcgy\u00e9szs\u00e9g sajt\u00f3sz\u00f3viv\u0151je kedden az MTI-t. Az elutas\u00edt\u00e1sr\u00f3l rendelkez\u0151 hat\u00e1rozat ellen tov\u00e1bbi jogorvoslatnak nincs helye &#8211; tette hozz\u00e1 Miskolci Ivett \u2013 olvashat\u00f3 az MTI orsz\u00e1gos sajt\u00f3szolg\u00e1lat\u00e1nak oldal\u00e1n. <a href=\"https:\/\/www.mszporoszlany.hu\/?p=1325\">Egy kattint\u00e1s ide a folytat\u00e1shoz&#8230;. <span class=\"meta-nav\">&rarr;<\/span><\/a><\/p>\n","protected":false},"author":35,"featured_media":0,"comment_status":"open","ping_status":"closed","sticky":false,"template":"","format":"standard","meta":{"footnotes":""},"categories":[194],"tags":[412,626,510,62,625,60,59,623,502,627,624,1763,240,1764,131,56,70,628,61,9],"class_list":["post-1325","post","type-post","status-publish","format-standard","hentry","category-oroszlany","tag-alpolgarmester","tag-atvilagitas","tag-buncselekmeny-hianya","tag-elnok","tag-feltetelezett-veszteseg","tag-fidesz","tag-hutlen-kezeles","tag-jogegeros","tag-komarom-esztergom-megyei-fougyeszseg","tag-konyvvizsgaloi-jelentes","tag-miskolci-ivett","tag-mszp","tag-mti","tag-oroszlany","tag-oroszlanyi-szolgaltato-zrt","tag-papp-peter","tag-polgarmester","tag-sikersztori","tag-szekely-antal","tag-takacs-karoly"],"_links":{"self":[{"href":"https:\/\/www.mszporoszlany.hu\/index.php?rest_route=\/wp\/v2\/posts\/1325","targetHints":{"allow":["GET"]}}],"collection":[{"href":"https:\/\/www.mszporoszlany.hu\/index.php?rest_route=\/wp\/v2\/posts"}],"about":[{"href":"https:\/\/www.mszporoszlany.hu\/index.php?rest_route=\/wp\/v2\/types\/post"}],"author":[{"embeddable":true,"href":"https:\/\/www.mszporoszlany.hu\/index.php?rest_route=\/wp\/v2\/users\/35"}],"replies":[{"embeddable":true,"href":"https:\/\/www.mszporoszlany.hu\/index.php?rest_route=%2Fwp%2Fv2%2Fcomments&post=1325"}],"version-history":[{"count":0,"href":"https:\/\/www.mszporoszlany.hu\/index.php?rest_route=\/wp\/v2\/posts\/1325\/revisions"}],"wp:attachment":[{"href":"https:\/\/www.mszporoszlany.hu\/index.php?rest_route=%2Fwp%2Fv2%2Fmedia&parent=1325"}],"wp:term":[{"taxonomy":"category","embeddable":true,"href":"https:\/\/www.mszporoszlany.hu\/index.php?rest_route=%2Fwp%2Fv2%2Fcategories&post=1325"},{"taxonomy":"post_tag","embeddable":true,"href":"https:\/\/www.mszporoszlany.hu\/index.php?rest_route=%2Fwp%2Fv2%2Ftags&post=1325"}],"curies":[{"name":"wp","href":"https:\/\/api.w.org\/{rel}","templated":true}]}}