{"id":1329,"date":"2012-08-29T13:04:41","date_gmt":"2012-08-29T12:04:41","guid":{"rendered":"http:\/\/www.mszporoszlany.hu\/?p=1329"},"modified":"2012-08-29T13:05:25","modified_gmt":"2012-08-29T12:05:25","slug":"batorsagproba","status":"publish","type":"post","link":"https:\/\/www.mszporoszlany.hu\/?p=1329","title":{"rendered":"B\u00e1tors\u00e1gpr\u00f3ba"},"content":{"rendered":"<p><img loading=\"lazy\" decoding=\"async\" class=\"alignleft size-full wp-image-1330\" title=\"batorsagproba\" src=\"https:\/\/www.mszporoszlany.hu\/wp-content\/uploads\/2012\/08\/batorsagproba.jpg\" alt=\"\" width=\"200\" height=\"120\" \/>&#8222;<em>A F\u0151\u00fcgy\u00e9szs\u00e9g elutas\u00edtotta Oroszl\u00e1ny polg\u00e1rmester\u00e9nek panasz\u00e1t, aki azt kifog\u00e1solta, hogy az \u00e1ltala k\u00fcl\u00f6n\u00f6sen nagy vagyoni h\u00e1tr\u00e1nyt okoz\u00f3 h\u0171tlen kezel\u00e9s b\u0171ntett\u00e9r\u0151l tett feljelent\u00e9s nyom\u00e1n indult elj\u00e1r\u00e1st a rend\u0151rs\u00e9g megsz\u00fcntette<\/em>&#8221; \u2013 olvashattuk a weboldalon. Ez annyit tesz, egy nagy h\u0171h\u00f3 befejez\u0151d\u00f6tt, s az ad\u00f3fizet\u0151knek csak 5 milli\u00f3ba ker\u00fclt az egy \u00e9ves cirkusz (ennyibe ker\u00fclt az azt &#8222;megalapoz\u00f3&#8221; vizsg\u00e1lat) \u2013 nem sz\u00e1molva a nyomoz\u00e1s k\u00f6lts\u00e9geit.<\/p>\n<p><!--more--><\/p>\n<p>V\u00e1rosunk els\u0151 embere erre \u00fagy reag\u00e1lt: &#8222;E<em>z a folyamat a v\u00e1laszt\u00f3ink k\u00e9r\u00e9se volt 2010-ben: most d\u00f6nts\u00e9k el \u0150k, hogy ebb\u0151l milyen k\u00f6vetkeztet\u00e9st vonnak le&#8230;!<\/em>&#8221; \u2013 vagyis, hogy nem von le semmilyen konzekvenci\u00e1t, \u00edgy balg\u00e1k azok, akik v\u00e1rj\u00e1k a be\u00edg\u00e9rt \u201ebocsi\u201d-k\u00e1t, arr\u00f3l nem is besz\u00e9lve, mekkora f\u00fcllent\u00e9s m\u00e1r sokadszorra ez a mondat.<\/p>\n<p>A k\u00e9pvisel\u0151-test\u00fclet jeles tagja, Holecz Csilla is megsz\u00f3lalt: &#8222;<em>Erre mondj\u00e1k, hogy igazs\u00e1gszolg\u00e1ltat\u00e1s nincs, csak jogszolg\u00e1ltat\u00e1s?<\/em>&#8221; \u2013 nos, dr. Holecz kisasszony az ilyen bejegyz\u00e9sekre meg azt szokt\u00e1k mondani szakmai k\u00f6r\u00f6kben, hogy vannak a jog\u00e1szok, meg a jogv\u00e9gzettek, \u00e9s azt hiszem \u00d6nt a m\u00e1sodik csoportba lehet sorolni nyugodt sz\u00edvvel. \u0150szint\u00e9n sz\u00f3lva \u00e9n a neves jog\u00e1sz h\u00f6lgy hely\u00e9ben azt javasoltam volna: &#8222;Ne hagyd kedves K\u00e1rolyom, hogy a rendszer futni hagyja ezeket a komcsikat, csapj bele egy p\u00f3tmag\u00e1nv\u00e1dba!&#8221;<\/p>\n<p style=\"margin-left: 30px; background-color: #f0f0f0;\"><strong>Kis kit\u00e9r\u0151<\/strong>: <em>A p\u00f3tmag\u00e1nv\u00e1d az \u00fcgy\u00e9szi v\u00e1dmonop\u00f3lium korrekci\u00f3ja, a b\u00fcntet\u0151jogi ig\u00e9ny p\u00f3tl\u00f3lagos \u00e9rv\u00e9nyes\u00edt\u00e9se. A k\u00f6zv\u00e1dl\u00f3 helyett v\u00e9gzett s\u00e9rtetti v\u00e1dk\u00e9pviselet azokban az esetekben, amikor az \u00fcgy\u00e9sz nem emelt v\u00e1dat, vagy azt elejtette. A s\u00e9rtett p\u00f3tmag\u00e1nv\u00e1dl\u00f3k\u00e9nt t\u00f6bb esetben l\u00e9phet fel: ha az \u00fcgy\u00e9sz vagy a nyomoz\u00f3 hat\u00f3s\u00e1g a feljelent\u00e9st elutas\u00edtotta, ha az \u00fcgy\u00e9sz vagy a nyomoz\u00f3 hat\u00f3s\u00e1g a nyomoz\u00e1st megsz\u00fcntette, ha az \u00fcgy\u00e9sz a v\u00e1demel\u00e9st r\u00e9szben mell\u0151zte, illetve, ha a v\u00e1dat elejtette. A hat\u00f3s\u00e1g t\u00e9tlens\u00e9ge eset\u00e9n (feljelent\u00e9s elutas\u00edt\u00e1sa, nyomoz\u00e1s megsz\u00fcntet\u00e9se) a s\u00e9rtett sz\u00e1m\u00e1ra el\u0151sz\u00f6r a panaszjog ny\u00edlik meg. Amennyiben az \u00fcgy\u00e9sz (vagy a nyomoz\u00f3 hat\u00f3s\u00e1g) ezt is elutas\u00edtotta, a nyomoz\u00e1st megsz\u00fcntette, a v\u00e1demel\u00e9st mell\u0151zte, vagy a v\u00e1dat elejtette a s\u00e9rtett az \u00fcgy\u00e9szt\u0151l \u00e1tveheti a v\u00e1dl\u00f3 szerep\u00e9t (\u00fagynevezett p\u00f3tmag\u00e1nv\u00e1dl\u00f3k\u00e9nt) a b\u00edr\u00f3s\u00e1g el\u0151tt.<\/em><\/p>\n<p>Sz\u00f3val ezt is javasolhatj\u00e1k v\u00e1rosvezet\u0151nknek a s\u00fag\u00f3k, de miel\u0151tt lelkesen belecsapna az akci\u00f3ba, az\u00e9rt felvil\u00e1gos\u00edtan\u00e1m, hogy ez igazi b\u00e1tors\u00e1gpr\u00f3ba! Ugyanis konkr\u00e9t szem\u00e9lyeket kell megnevezni, teh\u00e1t ez esetben kev\u00e9s az &#8222;ismeretlen tettes&#8221; fogalom! Konkr\u00e9t v\u00e1dakkal kell \u0151ket illetni! V\u00e9g\u00fcl a bizony\u00edt\u00e1s a p\u00f3tmag\u00e1nv\u00e1dl\u00f3t terheli.<\/p>\n<p>Amennyiben pedig elbukik a mutatv\u00e1ny, s\u00falyos milli\u00f3k terhelik a feljelent\u0151t, hamis v\u00e1d, k\u00e1rt\u00e9r\u00edt\u00e9s, perk\u00f6lts\u00e9g, \u00fcgyv\u00e9di d\u00edjak, s ezeket bizony nem lehet a k\u00f6zp\u00e9nzb\u0151l finansz\u00edrozni.<\/p>\n<p>Sz\u00f3val Tak\u00e1cs K\u00e1roly \u00e9s Papp P\u00e9ter!<br \/>\nIndulhat a b\u00e1tors\u00e1gpr\u00f3ba, ha annyira biztosak vagytok a dolgotokban!<\/p>\n","protected":false},"excerpt":{"rendered":"<p>&#8222;A F\u0151\u00fcgy\u00e9szs\u00e9g elutas\u00edtotta Oroszl\u00e1ny polg\u00e1rmester\u00e9nek panasz\u00e1t, aki azt kifog\u00e1solta, hogy az \u00e1ltala k\u00fcl\u00f6n\u00f6sen nagy vagyoni h\u00e1tr\u00e1nyt okoz\u00f3 h\u0171tlen kezel\u00e9s b\u0171ntett\u00e9r\u0151l tett feljelent\u00e9s nyom\u00e1n indult elj\u00e1r\u00e1st a rend\u0151rs\u00e9g megsz\u00fcntette&#8221; \u2013 olvashattuk a weboldalon. Ez annyit tesz, egy nagy h\u0171h\u00f3 befejez\u0151d\u00f6tt, s az ad\u00f3fizet\u0151knek csak 5 milli\u00f3ba ker\u00fclt az egy \u00e9ves cirkusz (ennyibe ker\u00fclt az azt &#8222;megalapoz\u00f3&#8221; vizsg\u00e1lat) \u2013 nem sz\u00e1molva a nyomoz\u00e1s k\u00f6lts\u00e9geit. <a href=\"https:\/\/www.mszporoszlany.hu\/?p=1329\">Egy kattint\u00e1s ide a folytat\u00e1shoz&#8230;. <span class=\"meta-nav\">&rarr;<\/span><\/a><\/p>\n","protected":false},"author":35,"featured_media":0,"comment_status":"open","ping_status":"closed","sticky":false,"template":"","format":"standard","meta":{"footnotes":""},"categories":[194],"tags":[629,630,631,502,632,56,633,9],"class_list":["post-1329","post","type-post","status-publish","format-standard","hentry","category-oroszlany","tag-dr-holecz-csilla","tag-jogasz","tag-jogvegzett","tag-komarom-esztergom-megyei-fougyeszseg","tag-komcsik","tag-papp-peter","tag-potmaganvad","tag-takacs-karoly"],"_links":{"self":[{"href":"https:\/\/www.mszporoszlany.hu\/index.php?rest_route=\/wp\/v2\/posts\/1329","targetHints":{"allow":["GET"]}}],"collection":[{"href":"https:\/\/www.mszporoszlany.hu\/index.php?rest_route=\/wp\/v2\/posts"}],"about":[{"href":"https:\/\/www.mszporoszlany.hu\/index.php?rest_route=\/wp\/v2\/types\/post"}],"author":[{"embeddable":true,"href":"https:\/\/www.mszporoszlany.hu\/index.php?rest_route=\/wp\/v2\/users\/35"}],"replies":[{"embeddable":true,"href":"https:\/\/www.mszporoszlany.hu\/index.php?rest_route=%2Fwp%2Fv2%2Fcomments&post=1329"}],"version-history":[{"count":0,"href":"https:\/\/www.mszporoszlany.hu\/index.php?rest_route=\/wp\/v2\/posts\/1329\/revisions"}],"wp:attachment":[{"href":"https:\/\/www.mszporoszlany.hu\/index.php?rest_route=%2Fwp%2Fv2%2Fmedia&parent=1329"}],"wp:term":[{"taxonomy":"category","embeddable":true,"href":"https:\/\/www.mszporoszlany.hu\/index.php?rest_route=%2Fwp%2Fv2%2Fcategories&post=1329"},{"taxonomy":"post_tag","embeddable":true,"href":"https:\/\/www.mszporoszlany.hu\/index.php?rest_route=%2Fwp%2Fv2%2Ftags&post=1329"}],"curies":[{"name":"wp","href":"https:\/\/api.w.org\/{rel}","templated":true}]}}