{"id":1337,"date":"2012-08-31T16:50:22","date_gmt":"2012-08-31T15:50:22","guid":{"rendered":"http:\/\/www.mszporoszlany.hu\/?p=1337"},"modified":"2012-08-31T16:55:15","modified_gmt":"2012-08-31T15:55:15","slug":"tobb-millios-ut-a-semmibe","status":"publish","type":"post","link":"https:\/\/www.mszporoszlany.hu\/?p=1337","title":{"rendered":"T\u00f6bb milli\u00f3s \u00fat a semmibe"},"content":{"rendered":"<p><img loading=\"lazy\" decoding=\"async\" class=\"alignleft size-full wp-image-1338\" title=\"utepites\" src=\"https:\/\/www.mszporoszlany.hu\/wp-content\/uploads\/2012\/08\/utepites.jpg\" alt=\"\" width=\"200\" height=\"120\" \/>\u00dagy l\u00e1tszik, hogy a helyi Fidesz vezet\u00e9sre rendesen r\u00e1j\u00e1r a r\u00fad mostan\u00e1ban. Nem el\u00e9g, hogy a 2011-ben kezdett r\u00e1galomhadj\u00e1rat minden egyes lufija kidurrant, de m\u00e1ra mindenki sz\u00e1m\u00e1ra egy\u00e9rtelm\u0171, hogy egy \u00e9ven kereszt\u00fcl a k\u00f6zp\u00e9nzb\u0151l finansz\u00edrozott p\u00e1rt\u00fajs\u00e1g, a k\u00f6zp\u00e9nzeket felem\u00e9szt\u0151 helyi \u201ebirodalmi\u201d telev\u00edzi\u00f3, \u00e9s egy ugyancsak k\u00f6zp\u00e9nzt pazarl\u00f3 r\u00e9szben k\u00f6ztisztvisel\u0151, r\u00e9szben m\u00e9diamogul hist\u00f3ri\u00e1s is kev\u00e9s ahhoz, hogy az elvakult Fidesz-h\u00edv\u0151k\u00f6n k\u00edv\u00fcl \u00e1ll\u00edt\u00e1saikat b\u00e1rki is komolyan vegye.<\/p>\n<p><!--more--><\/p>\n<p>Mindezek ellen\u00e9re most \u00fajabb cs\u00fasztat\u00e1sok k\u00f6vetkezm\u00e9nyeit kell v\u00e1llalnia a helyi vezet\u00e9snek.<\/p>\n<p>Mint azt bizony\u00e1ra mindenki hallhatta \u00e9s olvashatta, a mintegy 25 milli\u00f3nyi saj\u00e1t forr\u00e1sb\u00f3l megkezdett beruh\u00e1z\u00e1ssal kapcsolatosan siker\u00fclt \u00fajabb &#8222;kamu-cunamit&#8221; ind\u00edtania Tak\u00e1cs K\u00e1rolynak \u00e9s Czunyin\u00e9 dr. Bertalan Juditnak. Az m\u00e1r \u00f6nmag\u00e1ban is vicces, hogy a korm\u00e1nyp\u00e1rt k\u00e9pvisel\u0151i hatalmas csinnadratt\u00e1val \u00fcnneplik, hogy egy v\u00e1roson k\u00edv\u00fcli beruh\u00e1z\u00e1shoz egyetlen EU forr\u00e1sb\u00f3l sz\u00e1rmaz\u00f3 pet\u00e1kot sem tudtak \u00f6sszekaparni. De az m\u00e1r szinte r\u00f6hejes, ahogy a polg\u00e1rmester a m\u00e9g el sem kezd\u0151d\u0151 beruh\u00e1z\u00e1si &#8222;nyit\u00f3g\u00e1l\u00e1n&#8221; m\u00e1r magyar\u00e1zkodni k\u00e9nyszer\u00fcl egy egyszer\u0171 \u00fajs\u00e1g\u00edr\u00f3i k\u00e9rd\u00e9s kapcs\u00e1n. T\u00f6rt\u00e9nt ugyanis, hogy a roppant &#8222;felel\u0151s gondolkod\u00e1s\u00fa&#8221;, szil\u00e1rd &#8222;erk\u00f6lcsi alapokon \u00e1ll\u00f3&#8221;, szakmailag &#8222;megrend\u00edthetetlen felk\u00e9sz\u00fclts\u00e9g\u0171&#8221;, a gr\u00e1l-lovagok &#8222;becs\u00fcletess\u00e9g\u00e9vel&#8221; rendelkez\u0151 fideszes v\u00e1rosvezet\u00e9snek csak az nem j\u00f6tt le 20 \u00e9vnyi v\u00e1rosir\u00e1ny\u00edt\u00e1sban val\u00f3 r\u00e9szv\u00e9tel sor\u00e1n, hogy egy beruh\u00e1z\u00e1s el\u0151k\u00e9sz\u00edt\u00e9s\u00e9nek vannak felt\u00e9telei. Ilyenek p\u00e9ld\u00e1ul az adott fejleszt\u00e9st al\u00e1t\u00e1maszt\u00f3 megval\u00f3s\u00edthat\u00f3s\u00e1gi tanulm\u00e1nyok, amelyeket m\u00e1skor olyan hat\u00e1rozottan k\u00f6vetelnek. De ide sorolhat\u00f3 a fejleszt\u00e9s felt\u00e9teleinek sz\u00e1mbav\u00e9tele \u00e9s marad\u00e9ktalan biztos\u00edt\u00e1sa is. Fideszes v\u00e1rosaty\u00e1ink lend\u00fclet\u00e9t az sem t\u00f6rte meg, hogy az \u00e1ltaluk nem &#8222;bitorolt&#8221; \u00fatszakasz mag\u00e1nk\u00e9zben van, \u00edgy a tulajdonosokkal minimum egyeztetni kellett volna. Akik egy riport tanuls\u00e1ga szerint az elj\u00e1r\u00e1sm\u00f3dnak k\u00f6sz\u00f6nhet\u0151en hat\u00e1rozottan kijelentett\u00e9k, hogy a t\u00e1rgyal\u00e1sok annak ellen\u00e9re, hogy el sem kezd\u0151dtek, m\u00e1ris befejez\u0151dtek. Tal\u00e1n azt hitt\u00e9k a leny\u00fal\u00e1sban komoly tapasztalatokkal rendelkez\u0151k, hogyha 3.000 milli\u00e1rdot einstandolni lehetett, akkor nem okozhat gondot p\u00e1r kilom\u00e9ternyi mag\u00e1ntulajdon leny\u00fal\u00e1sa sem?<\/p>\n<div id=\"attachment_1339\" style=\"width: 420px\" class=\"wp-caption aligncenter\"><a href=\"https:\/\/www.mszporoszlany.hu\/wp-content\/uploads\/2012\/08\/TobbMilliosUtASemmibe.jpg\" rel=\"lightbox\"><img loading=\"lazy\" decoding=\"async\" aria-describedby=\"caption-attachment-1339\" class=\" wp-image-1339      \" title=\"T\u00f6bb milli\u00f3s \u00fat a semmibe\" src=\"https:\/\/www.mszporoszlany.hu\/wp-content\/uploads\/2012\/08\/TobbMilliosUtASemmibe.jpg\" alt=\"T\u00f6bb milli\u00f3s \u00fat a semmibe\" width=\"410\" height=\"256\" srcset=\"https:\/\/www.mszporoszlany.hu\/wp-content\/uploads\/2012\/08\/TobbMilliosUtASemmibe.jpg 640w, https:\/\/www.mszporoszlany.hu\/wp-content\/uploads\/2012\/08\/TobbMilliosUtASemmibe-320x200.jpg 320w, https:\/\/www.mszporoszlany.hu\/wp-content\/uploads\/2012\/08\/TobbMilliosUtASemmibe-600x375.jpg 600w\" sizes=\"auto, (max-width: 410px) 100vw, 410px\" \/><\/a><p id=\"caption-attachment-1339\" class=\"wp-caption-text\">T\u00f6bb milli\u00f3s \u00fat a semmibe<\/p><\/div>\n<p>Tov\u00e1bbi \u00e9rdekess\u00e9g, hogy m\u00e9g a hivatalos anyagokban is folyamatosan cs\u00fasztat a polg\u00e1rmester az \u00fcggyel kapcsolatosan. Ugyanis aki csak a hivatalos el\u0151terjeszt\u00e9s anyag\u00e1t ismeri, tov\u00e1bb\u00e1 a birodalmi TV tud\u00f3s\u00edt\u00e1s\u00e1t l\u00e1tta \u00e9s hallotta, az meg van r\u00f3la gy\u0151z\u0151dve, hogy V\u00e9rtessoml\u00f3 polg\u00e1rai \u00e9s a telep\u00fcl\u00e9s k\u00e9pvisel\u0151i oda \u00e9s vissza vannak az \u00f6r\u00f6mt\u0151l, hogy Oroszl\u00e1ny v\u00e1ros hozz\u00e1juk v\u00e1g t\u00f6bb milli\u00f3 forintnyi saj\u00e1t forr\u00e1st. A k\u00e9p azonban itt is m\u00e1st mutat. Ugyanis az Internet kor\u00e1ban nem kunszt roppant gyorsan ut\u00e1na j\u00e1rni az igazs\u00e1gnak. Az al\u00e1bbi sz\u00f6vegr\u00e9szlet egy v\u00e9rtessoml\u00f3i test\u00fcleti \u00fcl\u00e9s jegyz\u0151k\u00f6nyv\u00e9ben olvashat\u00f3:<\/p>\n<p>&#8222;<em>V\u00e9rtessoml\u00f3 K\u00f6zs\u00e9g \u00d6nkorm\u00e1nyzat K\u00e9pvisel\u0151-test\u00fclete meg\u00e1llap\u00edtja, hogy az Oroszl\u00e1ny 054 hrsz-\u00fa, valamint a V\u00e9rtessoml\u00f3 084 \u00e9s 086 hrsz-\u00fa saj\u00e1t haszn\u00e1lat\u00fa utak nyomvonal\u00e1n megval\u00f3s\u00edtand\u00f3 \u00fatfejleszt\u00e9s V\u00e9rtessoml\u00f3 sz\u00e1m\u00e1ra nem el\u0151ny\u00f6s, mivel V\u00e9rtessoml\u00f3t nem hozza l\u00e9nyegesen k\u00f6zelebb Oroszl\u00e1nyhoz, tov\u00e1bb\u00e1 forgalmat gerjeszt a Cs\u00e1kv\u00e1ri \u00fatr\u00f3l (8119 sz. \u00fat) V\u00e9rtessoml\u00f3 ir\u00e1ny\u00e1ba, ami ellent\u00e9tes a telep\u00fcl\u00e9s \u00e9rdekeivel.<\/em>&#8221; &#8211; Vagyis a nagy Nemzeti Egy\u00fcttm\u0171k\u00f6d\u00e9s Rendszer\u00e9ben csak azokkal nem siker\u00fclt \u00e9rdemben egy\u00fcttm\u0171k\u00f6dni, akik a t\u00e9m\u00e1ban \u00e9rintettek voltak.<\/p>\n<p>Ezek ut\u00e1n m\u00e1r csak annyi k\u00e9rd\u00e9s maradt, hogy mi\u00e9rt is kellett ennyire gyorsan, a felt\u00e9telek teljes tiszt\u00e1zatlans\u00e1ga mellett is megkezdeni egy t\u00f6bb t\u00edzmilli\u00f3s beruh\u00e1z\u00e1st? Vajon kinek \u00e9s mi\u00e9rt \u00e1ll \u00e9rdek\u00e9ben t\u0171z\u00f6n-v\u00edzen \u00e1t is bele\u00f6lni a milli\u00f3kat egy ilyen probl\u00e9m\u00e1kkal telet\u0171zdelt, eleve megk\u00e9rd\u0151jelezhet\u0151 eredm\u00e9nyess\u00e9g\u0171 fejleszt\u00e9sbe?<\/p>\n<p>A v\u00e1laszt az olvas\u00f3ra b\u00edzom.<\/p>\n","protected":false},"excerpt":{"rendered":"<p>\u00dagy l\u00e1tszik, hogy a helyi Fidesz vezet\u00e9sre rendesen r\u00e1j\u00e1r a r\u00fad mostan\u00e1ban. Nem el\u00e9g, hogy a 2011-ben kezdett r\u00e1galomhadj\u00e1rat minden egyes lufija kidurrant, de m\u00e1ra \u2013 az elvakult Fidesz-h\u00edv\u0151k\u00f6n k\u00edv\u00fcl \u2013 mindenki sz\u00e1m\u00e1ra egy\u00e9rtelm\u0171, hogy egy \u00e9ven kereszt\u00fcl a k\u00f6zp\u00e9nzb\u0151l finansz\u00edrozott p\u00e1rt\u00fajs\u00e1g, a k\u00f6zp\u00e9nzeket felem\u00e9szt\u0151 helyi \u201ebirodalmi\u201d telev\u00edzi\u00f3, \u00e9s egy ugyancsak k\u00f6zp\u00e9nzt pazarl\u00f3 r\u00e9szben k\u00f6ztisztvisel\u0151, r\u00e9szben m\u00e9diamogul bab\u00e9rokra t\u00f6r\u0151, holokauszt tagad\u00f3 hist\u00f3ri\u00e1s is kev\u00e9s ahhoz, hogy \u00e1ll\u00edt\u00e1saikat b\u00e1rki is komolyan vegye. <a href=\"https:\/\/www.mszporoszlany.hu\/?p=1337\">Egy kattint\u00e1s ide a folytat\u00e1shoz&#8230;. <span class=\"meta-nav\">&rarr;<\/span><\/a><\/p>\n","protected":false},"author":35,"featured_media":0,"comment_status":"open","ping_status":"closed","sticky":false,"template":"","format":"standard","meta":{"footnotes":""},"categories":[194],"tags":[634,201,93,228,640,636,638,639,635,637,184,9,177],"class_list":["post-1337","post","type-post","status-publish","format-standard","hentry","category-oroszlany","tag-25-millio","tag-csusztatas","tag-czunyine-dr-bertalan-judit","tag-einstand","tag-eloterjesztes","tag-eu-forras-nelkul","tag-fejlesztesi-feltetelek-biztositasa","tag-jegyzokonyv","tag-kamu-cunami","tag-megvalosithatosagi-tanulmany","tag-nemzeti-egyuttmukodes-rendszere","tag-takacs-karoly","tag-vertessomlo"],"_links":{"self":[{"href":"https:\/\/www.mszporoszlany.hu\/index.php?rest_route=\/wp\/v2\/posts\/1337","targetHints":{"allow":["GET"]}}],"collection":[{"href":"https:\/\/www.mszporoszlany.hu\/index.php?rest_route=\/wp\/v2\/posts"}],"about":[{"href":"https:\/\/www.mszporoszlany.hu\/index.php?rest_route=\/wp\/v2\/types\/post"}],"author":[{"embeddable":true,"href":"https:\/\/www.mszporoszlany.hu\/index.php?rest_route=\/wp\/v2\/users\/35"}],"replies":[{"embeddable":true,"href":"https:\/\/www.mszporoszlany.hu\/index.php?rest_route=%2Fwp%2Fv2%2Fcomments&post=1337"}],"version-history":[{"count":0,"href":"https:\/\/www.mszporoszlany.hu\/index.php?rest_route=\/wp\/v2\/posts\/1337\/revisions"}],"wp:attachment":[{"href":"https:\/\/www.mszporoszlany.hu\/index.php?rest_route=%2Fwp%2Fv2%2Fmedia&parent=1337"}],"wp:term":[{"taxonomy":"category","embeddable":true,"href":"https:\/\/www.mszporoszlany.hu\/index.php?rest_route=%2Fwp%2Fv2%2Fcategories&post=1337"},{"taxonomy":"post_tag","embeddable":true,"href":"https:\/\/www.mszporoszlany.hu\/index.php?rest_route=%2Fwp%2Fv2%2Ftags&post=1337"}],"curies":[{"name":"wp","href":"https:\/\/api.w.org\/{rel}","templated":true}]}}