{"id":1348,"date":"2012-09-05T10:22:01","date_gmt":"2012-09-05T09:22:01","guid":{"rendered":"http:\/\/www.mszporoszlany.hu\/?p=1348"},"modified":"2012-09-05T10:22:01","modified_gmt":"2012-09-05T09:22:01","slug":"tripla-bukta","status":"publish","type":"post","link":"https:\/\/www.mszporoszlany.hu\/?p=1348","title":{"rendered":"Tripla bukta"},"content":{"rendered":"<p><img loading=\"lazy\" decoding=\"async\" class=\"alignleft size-full wp-image-1349\" title=\"Bukta3x\" src=\"https:\/\/www.mszporoszlany.hu\/wp-content\/uploads\/2012\/09\/Bukta3x.jpg\" alt=\"\" width=\"200\" height=\"120\" \/>A F\u0151v\u00e1rosi T\u00f6rv\u00e9nysz\u00e9k felmentette Moln\u00e1r Gyul\u00e1t, \u00dajbuda volt szocialista polg\u00e1rmester\u00e9t \u00e9s Lakos Imr\u00e9t, a ker\u00fclet egykori szabaddemokrata alpolg\u00e1rmester\u00e9t a hivatali vissza\u00e9l\u00e9s v\u00e1dja al\u00f3l keddi, els\u0151 fok\u00fa \u00edt\u00e9let\u00e9ben. A harmadrend\u0171 v\u00e1dlott \u00fcgyv\u00e9det a b\u0171nseg\u00e9dlet v\u00e1dja al\u00f3l mentette fel a b\u00edr\u00f3s\u00e1g. Az \u00fcgy\u00e9szs\u00e9g a h\u00e1rom f\u00e9rfit azzal v\u00e1dolta, hogy 2006-ban, a XI. ker\u00fcleti Kopaszi-g\u00e1t \u00e9s a L\u00e1gym\u00e1nyosi-\u00f6b\u00f6l k\u00f6rny\u00e9k\u00e9n p\u00e1ly\u00e1ztat\u00e1s n\u00e9lk\u00fcl pr\u00f3b\u00e1ltak egy mag\u00e1nc\u00e9gnek \u00e1tj\u00e1tszani egy 38 hekt\u00e1ros telket.<\/p>\n<p>Forr\u00e1s: MTI<\/p>\n<p><!--more--><\/p>\n<p>A F\u0151v\u00e1rosi T\u00f6rv\u00e9nysz\u00e9k felment\u0151 \u00edt\u00e9letet hozott a 2010 okt\u00f3ber\u00e9ben hivatali vissza\u00e9l\u00e9ssel megv\u00e1dolt Moln\u00e1r Gyula \u00e9s Lakos Imre \u00fcgy\u00e9ben. Itt a k\u00f6zlem\u00e9ny ak\u00e1r be is fejez\u0151dhetne, de ebben az esetben olyan \u00fcgyr\u0151l van sz\u00f3, mely azzal \u00e9rte el \u201dcs\u00facspontj\u00e1t\u201d, hogy egy es\u00e9lyes szocialista polg\u00e1rmester-jel\u00f6ltet k\u00f6zel 1000 napi vizsg\u00e1l\u00f3d\u00e1s ut\u00e1n, a v\u00e1laszt\u00e1sok el\u0151tt 3 nappal gyan\u00fas\u00edtottak meg, durv\u00e1n beavatkozva ezzel a v\u00e1laszt\u00e1s kimenetel\u00e9be.<\/p>\n<p>Olyan \u00fcgyr\u0151l van sz\u00f3, amelyben sz\u00e1mtalan val\u00f3tlan \u00e9s a t\u00e9nyeket teljesen meghamis\u00edt\u00f3 politikai nyilatkozat \u00e9s sajt\u00f3h\u00edr jelent meg. Olyan \u00fcgyr\u0151l van sz\u00f3, amelyben az \u00f6nkorm\u00e1nyzatis\u00e1g, a polg\u00e1rmesteri hat\u00e1sk\u00f6r\u00f6k alapvet\u0151 f\u00e9lre\u00e9rtelmez\u00e9s\u00e9re alapozva gyan\u00fas\u00edtottak meg, majd v\u00e1doltak meg k\u00f6zszerepl\u0151ket. Olyan \u00fcgyr\u0151l van sz\u00f3, amelyben az \u00fcgy\u00e9szs\u00e9gi tan\u00fak k\u00f6z\u00fcl kiz\u00e1r\u00f3lag a feljelent\u0151 hangoztatta tov\u00e1bbra is alaptalan r\u00e1galmait, mindenki m\u00e1s ezt a v\u00e1dat nem t\u00e1masztotta al\u00e1, m\u00e9g az \u00fcgy\u00e9szs\u00e9g koronatan\u00faja sem. Olyan \u00fcgyr\u0151l van sz\u00f3 melyben az \u00fcgy\u00e9sz a z\u00e1r\u00f3besz\u00e9d\u00e9ben k\u00e9nyszer\u00fclt m\u00f3dos\u00edtani a v\u00e1d tartalm\u00e1t \u00e9s ugyanebben a besz\u00e9dben elismerte, hogy nem t\u00f6rt\u00e9nt sem k\u00e1rokoz\u00e1s, sem t\u00f6rv\u00e9nys\u00e9rt\u0151 l\u00e9p\u00e9s.<\/p>\n<p>\u00dagy gondoljuk, hogy a politikai ellenfeleink az utols\u00f3 \u00e9s legaljasabb eszk\u00f6z\u00f6kh\u00f6z ny\u00faltak, amihez az igazs\u00e1gszolg\u00e1ltat\u00e1s n\u00e9h\u00e1ny szerepl\u0151je akt\u00edvan seg\u00e9dkezett. Az a felfog\u00e1s szenvedett ma veres\u00e9get, amikor egyes politikusok nem tehets\u00e9g\u00fckkel, k\u00e9pess\u00e9g\u00fckkel, mondand\u00f3jukkal akarnak gy\u0151zni, hanem b\u00fcntet\u0151\u00fcgyek kre\u00e1l\u00e1s\u00e1val pr\u00f3b\u00e1lnak ellenfeleik el\u00e9 ker\u00fclni. Csak rem\u00e9lhetj\u00fck, hogy ez az \u00edt\u00e9let hozz\u00e1j\u00e1rul egy olyan folyamat elindul\u00e1s\u00e1hoz, miszerint a j\u00f6v\u0151ben a durva \u00e9s alaptalan v\u00e1daskod\u00e1sok helyett az \u00e9rvek \u00e9s a szavak csat\u00e1j\u00e1t kell megv\u00edvnunk, m\u00e9g akkor is, ha ez nehezebbnek \u00e9s bonyolultabbnak t\u0171nik, mint a lej\u00e1rat\u00e1s, riogat\u00e1s, v\u00e1daskod\u00e1s.<\/p>\n<p>B\u00e1r a mai \u00edt\u00e9let csak az els\u0151fok\u00fa elj\u00e1r\u00e1st z\u00e1rta le, sz\u00e1munkra m\u00e9gis nagy jelent\u0151s\u00e9ge van annak, hogy a f\u00fcggetlen magyar b\u00edr\u00f3s\u00e1g is meger\u0151s\u00edtette eddigi \u00e1ll\u00edt\u00e1sainkat, cselekedeteink t\u00f6rv\u00e9nyess\u00e9g\u00e9t, hit\u00fcnket az \u00e1rtatlans\u00e1gunkban. B\u00edzunk benne, hogy a m\u00e1sodfok\u00fa elj\u00e1r\u00e1s is ugyanilyen korrekt \u00e9s tisztess\u00e9ges k\u00f6r\u00fclm\u00e9nyek k\u00f6z\u00f6tt zajlik le; mind az elj\u00e1r\u00e1st, mind a kijel\u00f6l\u00e9st tekintve tov\u00e1bbra is n\u00e9lk\u00fcl\u00f6zni fog minden politikai nyom\u00e1st \u00e9s elv\u00e1r\u00e1st. A tisztess\u00e9g \u00e9s a szakmais\u00e1g jellemezte ugyanis a b\u00edr\u00f3s\u00e1g elj\u00e1r\u00e1s\u00e1nak eddigi szakasz\u00e1t \u00e9s a b\u00edr\u00f3i tan\u00e1csot, amely egy pillanatig sem hagyta mag\u00e1t befoly\u00e1solni \u00e9s f\u00e9lrevezetni.<br \/>\nK\u00f6sz\u00f6net \u00e9rte, egy rem\u00e9nysug\u00e1r, hogy a Magyar K\u00f6zt\u00e1rsas\u00e1gban m\u00e9g igenis \u00e9l a jog\u00e1llam, ak\u00e1rkik \u00e9s ak\u00e1rhogyan is szeretn\u00e9k azt eltiporni.<\/p>\n<p>Moln\u00e1r Gyula,<br \/>\n<em>\u00dajbuda volt polg\u00e1rmestere<\/em><\/p>\n<p>Lakos Imre,<br \/>\n<em>\u00dajbuda volt alpolg\u00e1rmestere<\/em><\/p>\n<p>Forr\u00e1s:MTI \u2013 OS<\/p>\n","protected":false},"excerpt":{"rendered":"<p>A F\u0151v\u00e1rosi T\u00f6rv\u00e9nysz\u00e9k felmentette Moln\u00e1r Gyul\u00e1t, \u00dajbuda volt szocialista polg\u00e1rmester\u00e9t \u00e9s Lakos Imr\u00e9t, a ker\u00fclet egykori szabaddemokrata alpolg\u00e1rmester\u00e9t a hivatali vissza\u00e9l\u00e9s v\u00e1dja al\u00f3l keddi, els\u0151 fok\u00fa \u00edt\u00e9let\u00e9ben. A harmadrend\u0171 v\u00e1dlott \u00fcgyv\u00e9det a b\u0171nseg\u00e9dlet v\u00e1dja al\u00f3l mentette fel a b\u00edr\u00f3s\u00e1g. Az \u00fcgy\u00e9szs\u00e9g a h\u00e1rom f\u00e9rfit azzal v\u00e1dolta, hogy 2006-ban, a XI. ker\u00fcleti Kopaszi-g\u00e1t \u00e9s a L\u00e1gym\u00e1nyosi-\u00f6b\u00f6l k\u00f6rny\u00e9k\u00e9n p\u00e1ly\u00e1ztat\u00e1s n\u00e9lk\u00fcl pr\u00f3b\u00e1ltak egy mag\u00e1nc\u00e9gnek \u00e1tj\u00e1tszani egy 38 hekt\u00e1ros telket. <a href=\"https:\/\/www.mszporoszlany.hu\/?p=1348\">Egy kattint\u00e1s ide a folytat\u00e1shoz&#8230;. <span class=\"meta-nav\">&rarr;<\/span><\/a><\/p>\n","protected":false},"author":35,"featured_media":0,"comment_status":"open","ping_status":"closed","sticky":false,"template":"","format":"standard","meta":{"footnotes":""},"categories":[196,58],"tags":[412,21,522,645,646,643,641,240,647,70,644,63,642],"class_list":["post-1348","post","type-post","status-publish","format-standard","hentry","category-magyarorszag","category-mszp","tag-alpolgarmester","tag-felmentes","tag-fovarosi-torvenyszek","tag-kopaszi-gat","tag-lagymanyosi-obol","tag-lakos-imre","tag-molnar-gyula","tag-mti","tag-mti-os","tag-polgarmester","tag-szabaddemokrata","tag-szocialista","tag-ujbuda"],"_links":{"self":[{"href":"https:\/\/www.mszporoszlany.hu\/index.php?rest_route=\/wp\/v2\/posts\/1348","targetHints":{"allow":["GET"]}}],"collection":[{"href":"https:\/\/www.mszporoszlany.hu\/index.php?rest_route=\/wp\/v2\/posts"}],"about":[{"href":"https:\/\/www.mszporoszlany.hu\/index.php?rest_route=\/wp\/v2\/types\/post"}],"author":[{"embeddable":true,"href":"https:\/\/www.mszporoszlany.hu\/index.php?rest_route=\/wp\/v2\/users\/35"}],"replies":[{"embeddable":true,"href":"https:\/\/www.mszporoszlany.hu\/index.php?rest_route=%2Fwp%2Fv2%2Fcomments&post=1348"}],"version-history":[{"count":0,"href":"https:\/\/www.mszporoszlany.hu\/index.php?rest_route=\/wp\/v2\/posts\/1348\/revisions"}],"wp:attachment":[{"href":"https:\/\/www.mszporoszlany.hu\/index.php?rest_route=%2Fwp%2Fv2%2Fmedia&parent=1348"}],"wp:term":[{"taxonomy":"category","embeddable":true,"href":"https:\/\/www.mszporoszlany.hu\/index.php?rest_route=%2Fwp%2Fv2%2Fcategories&post=1348"},{"taxonomy":"post_tag","embeddable":true,"href":"https:\/\/www.mszporoszlany.hu\/index.php?rest_route=%2Fwp%2Fv2%2Ftags&post=1348"}],"curies":[{"name":"wp","href":"https:\/\/api.w.org\/{rel}","templated":true}]}}