{"id":1357,"date":"2012-09-10T11:24:22","date_gmt":"2012-09-10T10:24:22","guid":{"rendered":"http:\/\/www.mszporoszlany.hu\/?p=1357"},"modified":"2012-09-10T11:24:22","modified_gmt":"2012-09-10T10:24:22","slug":"az-igazi-felelos","status":"publish","type":"post","link":"https:\/\/www.mszporoszlany.hu\/?p=1357","title":{"rendered":"Az igazi felel\u0151s"},"content":{"rendered":"<p><img loading=\"lazy\" decoding=\"async\" class=\"alignleft size-full wp-image-1358\" title=\"Teremtes\" src=\"https:\/\/www.mszporoszlany.hu\/wp-content\/uploads\/2012\/09\/Teremtes.jpg\" alt=\"\" width=\"200\" height=\"120\" \/>M\u0171szaki \u00e9s pedag\u00f3gus ember l\u00e9v\u00e9n, mindig fontos dolognak tartottam, hogy a folyamatok, t\u00f6rt\u00e9n\u00e9sek, esem\u00e9nyek \u00e9rtelmez\u00e9se sor\u00e1n az ok-okozat viszony\u00e1ban az okokat vizsg\u00e1ljuk el\u0151sz\u00f6r. Erre tan\u00edtv\u00e1nyaim, ismer\u0151seim figyelm\u00e9t is gyakran felh\u00edvom, amikor egy-egy dologr\u00f3l besz\u00e9lget\u00fcnk. \u00cdgy volt ez most is, amikor kicsiny haz\u00e1m h\u00edrtelen a nemzetk\u00f6zi v\u00e9lem\u00e9nyek keresztt\u00fcz\u00e9be ker\u00fclt, az \u00f6rm\u00e9ny-azeri-magyar konfliktus kapcs\u00e1n. A szok\u00e1somnak megfelel\u0151en persze \u00e9n is a folyamat okait kerestem, \u00e9s pr\u00f3b\u00e1ltam t\u00e1j\u00e9koz\u00f3dni ezen a t\u00e9ren.<\/p>\n<p><!--more--><\/p>\n<p>Minap azt\u00e1n komoly seg\u00edts\u00e9get kaptam Rog\u00e1n Antalt\u00f3l, aki a szinte teljesen \u00fcres Orsz\u00e1ggy\u0171l\u00e9sben kimondta a tutit \u00e9s a frank\u00f3t. Az a hib\u00e1s ebben az egyre kellemetlenebb nemzetk\u00f6zi botr\u00e1nyban, aki a k\u00e9t katon\u00e1t egy folyos\u00f3n sz\u00e1ll\u00e1solta el annak idej\u00e9n. (Ennek a mondatnak egy\u00e9b k\u00f6vetkezm\u00e9nyeibe most ne menj\u00fcnk bele.) A hallottak kapcs\u00e1n keletkez\u0151 felh\u00e1borod\u00e1somban, az el\u0151bbi ok-okozat vizsg\u00e1lat alapj\u00e1n, kap\u00e1sb\u00f3l j\u00f6tt a v\u00e1laszom. Antinak nincs igaza, ugyanis, ha a hat\u00e1r\u0151rs\u00e9g illet\u00e9kes szem\u00e9lye, annak idej\u00e9n nem engedi be a hal\u00e1lra k\u00e9sz\u00fcl\u0151 katon\u00e1t, akkor nincs semmi gond. Azaz \u0151 az eg\u00e9sz folyamat okoz\u00f3ja. Erre azonban nejem kontr\u00e1zott, felh\u00edvva figyelmemet az ok-okozat viszony r\u00e9szleges alkalmaz\u00e1s\u00e1nak hib\u00e1j\u00e1ra. Ugyanis megl\u00e1t\u00e1sa szerint a lem\u00e9sz\u00e1rolt katona anyja az igazi felel\u0151s, aki ha nem sz\u00fcli meg szerencs\u00e9tlent, akkor most nincs nemzetk\u00f6zi balh\u00e9. Ebben mindketten egyet\u00e9rtett\u00fcnk \u00e9s a dolgot ezzel le is z\u00e1rtuk.<\/p>\n<p>De ma reggel megvil\u00e1gosod\u00e1som volt. Reggelente a &#8222;kir\u00e1lyi tr\u00f3non&#8221; \u00fclve egy k\u00f6nyvet olvasgatok \u00e9vek \u00f3ta. A k\u00f6nyv c\u00edme &#8222;Krisztus mindenekfelett&#8221;, \u00e9s egy-egy elgondolkodtat\u00f3 &#8222;\u00fczenet&#8221; van benne az \u00e9v minden napj\u00e1ra. Na ennek olvasgat\u00e1sa sor\u00e1n d\u00f6bbentem r\u00e1, hogy m\u00faltkor nagyot hib\u00e1ztunk. Ugyanis az igazi felel\u0151s nem a halott katona anyja, hanem az \u00dar maga! Ugyanis ha \u0150 annak idej\u00e9n nem kapkodja el ezt a teremt\u00e9s dolgot, \u00e9s jobban \u00e1tgondolja az emberteremt\u00e9si projektet, akkor nincs \u00c1d\u00e1m \u00e9s \u00c9va, \u00e9s nem j\u00f6n l\u00e9tre az emberi faj sem. Nincsenek azeriek \u00e9s \u00f6rm\u00e9nyek. Nem lenn\u00e9nek magyarok, akik k\u00f6z\u00fcl egy, nemzetk\u00f6zi felh\u00e1borod\u00e1st eredm\u00e9nyez\u0151 hib\u00e1t k\u00f6vethet el azzal, hogy azonos folyos\u00f3ra sz\u00e1ll\u00e1sol el, k\u00e9t egym\u00e1ssal \u00e9vtizedek \u00f3ta hadban \u00e1ll\u00f3 n\u00e9pcsoportba tartoz\u00f3 embert.<\/p>\n<p>Vagyis l\u00e1ssuk be! Haz\u00e1nk jelenlegi probl\u00e9m\u00e1j\u00e1\u00e9rt maga a J\u00f3 Isten a felel\u0151s! Ez Rog\u00e1n Anti felvet\u00e9se, valamint az ok-okozati viszonyok alapj\u00e1n teljesen egy\u00e9rtelm\u0171. Ezek ut\u00e1n m\u00e1r csak azzal nem vagyok igaz\u00e1b\u00f3l tiszt\u00e1ban, hogy mik\u00e9nt kell ezt \u00e9rtelmezni a KDNP jelenl\u00e9te eset\u00e9n!? Lehet, hogy a korm\u00e1ny megfelel\u0151 emberei nem konzult\u00e1ltak annak idej\u00e9n az \u00darral ebben a k\u00e9rd\u00e9sben?<\/p>\n","protected":false},"excerpt":{"rendered":"<p>M\u0171szaki \u00e9s pedag\u00f3gus ember l\u00e9v\u00e9n, mindig fontos dolognak tartottam, hogy a folyamatok, t\u00f6rt\u00e9n\u00e9sek, esem\u00e9nyek \u00e9rtelmez\u00e9se sor\u00e1n az ok-okozat viszony\u00e1ban az okokat vizsg\u00e1ljuk el\u0151sz\u00f6r. Erre tan\u00edtv\u00e1nyaim, ismer\u0151seim figyelm\u00e9t is gyakran felh\u00edvom, amikor egy-egy dologr\u00f3l besz\u00e9lget\u00fcnk. \u00cdgy volt ez most is, amikor kicsiny haz\u00e1m h\u00edrtelen a nemzetk\u00f6zi v\u00e9lem\u00e9nyek keresztt\u00fcz\u00e9be ker\u00fclt, az \u00f6rm\u00e9ny-azeri-magyar konfliktus kapcs\u00e1n. A szok\u00e1somnak megfelel\u0151en persze \u00e9n is a folyamat okait kerestem, \u00e9s pr\u00f3b\u00e1ltam t\u00e1j\u00e9koz\u00f3dni ezen a t\u00e9ren. <a href=\"https:\/\/www.mszporoszlany.hu\/?p=1357\">Egy kattint\u00e1s ide a folytat\u00e1shoz&#8230;. <span class=\"meta-nav\">&rarr;<\/span><\/a><\/p>\n","protected":false},"author":35,"featured_media":0,"comment_status":"open","ping_status":"closed","sticky":false,"template":"","format":"standard","meta":{"footnotes":""},"categories":[196],"tags":[667,661,664,506,662,668,392,660,416,663,666,665],"class_list":["post-1357","post","type-post","status-publish","format-standard","hentry","category-magyarorszag","tag-adam-es-eva","tag-azeri","tag-katona","tag-kdnp","tag-konfliktus","tag-konzultacio","tag-magyar","tag-ormeny","tag-orszaggyules","tag-rogan-antal","tag-teremtes","tag-ur"],"_links":{"self":[{"href":"https:\/\/www.mszporoszlany.hu\/index.php?rest_route=\/wp\/v2\/posts\/1357","targetHints":{"allow":["GET"]}}],"collection":[{"href":"https:\/\/www.mszporoszlany.hu\/index.php?rest_route=\/wp\/v2\/posts"}],"about":[{"href":"https:\/\/www.mszporoszlany.hu\/index.php?rest_route=\/wp\/v2\/types\/post"}],"author":[{"embeddable":true,"href":"https:\/\/www.mszporoszlany.hu\/index.php?rest_route=\/wp\/v2\/users\/35"}],"replies":[{"embeddable":true,"href":"https:\/\/www.mszporoszlany.hu\/index.php?rest_route=%2Fwp%2Fv2%2Fcomments&post=1357"}],"version-history":[{"count":0,"href":"https:\/\/www.mszporoszlany.hu\/index.php?rest_route=\/wp\/v2\/posts\/1357\/revisions"}],"wp:attachment":[{"href":"https:\/\/www.mszporoszlany.hu\/index.php?rest_route=%2Fwp%2Fv2%2Fmedia&parent=1357"}],"wp:term":[{"taxonomy":"category","embeddable":true,"href":"https:\/\/www.mszporoszlany.hu\/index.php?rest_route=%2Fwp%2Fv2%2Fcategories&post=1357"},{"taxonomy":"post_tag","embeddable":true,"href":"https:\/\/www.mszporoszlany.hu\/index.php?rest_route=%2Fwp%2Fv2%2Ftags&post=1357"}],"curies":[{"name":"wp","href":"https:\/\/api.w.org\/{rel}","templated":true}]}}