{"id":1361,"date":"2012-09-12T08:00:29","date_gmt":"2012-09-12T07:00:29","guid":{"rendered":"http:\/\/www.mszporoszlany.hu\/?p=1361"},"modified":"2012-10-29T12:36:24","modified_gmt":"2012-10-29T11:36:24","slug":"avatunk","status":"publish","type":"post","link":"https:\/\/www.mszporoszlany.hu\/?p=1361","title":{"rendered":"Avatunk!"},"content":{"rendered":"<p><img loading=\"lazy\" decoding=\"async\" class=\"alignleft size-full wp-image-1368\" title=\"Avatunk\" src=\"https:\/\/www.mszporoszlany.hu\/wp-content\/uploads\/2012\/09\/Avatunk.jpg\" alt=\"\" width=\"200\" height=\"120\" \/>Amikor ezek a sorok felker\u00fclnek weboldalunkra (szerda d\u00e9lel\u0151tt), akkor \u00e9ppen avat\u00e1si szertart\u00e1son vesznek r\u00e9szt v\u00e1rosunk prominensei. Hogy mit avatnak? H\u00e1t az elk\u00e9sz\u00fclt \u00faj utat, amire mintegy 25 milli\u00f3t k\u00f6lt\u00f6ttek a k\u00f6z\u00f6s kassz\u00e1b\u00f3l.\u00a0S, hogy hol \u00fcnnepelik meg ezt a projektet? H\u00e1t abban a Szent Domonkos \u00e9tteremben, aminek l\u00e9tez\u00e9s\u00e9r\u0151l nem oly r\u00e9gen m\u00e9g nem is tudott polg\u00e1rmester\u00fcnk!<\/p>\n<p><!--more--><\/p>\n<p>Az al\u00e1bbi kommentet rittyentette ide Tak\u00e1cs K\u00e1roly:<\/p>\n<p style=\"padding-left: 30px;\">\u201e<em>Nem val\u00f3s a cikk \u00e1ll\u00edt\u00e1sa, hogy egy vend\u00e9gl\u0151 \u00e9rdek\u00e9ben tett\u00fck a javaslatot! <span style=\"text-decoration: underline;\">Nem is tudom hol van ez vend\u00e9gl\u0151<\/span>! A val\u00f3s indok: a telep\u00fcl\u00e9sek k\u00f6z\u00f6tti kapcsolatok megteremt\u00e9se, annak el\u0151seg\u00edt\u00e9se. Az els\u0151 komoly hat\u00f3s\u00e1gi terveket \u2013 ami akkor k\u00f6lts\u00e9ges volt \u2013 m\u00e9g 2002-ben tett\u00e9k le, s akkor az \u00d6n\u00f6k frakci\u00f3ja volt t\u00f6bbs\u00e9gben! Amikor teh\u00e1t kritiz\u00e1j\u00e1k ezt d\u00f6nt\u00e9st, s \u00fajfent elutas\u00edtj\u00e1k, akkor a saj\u00e1t kor\u00e1bbi d\u00f6nt\u00e9s\u00fcket utas\u00edtj\u00e1k el! Mink\u00e9t telep\u00fcl\u00e9s test\u00fclet t\u00e1mogatja (V\u00e9rtessoml\u00f3, V\u00e1rgesztes) az \u00fat\u00e9p\u00edt\u00e9st! K\u00e9rem ezt eszerint kezelj\u00e9k!<\/em>\u201d<\/p>\n<p>Sz\u00f3val, \u00fcnnep van, \u00e9s tekints\u00fcnk el att\u00f3l a m\u00e1sik cs\u00fasztat\u00e1st\u00f3l is, hogy ezt a beruh\u00e1z\u00e1st mennyire t\u00e1mogatta V\u00e9rtessoml\u00f3. Erre a legjobb v\u00e1laszt a k\u00f6zs\u00e9g honlapj\u00e1n tal\u00e1ljuk, az \u00e1prilisi k\u00e9pvisel\u0151-test\u00fcleti \u00fcl\u00e9s jegyz\u0151k\u00f6nyv\u00e9ben:<\/p>\n<p style=\"padding-left: 30px;\">\u201e<em>Hartd\u00e9gen J\u00f3zsef polg\u00e1rmester ismerteti a megkeres\u00e9st. V\u00e9lem\u00e9nye szerint ez nem jelent el\u0151nyt V\u00e9rtessoml\u00f3nak, mert nem hozza l\u00e9nyegesen k\u00f6zelebb Oroszl\u00e1nyt, m\u00edg h\u00e1tr\u00e1nyk\u00e9nt a megn\u00f6veked\u0151 g\u00e9pj\u00e1rm\u0171forgalom jelentkezhet. A tervezett \u00fat els\u0151sorban V\u00e1rgesztesnek, ill. a Villaparknak jelenthet el\u0151nyt, amit viszont nem szeretne megakad\u00e1lyozni. Pr\u00f3b\u00e1lt m\u00e1s nyomvonalat javasolni, de azok megval\u00f3s\u00edt\u00e1sa t\u00f6bb \u00e9vbe telne.<\/em><\/p>\n<p style=\"padding-left: 30px;\"><em>A legjobb megold\u00e1s az lenne, ha a \u201eK\u00e9th\u00e1z\u201d-n\u00e1l a k\u00f6rnyeb\u00e1nyai utat \u00e1tvezetn\u00e9k a Kizsumin az Oroszl\u00e1ny-Cs\u00e1kv\u00e1r keresztez\u0151d\u00e9s k\u00f6zel\u00e9be. Ez a v\u00e1ltozat el\u0151ny\u00f6s lenne Tatab\u00e1nya \u00e9s K\u00f6rnye telep\u00fcl\u00e9seknek is, illeszkedik a megyei ter\u00fcletfejleszt\u00e9si koncepci\u00f3hoz, s jelent\u0151sen ler\u00f6vid\u00edten\u00e9 a Tatab\u00e1nya-Sz\u00e9kesfeh\u00e9rv\u00e1r utat. Sajnos erre most nincs rem\u00e9ny. Farkas Korn\u00e9lia k\u00e9pvisel\u0151 v\u00e9lem\u00e9nye szerint nem hi\u00e1nyzik Soml\u00f3nak ez az \u00fat, erre k\u00fcl\u00f6n p\u00e9nz nincs \u00e9s nem is akarna k\u00f6lteni. Mi\u00e9rt nem lehet m\u00e1s nyomvonalon vezetni az utat?<\/em><\/p>\n<p style=\"padding-left: 30px;\"><em>Hartd\u00e9gen J\u00f3zsef elmondja, hogy csak az oroszl\u00e1nyiak \u00e1ltal megjel\u00f6lt utak vannak \u00f6nkorm\u00e1nyzati tulajdonban, valamennyi alternat\u00edv javaslat egy\u00e9b tulajdonokat is \u00e9rint, aminek rendez\u00e9se ak\u00e1r \u00e9vekbe telik. Javasolja, hogy j\u00e1ruljanak hozz\u00e1 az oroszl\u00e1nyi k\u00e9r\u00e9shez, azzal, hogy ez V\u00e9rtessoml\u00f3 sz\u00e1m\u00e1ra nem jelent el\u0151nyt, illetve nem tud anyagilag hozz\u00e1j\u00e1rulni.<\/em>\u201d<\/p>\n<p>Ma m\u00e1r az is k\u00f6ztudott, hogy a f\u00f6ldtulajdonosok sikeres protest\u00e1l\u00e1s\u00e1t k\u00f6vet\u0151en v\u00e9g\u00fcl nem az eredeti nyomvonalon halad az \u00fat, hanem a tervezett\u0151l j\u00f3 egy kilom\u00e9terrel V\u00e1rgesztes ir\u00e1ny\u00e1ba siker\u00fclt a bek\u00f6t\u00e9s. V\u00e9gigment\u00fcnk rajta magunk is, els\u0151 benyom\u00e1sainkat osztjuk meg az olvas\u00f3kkal.<\/p>\n<p><div id=\"attachment_1366\" style=\"width: 430px\" class=\"wp-caption aligncenter\"><a href=\"https:\/\/www.mszporoszlany.hu\/wp-content\/uploads\/2012\/09\/VSUtTalalkozo.jpg\" rel=\"lightbox[1]\"><img loading=\"lazy\" decoding=\"async\" aria-describedby=\"caption-attachment-1366\" class=\" wp-image-1366    \" title=\"Utak tal\u00e1lkoz\u00e1sa =&gt; Klikk a nagy\u00edt\u00e1s miatt!\" src=\"https:\/\/www.mszporoszlany.hu\/wp-content\/uploads\/2012\/09\/VSUtTalalkozo.jpg\" alt=\"\" width=\"420\" height=\"280\" srcset=\"https:\/\/www.mszporoszlany.hu\/wp-content\/uploads\/2012\/09\/VSUtTalalkozo.jpg 600w, https:\/\/www.mszporoszlany.hu\/wp-content\/uploads\/2012\/09\/VSUtTalalkozo-320x213.jpg 320w\" sizes=\"auto, (max-width: 420px) 100vw, 420px\" \/><\/a><p id=\"caption-attachment-1366\" class=\"wp-caption-text\">Utak tal\u00e1lkoz\u00e1sa<\/p><\/div>Ami vitathatatlan: j\u00f3csk\u00e1n ler\u00f6vid\u00fcl a t\u00e1vols\u00e1g mindazoknak, akik V\u00e1rgesztesre kir\u00e1ndulnak, s a gesztesiek is \u00f6r\u00fclnek a beruh\u00e1z\u00e1snak. A soml\u00f3iakat ez hidegen hagyja, mivel el\u0151sz\u00f6r V\u00e1rgesztes fel\u00e9 kellene haladniuk j\u00f3 k\u00e9t \u00e9s f\u00e9l kilom\u00e9tert, majd \u00fagy r\u00e1fordulni az \u00fatra, nekik r\u00f6videbb \u00e9s gyorsabb, ha K\u00f6rnye fel\u00e9 mennek.<br \/>\nA k\u00f6rnyezet nagyon sz\u00e9p, \u00e9lvezet ker\u00e9kp\u00e1rral, vagy gyalog arrafel\u00e9 kir\u00e1ndulni, \u00e9s az \u00fat min\u0151s\u00e9g\u00e9vel sincsenek k\u00fcl\u00f6n\u00f6sebb probl\u00e9m\u00e1ink. Ami gondot okozhat, hogy egyes r\u00e9szekn\u00e9l eg\u00e9szen sz\u0171k a nyomvonal, nem besz\u00e9lve a k\u00e9t oldalt \u00e1ll\u00f3 k\u0151oszlopokr\u00f3l, bizony, itt k\u00e9t aut\u00f3 tal\u00e1lkoz\u00e1s\u00e1n\u00e1l valakinek tolatnia kell j\u00f3 darabon.<\/p>\n<p><div id=\"attachment_1365\" style=\"width: 430px\" class=\"wp-caption aligncenter\"><a href=\"https:\/\/www.mszporoszlany.hu\/wp-content\/uploads\/2012\/09\/VSNeTalakozz.jpg\" rel=\"lightbox[1]\"><img loading=\"lazy\" decoding=\"async\" aria-describedby=\"caption-attachment-1365\" class=\" wp-image-1365   \" title=\"Itt ne tal\u00e1lkozz senkivel =&gt; Klikk a nagy\u00edt\u00e1s miatt!\" src=\"https:\/\/www.mszporoszlany.hu\/wp-content\/uploads\/2012\/09\/VSNeTalakozz.jpg\" alt=\"\" width=\"420\" height=\"280\" srcset=\"https:\/\/www.mszporoszlany.hu\/wp-content\/uploads\/2012\/09\/VSNeTalakozz.jpg 600w, https:\/\/www.mszporoszlany.hu\/wp-content\/uploads\/2012\/09\/VSNeTalakozz-320x213.jpg 320w\" sizes=\"auto, (max-width: 420px) 100vw, 420px\" \/><\/a><p id=\"caption-attachment-1365\" class=\"wp-caption-text\">Itt ne tal\u00e1lkozz senkivel<\/p><\/div>Mi csak azt az ingatlan tulajdonost sajn\u00e1ljuk, akinek h\u00e1zfal\u00e1t\u00f3l alig m\u00e1sf\u00e9l m\u00e9terre halad az \u00fat, miel\u0151tt a gesztesi \u00fatba torkollik. \u0150 minden bizonnyal az\u00e9rt vett itt ter\u00fcletet, hogy nyugodt, csendes k\u00f6rnyezetben \u00e9p\u00edtse fel a csal\u00e1di f\u00e9szket, m\u00e1rpedig ennek a csendnek \u00e9s nyugalomnak \u2013 ha itt aut\u00f3k is k\u00f6zlekednek \u2013 l\u0151ttek.<\/p>\n<p><div id=\"attachment_1364\" style=\"width: 430px\" class=\"wp-caption aligncenter\"><a href=\"https:\/\/www.mszporoszlany.hu\/wp-content\/uploads\/2012\/09\/VSHazTove.jpg\" rel=\"lightbox[1]\"><img loading=\"lazy\" decoding=\"async\" aria-describedby=\"caption-attachment-1364\" class=\" wp-image-1364   \" title=\"\u00dat a h\u00e1z t\u00f6v\u00e9ben =&gt; Klikk a nagy\u00edt\u00e1s miatt!\" src=\"https:\/\/www.mszporoszlany.hu\/wp-content\/uploads\/2012\/09\/VSHazTove.jpg\" alt=\"\" width=\"420\" height=\"280\" srcset=\"https:\/\/www.mszporoszlany.hu\/wp-content\/uploads\/2012\/09\/VSHazTove.jpg 600w, https:\/\/www.mszporoszlany.hu\/wp-content\/uploads\/2012\/09\/VSHazTove-320x213.jpg 320w\" sizes=\"auto, (max-width: 420px) 100vw, 420px\" \/><\/a><p id=\"caption-attachment-1364\" class=\"wp-caption-text\">\u00dat a h\u00e1z t\u00f6v\u00e9ben<\/p><\/div>\u00d6sszegezve teh\u00e1t: kellemes kir\u00e1ndul\u00f3 \u00fat \u00e9p\u00fclt, n\u00e9hol kicsit keskeny, n\u00e9hol kicsit hepehup\u00e1s, nem ott csatlakozik, ahol eredetileg tervezt\u00e9k, de a mi\u00e9nk \u2013 ahogy a klasszikus mondan\u00e1. S, hogy mindez meg\u00e9rte-e a 25 milli\u00f3s befektet\u00e9st, hogy nem lett volna-e m\u00e1s, jobban hasznosul\u00f3 helye eme tisztes \u00f6sszegnek, arra mindenkinek mag\u00e1nak kell megadnia a v\u00e1laszt.<\/p>\n","protected":false},"excerpt":{"rendered":"<p>Amikor ezek a sorok felker\u00fclnek weboldalunkra (szerda d\u00e9lel\u0151tt), akkor \u00e9ppen avat\u00e1si szertart\u00e1son vesznek r\u00e9szt v\u00e1rosunk prominensei. Hogy mit avatnak? H\u00e1t az elk\u00e9sz\u00fclt \u00faj utat, amire mintegy 25 milli\u00f3t k\u00f6lt\u00f6ttek a k\u00f6z\u00f6s kassz\u00e1b\u00f3l.<br \/>\nS, hogy hol \u00fcnnepelik meg ezt a projektet? H\u00e1t abban a Szent Domonkos \u00e9tteremben, aminek l\u00e9tez\u00e9s\u00e9r\u0151l nem oly r\u00e9gen m\u00e9g nem is tudott polg\u00e1rmester\u00fcnk! <a href=\"https:\/\/www.mszporoszlany.hu\/?p=1361\">Egy kattint\u00e1s ide a folytat\u00e1shoz&#8230;. <span class=\"meta-nav\">&rarr;<\/span><\/a><\/p>\n","protected":false},"author":35,"featured_media":0,"comment_status":"open","ping_status":"closed","sticky":false,"template":"","format":"standard","meta":{"footnotes":""},"categories":[1,195,194],"tags":[634,673,670,671,672,1764,669,9,178,177],"class_list":["post-1361","post","type-post","status-publish","format-standard","hentry","category-egyeb","category-komarom-esztergom-megye","category-oroszlany","tag-25-millio","tag-farkas-kornelia","tag-hartdegen-jozsef","tag-kethaz","tag-kornyebanya","tag-oroszlany","tag-szent-domonkos-etterem","tag-takacs-karoly","tag-vargesztes","tag-vertessomlo"],"_links":{"self":[{"href":"https:\/\/www.mszporoszlany.hu\/index.php?rest_route=\/wp\/v2\/posts\/1361","targetHints":{"allow":["GET"]}}],"collection":[{"href":"https:\/\/www.mszporoszlany.hu\/index.php?rest_route=\/wp\/v2\/posts"}],"about":[{"href":"https:\/\/www.mszporoszlany.hu\/index.php?rest_route=\/wp\/v2\/types\/post"}],"author":[{"embeddable":true,"href":"https:\/\/www.mszporoszlany.hu\/index.php?rest_route=\/wp\/v2\/users\/35"}],"replies":[{"embeddable":true,"href":"https:\/\/www.mszporoszlany.hu\/index.php?rest_route=%2Fwp%2Fv2%2Fcomments&post=1361"}],"version-history":[{"count":0,"href":"https:\/\/www.mszporoszlany.hu\/index.php?rest_route=\/wp\/v2\/posts\/1361\/revisions"}],"wp:attachment":[{"href":"https:\/\/www.mszporoszlany.hu\/index.php?rest_route=%2Fwp%2Fv2%2Fmedia&parent=1361"}],"wp:term":[{"taxonomy":"category","embeddable":true,"href":"https:\/\/www.mszporoszlany.hu\/index.php?rest_route=%2Fwp%2Fv2%2Fcategories&post=1361"},{"taxonomy":"post_tag","embeddable":true,"href":"https:\/\/www.mszporoszlany.hu\/index.php?rest_route=%2Fwp%2Fv2%2Ftags&post=1361"}],"curies":[{"name":"wp","href":"https:\/\/api.w.org\/{rel}","templated":true}]}}