{"id":1376,"date":"2012-09-18T10:05:43","date_gmt":"2012-09-18T09:05:43","guid":{"rendered":"http:\/\/www.mszporoszlany.hu\/?p=1376"},"modified":"2012-10-29T12:36:12","modified_gmt":"2012-10-29T11:36:12","slug":"informalgatunk-cselezgetunk","status":"publish","type":"post","link":"https:\/\/www.mszporoszlany.hu\/?p=1376","title":{"rendered":"Inform\u00e1lgatunk, cselezget\u00fcnk"},"content":{"rendered":"<p><img loading=\"lazy\" decoding=\"async\" class=\"alignleft size-full wp-image-1377\" title=\"justitia\" src=\"https:\/\/www.mszporoszlany.hu\/wp-content\/uploads\/2012\/09\/justitia.png\" alt=\"\" width=\"200\" height=\"120\" \/>N\u00e9zegetem v\u00e1rosunk weboldal\u00e1t: a polg\u00e1rmesteri riportok k\u00f6z\u00f6tt els\u0151 k\u00e9zb\u0151l tekinthetj\u00fck meg, hogy panasszal \u00e9lt a v\u00e1rosvezet\u00e9s. Tudj\u00e1k mi ellen, a t\u00f6bb mint f\u00e9lmilli\u00e1rdos, k\u00fcl\u00f6n\u00f6sen nagy vagyoni h\u00e1tr\u00e1nyt okoz\u00f3 h\u0171tlen kezel\u00e9s b\u0171ntett\u00e9nek nyomoz\u00e1smegsz\u00fcntet\u0151 hat\u00e1rozata ellen. Azt viszont, hogy ezt a panaszt k\u00f6zel egy h\u00f3napja elutas\u00edtott\u00e1k, pontosan augusztus 22-\u00e9n, na, arr\u00f3l semmi h\u00edr, mint ahogy a be\u00edg\u00e9rt bocs\u00e1natk\u00e9r\u00e9s sem olvashat\u00f3 sehol.<\/p>\n<p><!--more--><\/p>\n<p>Azt\u00e1n szeptember 11-\u00e9n \u00fcl\u00e9sre \u00fclnek \u00f6ssze a k\u00e9pvisel\u0151k, s l\u00e1ss csod\u00e1t, a k\u00e9t \u00fcl\u00e9s k\u00f6z\u00f6tti esem\u00e9nyek napirendi pontja, amelyikkel \u00e9vek \u00f3ta rendre indul a program, egyszer csak \u00e1tker\u00fcl a 16. helyre. Tudj\u00e1k, k\u00e9s\u0151 \u00e9jszak\u00e1ba, amikor m\u00e1r a kutya sem k\u00f6veti a diskurzust.<\/p>\n<p>De, hogy a helyi politik\u00e1t k\u00f6vet\u0151 polg\u00e1rnak m\u00e9g jobban megnehez\u00edts\u00e9k a dolg\u00e1t, nem az el\u0151zetes anyagban van az err\u0151l sz\u00f3l\u00f3 t\u00e1j\u00e9koztat\u00e1s, hanem a helyben kiosztott p\u00f3tanyag 75. (!!!) pontj\u00e1ban, amihez annyi sz\u00f3beli kieg\u00e9sz\u00edt\u00e9st m\u00e9g hozz\u00e1tett a polg\u00e1rmester, hogy nem \u00e9rtenek vele egyet.<\/p>\n<p>Sz\u00f3val nem nagyon veszi be a gyomruk az uraknak, hogy nem siker\u00fclt b\u00f6rt\u00f6nbe juttatni az el\u0151z\u0151 v\u00e1rosvezet\u00e9st, de ez legyen az \u0151 gondjuk, hiszem \u2013 mint ezen az oldalon m\u00e1r olvashat\u00f3 volt \u2013 m\u00e9g ott van a mag\u00e1nv\u00e1d int\u00e9zm\u00e9nye.<\/p>\n<p>Mi azonban nem szeretn\u00e9nk olvas\u00f3inkt\u00f3l elvenni a t\u00e9nyek megismer\u00e9s\u00e9nek \u00f6r\u00f6m\u00e9t, \u00edgy teljess\u00e9g\u00e9ben k\u00f6z\u00f6lj\u00fck a h\u00edres 75. napirendi pontot:<\/p>\n<p style=\"padding-left: 30px;\"><em>&#8222;75. T\u00e1j\u00e9koztatom a Tisztelt K\u00e9pvisel\u0151-test\u00fclet arr\u00f3l, hogy Oroszl\u00e1ny V\u00e1ros \u00d6nkorm\u00e1nyzat\u00e1t \u00e9s az Oroszl\u00e1nyi Szolg\u00e1ltat\u00f3 Zrt.-t \u00e9rint\u0151, a B\u00fcntet\u0151 T\u00f6rv\u00e9nyk\u00f6nyv 319. \u00a7 (1) bekezd\u00e9s\u00e9be \u00fctk\u00f6z\u0151 \u00e9s a (3) bekezd\u00e9s c. pontja szerint min\u0151s\u00fcl\u0151, k\u00fcl\u00f6n\u00f6sen nagy vagyoni h\u00e1tr\u00e1nyt okoz\u00f3 h\u0171tlen kezel\u00e9s b\u0171ntett\u00e9nek gyan\u00faja miatt ismeretlen tettessel szemben folytatott nyomoz\u00e1st a Kom\u00e1rom-Esztergom Megyei Rend\u0151r-f\u0151kapit\u00e1nys\u00e1g B\u0171n\u00fcgyi Szervek B\u0171n\u00fcgyi Oszt\u00e1lya\u00a02012. j\u00falius 4-\u00e9n kelt, 11.000\/84\/2011. iktat\u00f3sz\u00e1m\u00fa hat\u00e1rozat\u00e1val megsz\u00fcntette, mivel a meg\u00e1llap\u00edt\u00e1suk szerint a cselekm\u00e9ny nem b\u0171ncselekm\u00e9ny.<\/em><\/p>\n<p style=\"padding-left: 30px;\"><em>A vissza\u00e9l\u00e9sek gyan\u00faja miatt indult elj\u00e1r\u00e1st megsz\u00fcntet\u0151 hat\u00e1rozat ellen panasszal \u00e9lt\u00fcnk a k\u00f6vetkez\u0151 \u00fcgyekben: S\u00e1rga t\u00f6mb bont\u00e1s; Uszoda beruh\u00e1z\u00e1s; Landford Kft., T\u00f3parki lak\u00f3park\u00a0Als\u00f3 parkt\u00f3 kotr\u00e1sa; Ingatlancsere \u00fcgylet; Gasztron\u00f3mia Kft.-vel k\u00f6t\u00f6tt b\u00e9rleti szerz\u0151d\u00e9s.<\/em><\/p>\n<p style=\"padding-left: 30px;\"><em>A Kom\u00e1rom-Esztergom Megyei F\u0151\u00fcgy\u00e9szs\u00e9g 2012. augusztus 22-\u00e9n kelt KF.1041\/2011\/13. sz\u00e1m\u00fa hat\u00e1rozat\u00e1val a panaszt elutas\u00edtotta. A d\u00f6nt\u00e9st tudom\u00e1sul vessz\u00fck.&#8221;<\/em><\/p>\n","protected":false},"excerpt":{"rendered":"<p>N\u00e9zegetem v\u00e1rosunk weboldal\u00e1t: a polg\u00e1rmesteri riportok k\u00f6z\u00f6tt els\u0151 k\u00e9zb\u0151l tekinthetj\u00fck meg, hogy panasszal \u00e9lt a v\u00e1rosvezet\u00e9s. Tudj\u00e1k mi ellen, a t\u00f6bb mint f\u00e9lmilli\u00e1rdos, k\u00fcl\u00f6n\u00f6sen nagy vagyoni h\u00e1tr\u00e1nyt okoz\u00f3 h\u0171tlen kezel\u00e9s b\u0171ntett\u00e9nek nyomoz\u00e1smegsz\u00fcntet\u0151 hat\u00e1rozata ellen. Azt viszont, hogy ezt a panaszt k\u00f6zel egy h\u00f3napja elutas\u00edtott\u00e1k, pontosan augusztus 22-\u00e9n, na, arr\u00f3l semmi h\u00edr, mint ahogy a be\u00edg\u00e9rt bocs\u00e1natk\u00e9r\u00e9s sem olvashat\u00f3 sehol. <a href=\"https:\/\/www.mszporoszlany.hu\/?p=1376\">Egy kattint\u00e1s ide a folytat\u00e1shoz&#8230;. <span class=\"meta-nav\">&rarr;<\/span><\/a><\/p>\n","protected":false},"author":35,"featured_media":0,"comment_status":"open","ping_status":"closed","sticky":false,"template":"","format":"standard","meta":{"footnotes":""},"categories":[194],"tags":[678,683,680,677,59,502,682,679,681,131,676,70,674,675],"class_list":["post-1376","post","type-post","status-publish","format-standard","hentry","category-oroszlany","tag-buntett","tag-bunugyi-szervek-bunugyi-osztalya","tag-elutasitas","tag-felmilliard","tag-hutlen-kezeles","tag-komarom-esztergom-megyei-fougyeszseg","tag-komarom-esztergom-megyei-rendor-fokapitanysag","tag-megszunteto-hatarozat","tag-oroszlany-varos-onkormanyzata","tag-oroszlanyi-szolgaltato-zrt","tag-panasszal-eles","tag-polgarmester","tag-riport","tag-varosvezetes"],"_links":{"self":[{"href":"https:\/\/www.mszporoszlany.hu\/index.php?rest_route=\/wp\/v2\/posts\/1376","targetHints":{"allow":["GET"]}}],"collection":[{"href":"https:\/\/www.mszporoszlany.hu\/index.php?rest_route=\/wp\/v2\/posts"}],"about":[{"href":"https:\/\/www.mszporoszlany.hu\/index.php?rest_route=\/wp\/v2\/types\/post"}],"author":[{"embeddable":true,"href":"https:\/\/www.mszporoszlany.hu\/index.php?rest_route=\/wp\/v2\/users\/35"}],"replies":[{"embeddable":true,"href":"https:\/\/www.mszporoszlany.hu\/index.php?rest_route=%2Fwp%2Fv2%2Fcomments&post=1376"}],"version-history":[{"count":0,"href":"https:\/\/www.mszporoszlany.hu\/index.php?rest_route=\/wp\/v2\/posts\/1376\/revisions"}],"wp:attachment":[{"href":"https:\/\/www.mszporoszlany.hu\/index.php?rest_route=%2Fwp%2Fv2%2Fmedia&parent=1376"}],"wp:term":[{"taxonomy":"category","embeddable":true,"href":"https:\/\/www.mszporoszlany.hu\/index.php?rest_route=%2Fwp%2Fv2%2Fcategories&post=1376"},{"taxonomy":"post_tag","embeddable":true,"href":"https:\/\/www.mszporoszlany.hu\/index.php?rest_route=%2Fwp%2Fv2%2Ftags&post=1376"}],"curies":[{"name":"wp","href":"https:\/\/api.w.org\/{rel}","templated":true}]}}