{"id":1380,"date":"2012-09-19T20:32:15","date_gmt":"2012-09-19T19:32:15","guid":{"rendered":"http:\/\/www.mszporoszlany.hu\/?p=1380"},"modified":"2012-10-29T12:35:59","modified_gmt":"2012-10-29T11:35:59","slug":"csoportos-letszamleepites","status":"publish","type":"post","link":"https:\/\/www.mszporoszlany.hu\/?p=1380","title":{"rendered":"Csoportos l\u00e9tsz\u00e1mle\u00e9p\u00edt\u00e9s"},"content":{"rendered":"<p><strong><img loading=\"lazy\" decoding=\"async\" class=\"alignleft size-full wp-image-1381\" title=\"Leepites\" src=\"https:\/\/www.mszporoszlany.hu\/wp-content\/uploads\/2012\/09\/Leepites.png\" alt=\"\" width=\"199\" height=\"120\" \/>Megy\u00e9nkben volt a legmagasabb a csoportos l\u00e9tsz\u00e1mle\u00e9p\u00edt\u00e9s<\/strong><\/p>\n<p>Csak az \u00e1ll\u00e1skeres\u0151k tizede kap seg\u00e9lyt vagy j\u00e1rad\u00e9kot, a t\u00f6bbiek foglalkoztat\u00e1st helyettes\u00edt\u0151 t\u00e1mogat\u00e1st, havi 22 800 forintot. A marad\u00e9knak, 284 ezer embernek nem j\u00e1r p\u00e9nz \u2013 \u00e1ll a <a title=\"Profession.HU\" href=\"http:\/\/www.profession.hu\/hu\/cikk_rovid_hirek\/20120917\/kozel-ezer-munkanelkuli-nem-kap-penzt\/1445\" target=\"_blank\">profession.hu<\/a> most k\u00f6zz\u00e9tett elemz\u00e9s\u00e9ben.<\/p>\n<p><!--more--><\/p>\n<p>Augusztusban 700 munkav\u00e1llal\u00f3 volt \u00e9rintett a csoportos l\u00e9tsz\u00e1m-le\u00e9p\u00edt\u00e9si d\u00f6nt\u00e9sekben. Az el\u0151z\u0151 h\u00f3naphoz k\u00e9pest 600-zal kevesebben voltak, \u00e1m 2011 augusztus\u00e1hoz k\u00e9pest 300-zal t\u00f6bben. A dolgoz\u00f3k 54,4 sz\u00e1zal\u00e9k\u00e1t Kom\u00e1rom-Esztergom megyei foglalkoztat\u00f3k bocs\u00e1tott\u00e1k el, \u00e9s \u00f6sszesen 6 megy\u00e9t \u00e9rintett a l\u00e9tsz\u00e1mcs\u00f6kkent\u00e9s. A Nyugat-dun\u00e1nt\u00fali, a D\u00e9l-dun\u00e1nt\u00fali \u00e9s az \u00c9szak-magyarorsz\u00e1gi megy\u00e9kben egyetlen egy bejelent\u00e9s sem \u00e9rkezett a munka\u00fcgyi k\u00f6zpontokhoz.<\/p>\n<p>Augusztusban a munka\u00fcgyi k\u00f6zpontokn\u00e1l 28 300 \u00faj \u00e1ll\u00e1shelyet jelentettek be. Az el\u0151z\u0151 h\u00f3naphoz k\u00e9pest 9700-zal, az el\u0151z\u0151 \u00e9v augusztus\u00e1hoz viszony\u00edtva pedig 15 700-zal kevesebb munkalehet\u0151s\u00e9g volt. A h\u00f3nap folyam\u00e1n \u00f6sszesen 63,3 ezer \u00e1ll\u00e1slehet\u0151s\u00e9g \u00e1llt rendelkez\u00e9sre a k\u00f6zvet\u00edt\u00e9shez, amelyb\u0151l a z\u00e1r\u00f3napon 34,9 ezer maradt bet\u00f6ltetlen.<\/p>\n<p>A nyilv\u00e1ntartott \u00e1ll\u00e1skeres\u0151k a gazdas\u00e1gilag akt\u00edv n\u00e9pess\u00e9ghez viszony\u00edtott ar\u00e1nya 11,9 sz\u00e1zal\u00e9kot, a munkav\u00e1llal\u00e1si kor\u00fa n\u00e9pess\u00e9ghez viszony\u00edtott ar\u00e1nya pedig 7,9 sz\u00e1zal\u00e9kot tett ki 2012. augusztusban. Az 526 900 \u00e1ll\u00e1skeres\u0151b\u0151l 53 100-an r\u00e9szes\u00fcltek \u00e1ll\u00e1skeres\u00e9si j\u00e1rad\u00e9kban vagy \u00e1ll\u00e1skeres\u00e9si seg\u00e9lyben, 189 700 ember foglalkoztat\u00e1st helyettes\u00edt\u0151 t\u00e1mogat\u00e1st (havi 22 800 forintot) kapott. 284 ezren viszont nem kaptak semmilyen p\u00e9nzbeli t\u00e1mogat\u00e1st.<\/p>\n","protected":false},"excerpt":{"rendered":"<p>Csak az \u00e1ll\u00e1skeres\u0151k tizede kap seg\u00e9lyt vagy j\u00e1rad\u00e9kot, a t\u00f6bbiek foglalkoztat\u00e1st helyettes\u00edt\u0151 t\u00e1mogat\u00e1st, havi 22 800 forintot. A marad\u00e9knak, 284 ezer embernek nem j\u00e1r p\u00e9nz \u2013 \u00e1ll a profession.hu most k\u00f6zz\u00e9tett elemz\u00e9s\u00e9ben. <a href=\"https:\/\/www.mszporoszlany.hu\/?p=1380\">Egy kattint\u00e1s ide a folytat\u00e1shoz&#8230;. <span class=\"meta-nav\">&rarr;<\/span><\/a><\/p>\n","protected":false},"author":35,"featured_media":0,"comment_status":"open","ping_status":"closed","sticky":false,"template":"","format":"standard","meta":{"footnotes":""},"categories":[195],"tags":[684,689,686,690,688,685,687],"class_list":["post-1380","post","type-post","status-publish","format-standard","hentry","category-komarom-esztergom-megye","tag-allaskereso","tag-csoportos-letszam-leepites","tag-jaradek","tag-munkaugyi-kozpont","tag-profession-hu","tag-segely","tag-tamogatas"],"_links":{"self":[{"href":"https:\/\/www.mszporoszlany.hu\/index.php?rest_route=\/wp\/v2\/posts\/1380","targetHints":{"allow":["GET"]}}],"collection":[{"href":"https:\/\/www.mszporoszlany.hu\/index.php?rest_route=\/wp\/v2\/posts"}],"about":[{"href":"https:\/\/www.mszporoszlany.hu\/index.php?rest_route=\/wp\/v2\/types\/post"}],"author":[{"embeddable":true,"href":"https:\/\/www.mszporoszlany.hu\/index.php?rest_route=\/wp\/v2\/users\/35"}],"replies":[{"embeddable":true,"href":"https:\/\/www.mszporoszlany.hu\/index.php?rest_route=%2Fwp%2Fv2%2Fcomments&post=1380"}],"version-history":[{"count":0,"href":"https:\/\/www.mszporoszlany.hu\/index.php?rest_route=\/wp\/v2\/posts\/1380\/revisions"}],"wp:attachment":[{"href":"https:\/\/www.mszporoszlany.hu\/index.php?rest_route=%2Fwp%2Fv2%2Fmedia&parent=1380"}],"wp:term":[{"taxonomy":"category","embeddable":true,"href":"https:\/\/www.mszporoszlany.hu\/index.php?rest_route=%2Fwp%2Fv2%2Fcategories&post=1380"},{"taxonomy":"post_tag","embeddable":true,"href":"https:\/\/www.mszporoszlany.hu\/index.php?rest_route=%2Fwp%2Fv2%2Ftags&post=1380"}],"curies":[{"name":"wp","href":"https:\/\/api.w.org\/{rel}","templated":true}]}}