{"id":1390,"date":"2012-09-23T23:55:12","date_gmt":"2012-09-23T22:55:12","guid":{"rendered":"http:\/\/www.mszporoszlany.hu\/?p=1390"},"modified":"2012-09-26T05:05:28","modified_gmt":"2012-09-26T04:05:28","slug":"eutopa-parlamenti-hirlevel","status":"publish","type":"post","link":"https:\/\/www.mszporoszlany.hu\/?p=1390","title":{"rendered":"Eur\u00f3pa Parlamenti H\u00edrlev\u00e9l"},"content":{"rendered":"<p>Herczog Edit EP k\u00e9pvisel\u0151 j\u00f3volt\u00e1b\u00f3l el\u00e9rhet\u0151 legfrissebb h\u00edrlevele. Sok szeretettel aj\u00e1nljuk mindenkinek akit \u00e9rdekelnek az al\u00e1bbi t\u00e9m\u00e1k: Az azeri kiadat\u00e1si \u00fcgy politikai k\u00e9rd\u00e9s; A v\u00e1ls\u00e1gban m\u00e9g fontosabb az energiahat\u00e9konys\u00e1g; Ny\u00e1ri t\u00f6rt\u00e9n\u00e9sek; K\u00e9pgal\u00e9ria.<\/p>\n<p>Az Adobe Reader programmal olvashat\u00f3 PDF dokumentum <a title=\"Herczog Edit h\u00edrlevele\" href=\"https:\/\/www.mszporoszlany.hu\/wp-docs\/HEEP201209.pdf\" target=\"_blank\">itt \u00e9rhet\u0151 el<\/a>!<\/p>\n","protected":false},"excerpt":{"rendered":"<p>Herczog Edit EP k\u00e9pvisel\u0151 j\u00f3volt\u00e1b\u00f3l el\u00e9rhet\u0151 legfrissebb h\u00edrlevele. Sok szeretettel aj\u00e1nljuk mindenkinek akit \u00e9rdekelnek az al\u00e1bbi t\u00e9m\u00e1k: Az azeri kiadat\u00e1si \u00fcgy politikai k\u00e9rd\u00e9s; A v\u00e1ls\u00e1gban m\u00e9g fontosabb az energiahat\u00e9konys\u00e1g; Ny\u00e1ri t\u00f6rt\u00e9n\u00e9sek; K\u00e9pgal\u00e9ria. Az Adobe Reader programmal olvashat\u00f3 PDF dokumentum itt &hellip; <a href=\"https:\/\/www.mszporoszlany.hu\/?p=1390\">Egy kattint\u00e1s ide a folytat\u00e1shoz&#8230;. <span class=\"meta-nav\">&rarr;<\/span><\/a><\/p>\n","protected":false},"author":35,"featured_media":0,"comment_status":"open","ping_status":"closed","sticky":false,"template":"","format":"standard","meta":{"footnotes":""},"categories":[696,196],"tags":[698,697,699],"class_list":["post-1390","post","type-post","status-publish","format-standard","hentry","category-eu-parlament","category-magyarorszag","tag-eu-parlament-2","tag-herczog-edit","tag-hirlevel"],"_links":{"self":[{"href":"https:\/\/www.mszporoszlany.hu\/index.php?rest_route=\/wp\/v2\/posts\/1390","targetHints":{"allow":["GET"]}}],"collection":[{"href":"https:\/\/www.mszporoszlany.hu\/index.php?rest_route=\/wp\/v2\/posts"}],"about":[{"href":"https:\/\/www.mszporoszlany.hu\/index.php?rest_route=\/wp\/v2\/types\/post"}],"author":[{"embeddable":true,"href":"https:\/\/www.mszporoszlany.hu\/index.php?rest_route=\/wp\/v2\/users\/35"}],"replies":[{"embeddable":true,"href":"https:\/\/www.mszporoszlany.hu\/index.php?rest_route=%2Fwp%2Fv2%2Fcomments&post=1390"}],"version-history":[{"count":0,"href":"https:\/\/www.mszporoszlany.hu\/index.php?rest_route=\/wp\/v2\/posts\/1390\/revisions"}],"wp:attachment":[{"href":"https:\/\/www.mszporoszlany.hu\/index.php?rest_route=%2Fwp%2Fv2%2Fmedia&parent=1390"}],"wp:term":[{"taxonomy":"category","embeddable":true,"href":"https:\/\/www.mszporoszlany.hu\/index.php?rest_route=%2Fwp%2Fv2%2Fcategories&post=1390"},{"taxonomy":"post_tag","embeddable":true,"href":"https:\/\/www.mszporoszlany.hu\/index.php?rest_route=%2Fwp%2Fv2%2Ftags&post=1390"}],"curies":[{"name":"wp","href":"https:\/\/api.w.org\/{rel}","templated":true}]}}