{"id":1397,"date":"2012-09-28T17:00:40","date_gmt":"2012-09-28T16:00:40","guid":{"rendered":"http:\/\/www.mszporoszlany.hu\/?p=1397"},"modified":"2012-10-29T12:35:34","modified_gmt":"2012-10-29T11:35:34","slug":"csalni-probal-a-fidesz","status":"publish","type":"post","link":"https:\/\/www.mszporoszlany.hu\/?p=1397","title":{"rendered":"Csalni pr\u00f3b\u00e1l a Fidesz"},"content":{"rendered":"<p><img loading=\"lazy\" decoding=\"async\" class=\"alignleft  wp-image-1398\" title=\"Szavazas\" src=\"https:\/\/www.mszporoszlany.hu\/wp-content\/uploads\/2012\/09\/Szavazas.png\" alt=\"\" width=\"200\" height=\"120\" \/>F\u00e9l a Fidesz, nagyon f\u00e9l a v\u00e1laszt\u00f3kt\u00f3l. Ez az oka annak, hogy manipul\u00e1lni akarja a 2014-es v\u00e1laszt\u00e1st. Nem volt el\u00e9g a v\u00e1laszt\u00f3ker\u00fcletek hat\u00e1rainak tologat\u00e1sa, a gy\u0151zteseket jutalmaz\u00f3 &#8222;kompenz\u00e1ci\u00f3&#8221;, most a v\u00e1laszt\u00e1s lefoly\u00e1s\u00e1t pr\u00f3b\u00e1lj\u00e1k befoly\u00e1solni. A t\u00f6rt\u00e9nelmi h\u0171s\u00e9g kedv\u00e9\u00e9rt r\u00f6gz\u00edts\u00fck: a v\u00e1laszt\u00e1si elj\u00e1r\u00e1si t\u00f6rv\u00e9ny az egy\u00e9ni k\u00e9pvisel\u0151i ind\u00edtv\u00e1nyok sor\u00e1t gyarap\u00edtja, ellentmondva a sz\u00e1mtalan hazug \u00edg\u00e9retnek arr\u00f3l, hogy ezt a fajta t\u00f6rv\u00e9nykez\u00e9st a Fidesz befejezi. Orb\u00e1n Viktor azonban kiz\u00e1r\u00f3lag fegyver- \u00e9s t\u00e1skahord\u00f3iban b\u00edzik, a miniszt\u00e9riumi szakemberekben nem. L\u00e1ssuk h\u00e1t, L\u00e1z\u00e1r J\u00e1nos \u00e9s K\u00f3sa Lajos mi mindent hordtak \u00f6ssze Orb\u00e1n hatalmon tart\u00e1sa \u00e9rdek\u00e9ben.<\/p>\n<p><!--more--><\/p>\n<p>Forr\u00e1s: MSZP.HU, a cikk tov\u00e1bbi r\u00e9sze <a title=\"Csalni pr\u00f3b\u00e1l a Fidesz\" href=\"http:\/\/mszp.hu\/hirek\/csalni_probal_a_fidesz\" target=\"_blank\">itt olvashat\u00f3&#8230;<\/a><\/p>\n","protected":false},"excerpt":{"rendered":"<p>F\u00e9l a Fidesz, nagyon f\u00e9l a v\u00e1laszt\u00f3kt\u00f3l. Ez az oka annak, hogy manipul\u00e1lni akarja a 2014-es v\u00e1laszt\u00e1st. Nem volt el\u00e9g a v\u00e1laszt\u00f3ker\u00fcletek hat\u00e1rainak tologat\u00e1sa, a gy\u0151zteseket jutalmaz\u00f3 &#8222;kompenz\u00e1ci\u00f3&#8221;, most a v\u00e1laszt\u00e1s lefoly\u00e1s\u00e1t pr\u00f3b\u00e1lj\u00e1k befoly\u00e1solni. A t\u00f6rt\u00e9nelmi h\u0171s\u00e9g kedv\u00e9\u00e9rt r\u00f6gz\u00edts\u00fck: a v\u00e1laszt\u00e1si elj\u00e1r\u00e1si t\u00f6rv\u00e9ny az egy\u00e9ni k\u00e9pvisel\u0151i ind\u00edtv\u00e1nyok sor\u00e1t gyarap\u00edtja, ellentmondva a sz\u00e1mtalan hazug \u00edg\u00e9retnek arr\u00f3l, hogy ezt a fajta t\u00f6rv\u00e9nykez\u00e9st a Fidesz befejezi. Orb\u00e1n Viktor azonban kiz\u00e1r\u00f3lag fegyver- \u00e9s t\u00e1skahord\u00f3iban b\u00edzik, a miniszt\u00e9riumi szakemberekben nem. L\u00e1ssuk h\u00e1t, L\u00e1z\u00e1r J\u00e1nos \u00e9s K\u00f3sa Lajos mi mindent hordtak \u00f6ssze Orb\u00e1n hatalmon tart\u00e1sa \u00e9rdek\u00e9ben. <a href=\"https:\/\/www.mszporoszlany.hu\/?p=1397\">Egy kattint\u00e1s ide a folytat\u00e1shoz&#8230;. <span class=\"meta-nav\">&rarr;<\/span><\/a><\/p>\n","protected":false},"author":35,"featured_media":0,"comment_status":"open","ping_status":"closed","sticky":false,"template":"","format":"standard","meta":{"footnotes":""},"categories":[196,58],"tags":[702,712,714,711,709,60,713,703,706,705,715,701,704,707,708,710,317,325,700],"class_list":["post-1397","post","type-post","status-publish","format-standard","hentry","category-magyarorszag","category-mszp","tag-702","tag-adatvedelmi-csod","tag-autoriter","tag-diszkriminaciomentesseg","tag-feliratkozas","tag-fidesz","tag-hiteles","tag-kompenzacio","tag-kosa-lajos","tag-lazar-janos","tag-magyar-szocialista-part","tag-manipulal","tag-miniszterium","tag-nemzeti-valasztasi-bizottsag","tag-nemzeti-valasztasi-kozpont","tag-nepessegnyilvantartas","tag-orban-viktor","tag-valasztas","tag-valaszto"],"_links":{"self":[{"href":"https:\/\/www.mszporoszlany.hu\/index.php?rest_route=\/wp\/v2\/posts\/1397","targetHints":{"allow":["GET"]}}],"collection":[{"href":"https:\/\/www.mszporoszlany.hu\/index.php?rest_route=\/wp\/v2\/posts"}],"about":[{"href":"https:\/\/www.mszporoszlany.hu\/index.php?rest_route=\/wp\/v2\/types\/post"}],"author":[{"embeddable":true,"href":"https:\/\/www.mszporoszlany.hu\/index.php?rest_route=\/wp\/v2\/users\/35"}],"replies":[{"embeddable":true,"href":"https:\/\/www.mszporoszlany.hu\/index.php?rest_route=%2Fwp%2Fv2%2Fcomments&post=1397"}],"version-history":[{"count":0,"href":"https:\/\/www.mszporoszlany.hu\/index.php?rest_route=\/wp\/v2\/posts\/1397\/revisions"}],"wp:attachment":[{"href":"https:\/\/www.mszporoszlany.hu\/index.php?rest_route=%2Fwp%2Fv2%2Fmedia&parent=1397"}],"wp:term":[{"taxonomy":"category","embeddable":true,"href":"https:\/\/www.mszporoszlany.hu\/index.php?rest_route=%2Fwp%2Fv2%2Fcategories&post=1397"},{"taxonomy":"post_tag","embeddable":true,"href":"https:\/\/www.mszporoszlany.hu\/index.php?rest_route=%2Fwp%2Fv2%2Ftags&post=1397"}],"curies":[{"name":"wp","href":"https:\/\/api.w.org\/{rel}","templated":true}]}}