{"id":1418,"date":"2012-10-01T05:46:43","date_gmt":"2012-10-01T04:46:43","guid":{"rendered":"http:\/\/www.mszporoszlany.hu\/?p=1418"},"modified":"2012-10-29T12:34:38","modified_gmt":"2012-10-29T11:34:38","slug":"az-onkormanyzatok-vegnapjara","status":"publish","type":"post","link":"https:\/\/www.mszporoszlany.hu\/?p=1418","title":{"rendered":"Az \u00f6nkorm\u00e1nyzatok (v\u00e9g)napj\u00e1ra"},"content":{"rendered":"<p><img loading=\"lazy\" decoding=\"async\" class=\"alignleft size-full wp-image-1419\" title=\"Testulet\" src=\"https:\/\/www.mszporoszlany.hu\/wp-content\/uploads\/2012\/10\/Testulet.png\" alt=\"\" width=\"200\" height=\"120\" \/>A Fidesz az elm\u00falt k\u00e9t \u00e9vben v\u00e9gvesz\u00e9lybe sodorta az \u00f6nkorm\u00e1nyzatokat. Az MSZP ez\u00e9rt azt javasolja, hogy a ma m\u00e9g az \u00f6nkorm\u00e1nyzatok \u00fcnnepnapjak\u00e9nt sz\u00e1mon tartott szeptember 30-\u00e1t 2013. janu\u00e1r 1-j\u00e9t\u0151l az \u00f6nkorm\u00e1nyzatok eml\u00e9knapj\u00e1nak nyilv\u00e1n\u00edts\u00e1k.<\/p>\n<p>Szeptember 30-a az \u00f6nkorm\u00e1nyzatok napja annak tisztelet\u00e9re, hogy 1990-ben ekkor tartott\u00e1k az els\u0151 helyhat\u00f3s\u00e1gi v\u00e1laszt\u00e1sokat Magyarorsz\u00e1gon. Fontos, hogy ne feledkezz\u00fcnk meg err\u0151l a napr\u00f3l most, amikor sajnos az \u00f6nkorm\u00e1nyzatok, az \u00f6nkorm\u00e1nyzatis\u00e1g v\u00e9gnapjait \u00e9lj\u00fck.<\/p>\n<p><!--more--><\/p>\n<p>Forr\u00e1s: MSZP.HU, a cikk tov\u00e1bbi r\u00e9sze <a title=\"Az \u00f6nkorm\u00e1nyzatok (v\u00e9g)napj\u00e1ra\" href=\"http:\/\/mszp.hu\/hirek\/az_onkormanyzatok_vegnapjara\" target=\"_blank\">itt olvashat\u00f3&#8230;<\/a><\/p>\n","protected":false},"excerpt":{"rendered":"<p>A Fidesz az elm\u00falt k\u00e9t \u00e9vben v\u00e9gvesz\u00e9lybe sodorta az \u00f6nkorm\u00e1nyzatokat. Az MSZP ez\u00e9rt azt javasolja, hogy a ma m\u00e9g az \u00f6nkorm\u00e1nyzatok \u00fcnnepnapjak\u00e9nt sz\u00e1mon tartott szeptember 30-\u00e1t 2013. janu\u00e1r 1-j\u00e9t\u0151l az \u00f6nkorm\u00e1nyzatok eml\u00e9knapj\u00e1nak nyilv\u00e1n\u00edts\u00e1k.<\/p>\n<p>Szeptember 30-a az \u00f6nkorm\u00e1nyzatok napja annak tisztelet\u00e9re, hogy 1990-ben ekkor tartott\u00e1k az els\u0151 helyhat\u00f3s\u00e1gi v\u00e1laszt\u00e1sokat Magyarorsz\u00e1gon. Fontos, hogy ne feledkezz\u00fcnk meg err\u0151l a napr\u00f3l most, amikor sajnos az \u00f6nkorm\u00e1nyzatok, az \u00f6nkorm\u00e1nyzatis\u00e1g v\u00e9gnapjait \u00e9lj\u00fck. <a href=\"https:\/\/www.mszporoszlany.hu\/?p=1418\">Egy kattint\u00e1s ide a folytat\u00e1shoz&#8230;. <span class=\"meta-nav\">&rarr;<\/span><\/a><\/p>\n","protected":false},"author":35,"featured_media":0,"comment_status":"open","ping_status":"closed","sticky":false,"template":"","format":"standard","meta":{"footnotes":""},"categories":[196,58],"tags":[60,729,731,733,1763,282,730,117,732],"class_list":["post-1418","post","type-post","status-publish","format-standard","hentry","category-magyarorszag","category-mszp","tag-fidesz","tag-helyhatosagi-valasztas","tag-iskola","tag-kozszolgaltatas","tag-mszp","tag-onkormanyzat","tag-onkormanyzatisag","tag-orban-kormany","tag-szocialis-es-egeszsegugyi-intezmeny"],"_links":{"self":[{"href":"https:\/\/www.mszporoszlany.hu\/index.php?rest_route=\/wp\/v2\/posts\/1418","targetHints":{"allow":["GET"]}}],"collection":[{"href":"https:\/\/www.mszporoszlany.hu\/index.php?rest_route=\/wp\/v2\/posts"}],"about":[{"href":"https:\/\/www.mszporoszlany.hu\/index.php?rest_route=\/wp\/v2\/types\/post"}],"author":[{"embeddable":true,"href":"https:\/\/www.mszporoszlany.hu\/index.php?rest_route=\/wp\/v2\/users\/35"}],"replies":[{"embeddable":true,"href":"https:\/\/www.mszporoszlany.hu\/index.php?rest_route=%2Fwp%2Fv2%2Fcomments&post=1418"}],"version-history":[{"count":0,"href":"https:\/\/www.mszporoszlany.hu\/index.php?rest_route=\/wp\/v2\/posts\/1418\/revisions"}],"wp:attachment":[{"href":"https:\/\/www.mszporoszlany.hu\/index.php?rest_route=%2Fwp%2Fv2%2Fmedia&parent=1418"}],"wp:term":[{"taxonomy":"category","embeddable":true,"href":"https:\/\/www.mszporoszlany.hu\/index.php?rest_route=%2Fwp%2Fv2%2Fcategories&post=1418"},{"taxonomy":"post_tag","embeddable":true,"href":"https:\/\/www.mszporoszlany.hu\/index.php?rest_route=%2Fwp%2Fv2%2Ftags&post=1418"}],"curies":[{"name":"wp","href":"https:\/\/api.w.org\/{rel}","templated":true}]}}