{"id":1422,"date":"2012-10-01T10:36:09","date_gmt":"2012-10-01T09:36:09","guid":{"rendered":"http:\/\/www.mszporoszlany.hu\/?p=1422"},"modified":"2012-10-29T12:34:29","modified_gmt":"2012-10-29T11:34:29","slug":"nem-lehet-igazgato-mert-vedte-az-iskola-nevet","status":"publish","type":"post","link":"https:\/\/www.mszporoszlany.hu\/?p=1422","title":{"rendered":"Nem lehet igazgat\u00f3, mert v\u00e9dte az iskola nev\u00e9t"},"content":{"rendered":"<p><img loading=\"lazy\" decoding=\"async\" class=\"alignleft size-full wp-image-1425\" title=\"Iskola\" src=\"https:\/\/www.mszporoszlany.hu\/wp-content\/uploads\/2012\/10\/Iskola.png\" alt=\"\" width=\"200\" height=\"120\" \/>Cs\u00fct\u00f6rt\u00f6k\u00f6n d\u00f6ntenek a miskolci F\u00f6ldes Ferenc Gimn\u00e1zium igazgat\u00f3i posztj\u00e1r\u00f3l. A k\u00f6zgy\u0171l\u00e9s \u00faj vezet\u0151t akar, mindenki m\u00e1s ragaszkodik a r\u00e9gi igazgat\u00f3hoz. Szerda d\u00e9lut\u00e1n demonstr\u00e1lnak az \u00f6regdi\u00e1kok, megh\u00edvt\u00e1k a v\u00e1rosvezet\u00e9st is.<\/p>\n<p>Kor\u00e1bban m\u00e1r \u00edrtunk arr\u00f3l, hogy Miskolc v\u00e1ros k\u00f6zgy\u0171l\u00e9se \u00faj vezet\u0151t akar kinevezni az orsz\u00e1gos h\u00edr\u0171 F\u00f6ldes Ferenc Gimn\u00e1zium \u00e9l\u00e9re, az iskol\u00e1t m\u00e1sf\u00e9l \u00e9vtizede vezet\u0151 Veres P\u00e1l helyett. Janu\u00e1rig ez a jog a k\u00e9pvisel\u0151-test\u00fcletet illeti meg, ut\u00e1na m\u00e1r az \u00e1llam nevezi ki az iskolavezet\u0151ket. Amennyiben most megk\u00f6tik a szerz\u0151d\u00e9st az \u00faj vagy a r\u00e9gi-\u00faj igazgat\u00f3val, akkor \u00f6t \u00e9vig \u0151 ir\u00e1ny\u00edtja a gimn\u00e1ziumot.<\/p>\n<p><!--more--><\/p>\n<p>Forr\u00e1s: FN24.HU, a cikk tov\u00e1bbi r\u00e9sze <a title=\"Nem lehet igazgat\u00f3...\" href=\"http:\/\/fn.hir24.hu\/itthon\/2012\/09\/26\/nem-lehet-igazgato-mert-vedte-az-iskola-nevet\/\" target=\"_blank\">itt olvashat\u00f3&#8230;<\/a><\/p>\n","protected":false},"excerpt":{"rendered":"<p>Cs\u00fct\u00f6rt\u00f6k\u00f6n d\u00f6ntenek a miskolci F\u00f6ldes Ferenc Gimn\u00e1zium igazgat\u00f3i posztj\u00e1r\u00f3l. A k\u00f6zgy\u0171l\u00e9s \u00faj vezet\u0151t akar, mindenki m\u00e1s ragaszkodik a r\u00e9gi igazgat\u00f3hoz. Szerda d\u00e9lut\u00e1n demonstr\u00e1lnak az \u00f6regdi\u00e1kok, megh\u00edvt\u00e1k a v\u00e1rosvezet\u00e9st is.<\/p>\n<p>Kor\u00e1bban m\u00e1r \u00edrtunk arr\u00f3l, hogy Miskolc v\u00e1ros k\u00f6zgy\u0171l\u00e9se \u00faj vezet\u0151t akar kinevezni az orsz\u00e1gos h\u00edr\u0171 F\u00f6ldes Ferenc Gimn\u00e1zium \u00e9l\u00e9re, az iskol\u00e1t m\u00e1sf\u00e9l \u00e9vtizede vezet\u0151 Veres P\u00e1l helyett. Janu\u00e1rig ez a jog a k\u00e9pvisel\u0151-test\u00fcletet illeti meg, ut\u00e1na m\u00e1r az \u00e1llam nevezi ki az iskolavezet\u0151ket. Amennyiben most megk\u00f6tik a szerz\u0151d\u00e9st az \u00faj vagy a r\u00e9gi-\u00faj igazgat\u00f3val, akkor \u00f6t \u00e9vig \u0151 ir\u00e1ny\u00edtja a gimn\u00e1ziumot. <a href=\"https:\/\/www.mszporoszlany.hu\/?p=1422\">Egy kattint\u00e1s ide a folytat\u00e1shoz&#8230;. <span class=\"meta-nav\">&rarr;<\/span><\/a><\/p>\n","protected":false},"author":35,"featured_media":0,"comment_status":"open","ping_status":"closed","sticky":false,"template":"","format":"standard","meta":{"footnotes":""},"categories":[196],"tags":[739,738,741,734,743,742,746,745,735,736,740,747,744,737],"class_list":["post-1422","post","type-post","status-publish","format-standard","hentry","category-magyarorszag","tag-100-os-tamogatottsag","tag-david-eniko","tag-fazekas-robert","tag-foldes-ferenc-gimnazium","tag-foldes-ferenc-gimnazium-oregdiak-egyesulete","tag-ideiglenes-vezeto","tag-kiss-gabor-alpolgarmester","tag-kriza-akos-polgarmester","tag-miskolc","tag-miskolc-varos-kozgyulese","tag-oktatasi-bizottsag","tag-papp-zsolt-foosztalyvezeto","tag-varoshaza","tag-veres-pal"],"_links":{"self":[{"href":"https:\/\/www.mszporoszlany.hu\/index.php?rest_route=\/wp\/v2\/posts\/1422","targetHints":{"allow":["GET"]}}],"collection":[{"href":"https:\/\/www.mszporoszlany.hu\/index.php?rest_route=\/wp\/v2\/posts"}],"about":[{"href":"https:\/\/www.mszporoszlany.hu\/index.php?rest_route=\/wp\/v2\/types\/post"}],"author":[{"embeddable":true,"href":"https:\/\/www.mszporoszlany.hu\/index.php?rest_route=\/wp\/v2\/users\/35"}],"replies":[{"embeddable":true,"href":"https:\/\/www.mszporoszlany.hu\/index.php?rest_route=%2Fwp%2Fv2%2Fcomments&post=1422"}],"version-history":[{"count":0,"href":"https:\/\/www.mszporoszlany.hu\/index.php?rest_route=\/wp\/v2\/posts\/1422\/revisions"}],"wp:attachment":[{"href":"https:\/\/www.mszporoszlany.hu\/index.php?rest_route=%2Fwp%2Fv2%2Fmedia&parent=1422"}],"wp:term":[{"taxonomy":"category","embeddable":true,"href":"https:\/\/www.mszporoszlany.hu\/index.php?rest_route=%2Fwp%2Fv2%2Fcategories&post=1422"},{"taxonomy":"post_tag","embeddable":true,"href":"https:\/\/www.mszporoszlany.hu\/index.php?rest_route=%2Fwp%2Fv2%2Ftags&post=1422"}],"curies":[{"name":"wp","href":"https:\/\/api.w.org\/{rel}","templated":true}]}}