{"id":1427,"date":"2012-10-01T17:57:18","date_gmt":"2012-10-01T16:57:18","guid":{"rendered":"http:\/\/www.mszporoszlany.hu\/?p=1427"},"modified":"2012-10-29T12:33:41","modified_gmt":"2012-10-29T11:33:41","slug":"az-mszp-58-szazalekkal-soporte-le-a-fideszt","status":"publish","type":"post","link":"https:\/\/www.mszporoszlany.hu\/?p=1427","title":{"rendered":"Az MSZP 58 sz\u00e1zal\u00e9kkal s\u00f6p\u00f6rte le a Fideszt"},"content":{"rendered":"<p><img loading=\"lazy\" decoding=\"async\" class=\"alignleft size-full wp-image-1428\" title=\"HorvathZsolt\" src=\"https:\/\/www.mszporoszlany.hu\/wp-content\/uploads\/2012\/10\/HorvathZsolt.png\" alt=\"\" width=\"200\" height=\"120\" \/>Rendesen alulmaradt a dunaf\u00f6ldv\u00e1ri polg\u00e1rmester-v\u00e1laszt\u00e1son a Fidesz jel\u00f6ltje. Ugyanis Horv\u00e1th Zsolt &#8211; akit az MSZP t\u00e1mogatott \u00e9s a p\u00e1rt Tolna megyei eln\u00f6khelyettese &#8211; szinte az \u00f6sszes civil szervezettel \u00f6ssze tudott kapaszkodni.<\/p>\n<p>Horv\u00e1th Zsoltot v\u00e1lasztott\u00e1k Dunaf\u00f6ldv\u00e1r polg\u00e1rmester\u00e9v\u00e9 a vas\u00e1rnapi id\u0151k\u00f6zi v\u00e1laszt\u00e1son. Az MSZP Tolna megyei eln\u00f6khelyettese &#8211; aki &#8222;civilben&#8221; tan\u00e1r &#8211; f\u00fcggetlen jel\u00f6ltk\u00e9nt indult a voksol\u00e1son, \u00e9s mintegy 460 szavazattal kapott t\u00f6bbet, mint a Fidesz-KDNP jel\u00f6ltje, J\u00e1kli Mih\u00e1ly agr\u00e1rm\u00e9rn\u00f6k. Az id\u0151k\u00f6zi v\u00e1laszt\u00e1son &#8211; melyet Keresztes Lajos, a 2010-ben megv\u00e1lasztott fideszes polg\u00e1rmester j\u00faliusi v\u00e1ratlan hal\u00e1la miatt kellett ki\u00edrni &#8211; csak a korm\u00e1nyp\u00e1rti \u00e9s a f\u00fcggetlen jel\u00f6lt indult. A 8700 lakos\u00fa v\u00e1rosban a v\u00e1laszt\u00e1si r\u00e9szv\u00e9tel el\u00e9rte az 50 sz\u00e1zal\u00e9kot.<\/p>\n<p><!--more--><\/p>\n<p>Forr\u00e1s: MSZP.HU, a cikk tov\u00e1bbi r\u00e9sze <a title=\"Tov\u00e1bb az eredeti cikkre...\" href=\"http:\/\/mszp.hu\/hirek\/az_mszp_58_szazalekkal_soporte_le_a_fideszt\" target=\"_blank\">itt olvashat\u00f3&#8230;<\/a><\/p>\n","protected":false},"excerpt":{"rendered":"<p>Rendesen alulmaradt a dunaf\u00f6ldv\u00e1ri polg\u00e1rmester-v\u00e1laszt\u00e1son a Fidesz jel\u00f6ltje. Ugyanis Horv\u00e1th Zsolt &#8211; akit az MSZP t\u00e1mogatott \u00e9s a p\u00e1rt Tolna megyei eln\u00f6khelyettese &#8211; szinte az \u00f6sszes civil szervezettel \u00f6ssze tudott kapaszkodni.<\/p>\n<p>Horv\u00e1th Zsoltot v\u00e1lasztott\u00e1k Dunaf\u00f6ldv\u00e1r polg\u00e1rmester\u00e9v\u00e9 a vas\u00e1rnapi id\u0151k\u00f6zi v\u00e1laszt\u00e1son. Az MSZP Tolna megyei eln\u00f6khelyettese &#8211; aki &#8222;civilben&#8221; tan\u00e1r &#8211; f\u00fcggetlen jel\u00f6ltk\u00e9nt indult a voksol\u00e1son, \u00e9s mintegy 460 szavazattal kapott t\u00f6bbet, mint a Fidesz-KDNP jel\u00f6ltje, J\u00e1kli Mih\u00e1ly agr\u00e1rm\u00e9rn\u00f6k. Az id\u0151k\u00f6zi v\u00e1laszt\u00e1son &#8211; melyet Keresztes Lajos, a 2010-ben megv\u00e1lasztott fideszes polg\u00e1rmester j\u00faliusi v\u00e1ratlan hal\u00e1la miatt kellett ki\u00edrni &#8211; csak a korm\u00e1nyp\u00e1rti \u00e9s a f\u00fcggetlen jel\u00f6lt indult. A 8700 lakos\u00fa v\u00e1rosban a v\u00e1laszt\u00e1si r\u00e9szv\u00e9tel el\u00e9rte az 50 sz\u00e1zal\u00e9kot. <a href=\"https:\/\/www.mszporoszlany.hu\/?p=1427\">Egy kattint\u00e1s ide a folytat\u00e1shoz&#8230;. <span class=\"meta-nav\">&rarr;<\/span><\/a><\/p>\n","protected":false},"author":35,"featured_media":0,"comment_status":"open","ping_status":"closed","sticky":false,"template":"","format":"standard","meta":{"footnotes":""},"categories":[196],"tags":[749,151,752,748,750,1763,751,70],"class_list":["post-1427","post","type-post","status-publish","format-standard","hentry","category-magyarorszag","tag-dunafoldvar","tag-fidesz-kdnp","tag-helyi-civil-szervezetek","tag-horvath-zsolt","tag-magas-reszveteli-arany","tag-mszp","tag-osszefogas","tag-polgarmester"],"_links":{"self":[{"href":"https:\/\/www.mszporoszlany.hu\/index.php?rest_route=\/wp\/v2\/posts\/1427","targetHints":{"allow":["GET"]}}],"collection":[{"href":"https:\/\/www.mszporoszlany.hu\/index.php?rest_route=\/wp\/v2\/posts"}],"about":[{"href":"https:\/\/www.mszporoszlany.hu\/index.php?rest_route=\/wp\/v2\/types\/post"}],"author":[{"embeddable":true,"href":"https:\/\/www.mszporoszlany.hu\/index.php?rest_route=\/wp\/v2\/users\/35"}],"replies":[{"embeddable":true,"href":"https:\/\/www.mszporoszlany.hu\/index.php?rest_route=%2Fwp%2Fv2%2Fcomments&post=1427"}],"version-history":[{"count":0,"href":"https:\/\/www.mszporoszlany.hu\/index.php?rest_route=\/wp\/v2\/posts\/1427\/revisions"}],"wp:attachment":[{"href":"https:\/\/www.mszporoszlany.hu\/index.php?rest_route=%2Fwp%2Fv2%2Fmedia&parent=1427"}],"wp:term":[{"taxonomy":"category","embeddable":true,"href":"https:\/\/www.mszporoszlany.hu\/index.php?rest_route=%2Fwp%2Fv2%2Fcategories&post=1427"},{"taxonomy":"post_tag","embeddable":true,"href":"https:\/\/www.mszporoszlany.hu\/index.php?rest_route=%2Fwp%2Fv2%2Ftags&post=1427"}],"curies":[{"name":"wp","href":"https:\/\/api.w.org\/{rel}","templated":true}]}}