{"id":1433,"date":"2012-10-03T11:22:06","date_gmt":"2012-10-03T10:22:06","guid":{"rendered":"http:\/\/www.mszporoszlany.hu\/?p=1433"},"modified":"2012-10-29T12:33:24","modified_gmt":"2012-10-29T11:33:24","slug":"armageddon-esztergomban","status":"publish","type":"post","link":"https:\/\/www.mszporoszlany.hu\/?p=1433","title":{"rendered":"Armageddon Esztergomban"},"content":{"rendered":"<p><img loading=\"lazy\" decoding=\"async\" class=\"alignleft  wp-image-1434\" title=\"TetenyiEva2\" src=\"https:\/\/www.mszporoszlany.hu\/wp-content\/uploads\/2012\/10\/TetenyiEva2.png\" alt=\"\" width=\"200\" height=\"120\" \/>Okt\u00f3ber 3-a Esztergom \u00e9let\u00e9ben nem csak a 2 \u00e9vvel ezel\u0151tti polg\u00e1rmester-v\u00e1laszt\u00e1s miatt lesz eml\u00e9kezetes, hanem az\u00e9rt is, mert az a 400 milli\u00f3 forint, amelyet a Magyar \u00c1llam az \u00e1tvett int\u00e9zm\u00e9nyek miatt ma inkassz\u00e1lt, fizet\u00e9sk\u00e9ptelenn\u00e9 tette a v\u00e1rost. Mint ahogy arra T\u00e9t\u00e9nyi \u00c9va f\u00fcggetlen polg\u00e1rmester m\u00e1r t\u00f6bbsz\u00f6r felh\u00edvta a figyelmet, azonnali korm\u00e1nyzati beavatkoz\u00e1sra lenne sz\u00fcks\u00e9g, ami meg is t\u00f6rt\u00e9nt. Csak \u00e9ppen ellenkez\u0151 el\u0151jellel, mint ahogy arra Esztergomnak sz\u00fcks\u00e9ge lett volna. Az \u00e1llam ugyanis Matolcsy Gy\u00f6rgy miniszter \u00edg\u00e9ret\u00e9hez h\u00edven az \u00f6nkorm\u00e1nyzat elsz\u00e1mol\u00e1si sz\u00e1ml\u00e1j\u00e1t terhelte meg, azaz a telep\u00fcl\u00e9s sz\u00e1ml\u00e1j\u00e1n l\u00e9v\u0151 400 milli\u00f3s hi\u00e1ny kifizet\u00e9s\u00e9ig semmif\u00e9le \u00f6nkorm\u00e1nyzati feladatfinansz\u00edroz\u00e1s nem t\u00f6rt\u00e9nhet meg.<\/p>\n<p><!--more--><\/p>\n<p>Az \u00f6nkorm\u00e1nyzat nagyobb bev\u00e9telre csak j\u00f6v\u0151 m\u00e1rcius k\u00f6zep\u00e9n, az ad\u00f3befizet\u00e9sek idej\u00e9n sz\u00e1m\u00edthat. Ez konkr\u00e9tan azt jelenti, hogy okt\u00f3ber 3-t\u00f3l az \u00e1tmeneti seg\u00e9lyeket, &#8211; amely a kiskor\u00fa gyermekeket nevel\u0151k r\u00e9sz\u00e9re ny\u00fajt azonnali seg\u00edts\u00e9get (k\u00f6r\u00fclbel\u00fcl 150 f\u0151) &#8211; nem kapj\u00e1k k\u00e9zhez. Az ugyancsak kiskor\u00fa gyermeket nevel\u0151k r\u00e9sz\u00e9re a gyerekek \u00e9tkeztet\u00e9si d\u00edj\u00e1ra sincs fedezet, ami kb. 120 csal\u00e1dot \u00e9rint s\u00falyosan. A rendszeres gyermekv\u00e9delmi kedvezm\u00e9nyben r\u00e9szes\u00fcl\u0151 csal\u00e1dok pedig (580 f\u0151) nem kaphatj\u00e1k meg az Erzs\u00e9bet utalv\u00e1nyukat mindaddig, am\u00edg a korm\u00e1ny nem l\u00e9p. Ugyancsak nem tudja ebben a helyzetben tov\u00e1bb fizetni a v\u00e1ros a t\u00f6bb mint 600 lak\u00e1sb\u00e9rl\u0151 \u00e9s azokkal \u00e9l\u0151k k\u00f6z\u00fczemi k\u00f6lts\u00e9geit, valamint az \u00f6nkorm\u00e1nyzati lak\u00e1sokkal \u00e9rintett t\u00e1rsash\u00e1zakban a k\u00f6z\u00f6s k\u00f6lts\u00e9geket, ami tov\u00e1bbi 1000 f\u0151t j\u00f3val meghalad\u00f3 esztergomi lakos k\u00f6zm\u0171szolg\u00e1ltat\u00e1sb\u00f3l val\u00f3 kiz\u00e1r\u00e1s\u00e1t jelenti. \u00cdgy el\u0151fordulhat, hogy t\u00e9len nem lesz f\u0171t\u00e9s, v\u00edz \u00e9s \u00e1ram ezekben az ingatlanokban.<\/p>\n<p>Minden esztergomit (k\u00f6zel 30 000 f\u0151) \u00e9rint a v\u00e1ros\u00fczemeltet\u00e9si k\u00f6lts\u00e9gek fedezethi\u00e1nya. Es\u0151s, havas id\u0151ben nem tudja a v\u00e1ros fizetni a csapad\u00e9kv\u00edz-\u00e1temel\u0151k \u00e1ramd\u00edj\u00e1t, nem jut p\u00e9nz a ny\u00edlt \u00e1rkok tiszt\u00edt\u00e1s\u00e1ra, \u00e9s a csapad\u00e9kelvezet\u0151 csatorn\u00e1k karbantart\u00e1s\u00e1ra sem. Ez a v\u00e1ros alacsony fekv\u00e9s\u0171 ter\u00fcletein 5000 embert \u00e9rinthet az id\u0151j\u00e1r\u00e1st\u00f3l f\u00fcgg\u0151en. Esztergom teljes lakoss\u00e1ga \u00fajra megtapasztalhatja, milyen az, ha nincs k\u00f6zvil\u00e1g\u00edt\u00e1s, hiszen ezek a k\u00f6lts\u00e9gek is az \u00f6nkorm\u00e1nyzat b\u00fcdzs\u00e9j\u00e9b\u0151l fizetend\u0151ek. A k\u00e9zi hullad\u00e9kgy\u0171jt\u0151k \u00fcr\u00edt\u00e9s\u00e9nek elmarad\u00e1sa folyt\u00e1n pedig szem\u00e9thegyek k\u00e9pz\u0151dnek hamarosan a v\u00e1rosban. A hideg, csapad\u00e9kos id\u0151 bek\u00f6sz\u00f6nt\u00e9vel a k\u00f6zleked\u00e9s nem csak az am\u00fagy is rossz \u00e1llapotban l\u00e9v\u0151 k\u00f6zutak, hanem a s\u00edkoss\u00e1g-mentes\u00edt\u00e9s elmarad\u00e1sa miatt is j\u00e1rhatatlann\u00e1 v\u00e1lnak. \u00cdgy gyakorlatilag az eg\u00e9sz k\u00f6zleked\u00e9s megb\u00e9nulhat a v\u00e1rosban. Sajnos a legkisebbeket is \u00e9rinti a fizet\u00e9sk\u00e9ptelens\u00e9g, mivel az \u00f6nkorm\u00e1nyzat ebben a helyzetben nem tudja elv\u00e9geztetni az \u00f3vod\u00e1k f\u0171t\u00e9si rendszer\u00e9nek karbantart\u00e1s\u00e1t, \u00edgy az 1175 \u00f3vod\u00e1s kor\u00fa gyermek k\u00f6zel fele hidegben kell hogy t\u00f6ltse majd a napot.<\/p>\n<p>A forr\u00e1shi\u00e1ny a k\u00f6telez\u0151en ell\u00e1tand\u00f3 \u00f6nkorm\u00e1nyzati feladatok k\u00f6z\u00fcl az eb rend\u00e9szeti feladatok ell\u00e1t\u00e1s\u00e1t (k\u00f3bor kuty\u00e1k befog\u00e1sa, ell\u00e1t\u00e1sa) is vesz\u00e9lyezteti, ezek mellett m\u00e1r elt\u00f6rp\u00fcl, hogy a k\u00e9pvisel\u0151k tiszteletd\u00edj\u00e1t sem tudja a v\u00e1ros a k\u00f6vetkez\u0151 id\u0151szakban kifizetni. A p\u00e9nzhi\u00e1ny miatt a legnagyobb hitelez\u0151 banknak j\u00e1r\u00f3 kamat sem ker\u00fclhetett kifizet\u00e9sre, ez\u00e9rt annak k\u00e9sedelmi p\u00f3tl\u00e9ka tov\u00e1bb n\u00f6veli a v\u00e1ros t\u00f6bb mint 20 milli\u00e1rdos, k\u00f6tv\u00e9nyb\u0151l sz\u00e1rmaz\u00f3 ad\u00f3ss\u00e1g\u00e1llom\u00e1ny\u00e1t.<\/p>\n<p>Most a Korm\u00e1nyon m\u00falik, hogy hagyja-e tov\u00e1bbra is a v\u00e1ros romba d\u00f6nt\u00e9s\u00e9t, avagy azonnali seg\u00edts\u00e9get ny\u00fajtva szakmai \u00e9s p\u00e9nz\u00fcgyi meg\u00e1llapod\u00e1sokat k\u00f6t a bajba jutott esztergomi \u00f6nkorm\u00e1nyzattal. A helyzet megold\u00e1sa nem t\u0171r tov\u00e1bbi halaszt\u00e1st. Az elm\u00falt id\u0151szakban a f\u00fcggetlen polg\u00e1rmester sz\u00e1mtalan k\u00eds\u00e9rletet tett arra, hogy a k\u00e9pvisel\u0151k \u00e9ljenek felterjeszt\u00e9si jogukkal, \u00e9s azonnal t\u00e1rgyal\u00e1st kezdem\u00e9nyezzenek a korm\u00e1nyzattal, azonban erre a fideszes t\u00f6bbs\u00e9g nem volt hajland\u00f3. A 2\/3-os szavazati f\u00f6l\u00e9nyben l\u00e9v\u0151, Meggyes Tam\u00e1s f\u00e9mjelezte frakci\u00f3 egy \u00fajabb ad\u00f3ss\u00e1grendez\u00e9si elj\u00e1r\u00e1s kezdem\u00e9nyez\u00e9s\u00e9t sem t\u00e1mogatta, \u00edgy fordulhatott el\u0151, hogy az \u00f6nkorm\u00e1nyzat k\u00f6telez\u0151 feladatell\u00e1t\u00e1sa vesz\u00e9lybe ker\u00fclt, Esztergom m\u0171k\u00f6d\u00e9sk\u00e9ptelenn\u00e9 v\u00e1lt.<\/p>\n<p>T\u00e9t\u00e9nyi \u00c9va<br \/>\nEsztergom, Esztergom-kertv\u00e1ros<br \/>\n\u00e9s Pilisszentl\u00e9lek polg\u00e1rmestere<\/p>\n","protected":false},"excerpt":{"rendered":"<p>Okt\u00f3ber 3-a Esztergom \u00e9let\u00e9ben nem csak a 2 \u00e9vvel ezel\u0151tti polg\u00e1rmester-v\u00e1laszt\u00e1s miatt lesz eml\u00e9kezetes, hanem az\u00e9rt is, mert az a 400 milli\u00f3 forint, amelyet a Magyar \u00c1llam az \u00e1tvett int\u00e9zm\u00e9nyek miatt ma inkassz\u00e1lt, fizet\u00e9sk\u00e9ptelenn\u00e9 tette a v\u00e1rost. Mint ahogy arra T\u00e9t\u00e9nyi \u00c9va f\u00fcggetlen polg\u00e1rmester m\u00e1r t\u00f6bbsz\u00f6r felh\u00edvta a figyelmet, azonnali korm\u00e1nyzati beavatkoz\u00e1sra lenne sz\u00fcks\u00e9g, ami meg is t\u00f6rt\u00e9nt. Csak \u00e9ppen ellenkez\u0151 el\u0151jellel, mint ahogy arra Esztergomnak sz\u00fcks\u00e9ge lett volna. Az \u00e1llam ugyanis Matolcsy Gy\u00f6rgy miniszter \u00edg\u00e9ret\u00e9hez h\u00edven az \u00f6nkorm\u00e1nyzat elsz\u00e1mol\u00e1si sz\u00e1ml\u00e1j\u00e1t terhelte meg, azaz a telep\u00fcl\u00e9s sz\u00e1ml\u00e1j\u00e1n l\u00e9v\u0151 400 milli\u00f3s hi\u00e1ny kifizet\u00e9s\u00e9ig semmif\u00e9le \u00f6nkorm\u00e1nyzati feladatfinansz\u00edroz\u00e1s nem t\u00f6rt\u00e9nhet meg. <a href=\"https:\/\/www.mszporoszlany.hu\/?p=1433\">Egy kattint\u00e1s ide a folytat\u00e1shoz&#8230;. <span class=\"meta-nav\">&rarr;<\/span><\/a><\/p>\n","protected":false},"author":35,"featured_media":0,"comment_status":"open","ping_status":"closed","sticky":false,"template":"","format":"standard","meta":{"footnotes":""},"categories":[195],"tags":[765,758,754,757,160,756,760,755,653,759,15,766,764,763,762,356,753,159,767,761,158],"class_list":["post-1433","post","type-post","status-publish","format-standard","hentry","category-komarom-esztergom-megye","tag-aramdij","tag-atmeneti-segelyek","tag-atvett-intezmenyek","tag-erzsebet-utalvany","tag-esztergom","tag-fizeteskeptelen","tag-gyerekek-etkeztetes","tag-inkasszo","tag-karbantartas","tag-kiskoru-gyermekeket-nevelok","tag-kormany","tag-kozlekedes","tag-kozmuszolgaltatas","tag-kozos-koltsegek","tag-kozuzemi-koltsegek","tag-kozvilagitas","tag-magyar-allam","tag-matolcsy-gyorgy","tag-ovodak-futese","tag-rendszeres-gyermekvedelmi-kedvezmeny","tag-tetenyi-eva"],"_links":{"self":[{"href":"https:\/\/www.mszporoszlany.hu\/index.php?rest_route=\/wp\/v2\/posts\/1433","targetHints":{"allow":["GET"]}}],"collection":[{"href":"https:\/\/www.mszporoszlany.hu\/index.php?rest_route=\/wp\/v2\/posts"}],"about":[{"href":"https:\/\/www.mszporoszlany.hu\/index.php?rest_route=\/wp\/v2\/types\/post"}],"author":[{"embeddable":true,"href":"https:\/\/www.mszporoszlany.hu\/index.php?rest_route=\/wp\/v2\/users\/35"}],"replies":[{"embeddable":true,"href":"https:\/\/www.mszporoszlany.hu\/index.php?rest_route=%2Fwp%2Fv2%2Fcomments&post=1433"}],"version-history":[{"count":0,"href":"https:\/\/www.mszporoszlany.hu\/index.php?rest_route=\/wp\/v2\/posts\/1433\/revisions"}],"wp:attachment":[{"href":"https:\/\/www.mszporoszlany.hu\/index.php?rest_route=%2Fwp%2Fv2%2Fmedia&parent=1433"}],"wp:term":[{"taxonomy":"category","embeddable":true,"href":"https:\/\/www.mszporoszlany.hu\/index.php?rest_route=%2Fwp%2Fv2%2Fcategories&post=1433"},{"taxonomy":"post_tag","embeddable":true,"href":"https:\/\/www.mszporoszlany.hu\/index.php?rest_route=%2Fwp%2Fv2%2Ftags&post=1433"}],"curies":[{"name":"wp","href":"https:\/\/api.w.org\/{rel}","templated":true}]}}