{"id":1436,"date":"2012-10-03T15:51:47","date_gmt":"2012-10-03T14:51:47","guid":{"rendered":"http:\/\/www.mszporoszlany.hu\/?p=1436"},"modified":"2012-10-29T12:33:13","modified_gmt":"2012-10-29T11:33:13","slug":"jo-baratok-kaptak-a-megbizasokat","status":"publish","type":"post","link":"https:\/\/www.mszporoszlany.hu\/?p=1436","title":{"rendered":"J\u00f3 bar\u00e1tok kapt\u00e1k a megb\u00edz\u00e1sokat"},"content":{"rendered":"<p><img loading=\"lazy\" decoding=\"async\" class=\"alignleft size-full wp-image-1437\" title=\"Pecspolip\" src=\"https:\/\/www.mszporoszlany.hu\/wp-content\/uploads\/2012\/10\/Pecspolip.png\" alt=\"\" width=\"200\" height=\"120\" \/>P\u00e9csett P\u00e1va Zsolt fideszes polg\u00e1rmester megv\u00e1laszt\u00e1sa \u00f3ta t\u00f6bb mint sz\u00e1zmilli\u00f3 forintot fizettek ki \u00fcgyv\u00e9deknek jogi tan\u00e1csad\u00f3i szerz\u0151d\u00e9sek alapj\u00e1n. Err\u0151l sz\u00e1molt be az MSZP helyi szervezete, amely egy \u00e9v alatt vizsg\u00e1lta \u00e1t az \u00f6nkorm\u00e1nyzati c\u00e9gek szerz\u0151d\u00e9seit. Az ellenz\u00e9ki p\u00e1rt szerint egy olyan rendszer j\u00f6tt l\u00e9tre a v\u00e1rosban, amelyben ismer\u0151s\u00f6k, j\u00f3 bar\u00e1tok kapt\u00e1k a megb\u00edz\u00e1sokat a p\u00e9csi polg\u00e1rok p\u00e9nz\u00e9b\u0151l.<\/p>\n<p>Nem igaz, hogy a Fidesz elz\u00e1rta a p\u00e9nzcsapokat \u2013 \u00e1ll\u00edtja a p\u00e9csi MSZP. A p\u00e1rt m\u00e9g tavaly k\u00e9rte ki a v\u00e1rosvezet\u00e9st\u0151l az \u00f6nkorm\u00e1nyzati c\u00e9gek szerz\u0151d\u00e9seit, de mert nem kapta meg azokat, egyenk\u00e9nt igyekezett beszerezni a dokumentumokat a megb\u00edzott v\u00e1llalkoz\u00e1sokt\u00f3l.<\/p>\n<p><!--more--><\/p>\n<p>Forr\u00e1s: ATV.HU, a cikk folytat\u00e1sa <a title=\"J\u00f3 bar\u00e1tok kapt\u00e1k a megb\u00edz\u00e1sokat\" href=\"http:\/\/atv.hu\/cikk\/20121002_mszp_jo_baratok_kaptak_a_megbizasokat_pecsett\" target=\"_blank\">itt olvashat\u00f3&#8230;<\/a><\/p>\n","protected":false},"excerpt":{"rendered":"<p>P\u00e9csett P\u00e1va Zsolt fideszes polg\u00e1rmester megv\u00e1laszt\u00e1sa \u00f3ta t\u00f6bb mint sz\u00e1zmilli\u00f3 forintot fizettek ki \u00fcgyv\u00e9deknek jogi tan\u00e1csad\u00f3i szerz\u0151d\u00e9sek alapj\u00e1n. Err\u0151l sz\u00e1molt be az MSZP helyi szervezete, amely egy \u00e9v alatt vizsg\u00e1lta \u00e1t az \u00f6nkorm\u00e1nyzati c\u00e9gek szerz\u0151d\u00e9seit. Az ellenz\u00e9ki p\u00e1rt szerint egy olyan rendszer j\u00f6tt l\u00e9tre a v\u00e1rosban, amelyben ismer\u0151s\u00f6k, j\u00f3 bar\u00e1tok kapt\u00e1k a megb\u00edz\u00e1sokat a p\u00e9csi polg\u00e1rok p\u00e9nz\u00e9b\u0151l.<br \/>\nNem igaz, hogy a Fidesz elz\u00e1rta a p\u00e9nzcsapokat \u2013 \u00e1ll\u00edtja a p\u00e9csi MSZP. A p\u00e1rt m\u00e9g tavaly k\u00e9rte ki a v\u00e1rosvezet\u00e9st\u0151l az \u00f6nkorm\u00e1nyzati c\u00e9gek szerz\u0151d\u00e9seit, de mert nem kapta meg azokat, egyenk\u00e9nt igyekezett beszerezni a dokumentumokat a megb\u00edzott v\u00e1llalkoz\u00e1sokt\u00f3l. <a href=\"https:\/\/www.mszporoszlany.hu\/?p=1436\">Egy kattint\u00e1s ide a folytat\u00e1shoz&#8230;. <span class=\"meta-nav\">&rarr;<\/span><\/a><\/p>\n","protected":false},"author":35,"featured_media":0,"comment_status":"open","ping_status":"closed","sticky":false,"template":"","format":"standard","meta":{"footnotes":""},"categories":[196],"tags":[60,777,774,775,1763,769,768,778,776,70,772,771,773,770],"class_list":["post-1436","post","type-post","status-publish","format-standard","hentry","category-magyarorszag","tag-fidesz","tag-kamondi-monika","tag-komlodi-andras","tag-magyar-tavirati-iroda","tag-mszp","tag-pava-zsolt","tag-pecs","tag-pecs-holding-zrt","tag-pecsi-sport-nonprofit-zrt","tag-polgarmester","tag-szerzodesek","tag-tanacsadoi-szerzodes","tag-toth-bertalan","tag-ugyvedek"],"_links":{"self":[{"href":"https:\/\/www.mszporoszlany.hu\/index.php?rest_route=\/wp\/v2\/posts\/1436","targetHints":{"allow":["GET"]}}],"collection":[{"href":"https:\/\/www.mszporoszlany.hu\/index.php?rest_route=\/wp\/v2\/posts"}],"about":[{"href":"https:\/\/www.mszporoszlany.hu\/index.php?rest_route=\/wp\/v2\/types\/post"}],"author":[{"embeddable":true,"href":"https:\/\/www.mszporoszlany.hu\/index.php?rest_route=\/wp\/v2\/users\/35"}],"replies":[{"embeddable":true,"href":"https:\/\/www.mszporoszlany.hu\/index.php?rest_route=%2Fwp%2Fv2%2Fcomments&post=1436"}],"version-history":[{"count":0,"href":"https:\/\/www.mszporoszlany.hu\/index.php?rest_route=\/wp\/v2\/posts\/1436\/revisions"}],"wp:attachment":[{"href":"https:\/\/www.mszporoszlany.hu\/index.php?rest_route=%2Fwp%2Fv2%2Fmedia&parent=1436"}],"wp:term":[{"taxonomy":"category","embeddable":true,"href":"https:\/\/www.mszporoszlany.hu\/index.php?rest_route=%2Fwp%2Fv2%2Fcategories&post=1436"},{"taxonomy":"post_tag","embeddable":true,"href":"https:\/\/www.mszporoszlany.hu\/index.php?rest_route=%2Fwp%2Fv2%2Ftags&post=1436"}],"curies":[{"name":"wp","href":"https:\/\/api.w.org\/{rel}","templated":true}]}}