{"id":1451,"date":"2012-10-04T12:32:23","date_gmt":"2012-10-04T11:32:23","guid":{"rendered":"http:\/\/www.mszporoszlany.hu\/?p=1451"},"modified":"2012-10-29T12:33:01","modified_gmt":"2012-10-29T11:33:01","slug":"buktahegyek","status":"publish","type":"post","link":"https:\/\/www.mszporoszlany.hu\/?p=1451","title":{"rendered":"Buktahegyek"},"content":{"rendered":"<p><img loading=\"lazy\" decoding=\"async\" class=\"alignleft size-full wp-image-1452\" title=\"Bukta3\" src=\"https:\/\/www.mszporoszlany.hu\/wp-content\/uploads\/2012\/10\/Bukta3.png\" alt=\"\" width=\"200\" height=\"120\" \/>Kapott n\u00e9h\u00e1ny pofont mostan\u00e1ban az aktu\u00e1lis hatalom az igazs\u00e1gszolg\u00e1ltat\u00e1st\u00f3l, amelynek f\u00fcggetlens\u00e9g\u00e9t int\u00e9zked\u00e9sek sor\u00e1val pr\u00f3b\u00e1lt\u00e1k meg korl\u00e1tozni. Legut\u00f3bb m\u00falt h\u00e9t szerd\u00e1n, amikor a Si\u00f3foki V\u00e1rosi B\u00edr\u00f3s\u00e1g eln\u00f6ke kimondta: az, hogy D\u00e1niel P\u00e9ter \u00fcgyv\u00e9d v\u00f6r\u00f6s fest\u00e9kkel \u00f6nt\u00f6tte le a Somogy megyei Kerekiben fel\u00e1ll\u00edtott Horthy-szobrot, \u201ea jog \u00e1ltal is m\u00e9lt\u00e1nyolt, erk\u00f6lcsileg pozit\u00edv tartalm\u00fa \u00e9s t\u00e1rsadalmilag hasznos figyelemfelh\u00edv\u00e1s volt\u201d. A b\u00edr\u00f3 szerint nem tagadhat\u00f3 ugyanis, hogy az 1939 \u00e9s 1944 k\u00f6z\u00f6tt sz\u00fcletett zsid\u00f3t\u00f6rv\u00e9nyeket Horthy Mikl\u00f3s korm\u00e1nyz\u00f3 szentes\u00edtette al\u00e1\u00edr\u00e1s\u00e1val, mik\u00f6zben halaszt\u00f3 hat\u00e1ly\u00fa v\u00e9t\u00f3joga volt, amellyel e rendelkez\u00e9sek eset\u00e9ben nem \u00e9lt. Az \u00fcgyv\u00e9d cselekm\u00e9ny\u00e9nek t\u00e1rsadalomra vesz\u00e9lyess\u00e9ge ez\u00e9rt olyan csek\u00e9ly, hogy a legenyh\u00e9bb b\u00fcntet\u00e9s kiszab\u00e1sa sem indokolt, \u00edgy \u0151t \u2013 a nem joger\u0151s \u00edt\u00e9let szerint \u2013 megrov\u00e1sban r\u00e9szes\u00edtett\u00e9k \u2013 az esetekr\u0151l a nol.hu k\u00e9sz\u00edtett \u00f6ssze\u00e1ll\u00edt\u00e1st.<\/p>\n<p>Ugyancsak m\u00falt szerd\u00e1n sz\u00fcletett \u00fajabb verdikt a Klubr\u00e1di\u00f3 \u00fcgy\u00e9ben. A F\u0151v\u00e1rosi \u00cdt\u00e9l\u0151t\u00e1bla joger\u0151sen hat\u00e1lyon k\u00edv\u00fcl helyezte a M\u00e9diatan\u00e1cs azon hat\u00e1rozat\u00e1t, amely alaki hib\u00e1ra hivatkozva a r\u00e1di\u00f3t, illetve az \u00f6sszes jelentkez\u0151t kiz\u00e1rta a 95,3-as frekvenci\u00e1ra ki\u00edrt p\u00e1ly\u00e1zatb\u00f3l.<\/p>\n<p><!--more--><\/p>\n<p>A Fidesz sz\u00e1m\u00e1ra az sem lehetett kellemes meglepet\u00e9s, hogy a k\u00f6zelm\u00faltban els\u0151 fokon felmentett\u00e9k Moln\u00e1r Gyul\u00e1t, \u00dajbuda volt MSZP-s polg\u00e1rmester\u00e9t \u00e9s Lakos Imr\u00e9t, a ker\u00fclet egykori SZDSZ-es alpolg\u00e1rmester\u00e9t a hivatali vissza\u00e9l\u00e9s v\u00e1dja al\u00f3l.<\/p>\n<p>D\u00e1vid Ibolya volt MDF-eln\u00f6k politikai karrierj\u00e9t az Ud Zrt.-hez k\u00f6thet\u0151 megfigyel\u00e9si botr\u00e1ny der\u00e9kba t\u00f6rte, \u00e1m az\u00f3ta a b\u00edr\u00f3s\u00e1g sorozatosan neki ad igazat. Azokban a szem\u00e9lyis\u00e9gi jogi perekben, amelyeket a p\u00e1rtja bels\u0151 \u00e9let\u00e9be t\u00f6rt\u00e9n\u0151 beavatkoz\u00e1si k\u00eds\u00e9rletre utal\u00f3, titkosszolg\u00e1lati eszk\u00f6z\u00f6kkel k\u00e9sz\u00edtett hangfelv\u00e9telek nyilv\u00e1noss\u00e1gra hozatala miatt ind\u00edtottak ellene, rendre joger\u0151sen nyert. A b\u00edr\u00f3s\u00e1g els\u0151 fokon felmentette a szem\u00e9lyes adattal vissza\u00e9l\u00e9s v\u00e1dja al\u00f3l is. Az indok: a p\u00e1rtok demokratikus m\u0171k\u00f6d\u00e9se alapvet\u0151 alkotm\u00e1nyos \u00e9rdek, \u00e9s D\u00e1vid Ibolya csak ezt v\u00e9dte, amikor a szem\u00e9lye elleni lej\u00e1rat\u00f3 t\u00f6rekv\u00e9seket a nyilv\u00e1noss\u00e1g el\u00e9 t\u00e1rta.<\/p>\n<p>A Tatab\u00e1nyai T\u00f6rv\u00e9nysz\u00e9k els\u0151 fokon b\u0171ncselekm\u00e9ny hi\u00e1ny\u00e1ban mentette fel a k\u00fcl\u00f6n\u00f6sen nagy vagyoni h\u00e1tr\u00e1nyt okoz\u00f3 h\u0171tlen kezel\u00e9s v\u00e1dja al\u00f3l T\u00e1trai Mikl\u00f3st, a Magyar Nemzeti Vagyonkezel\u0151 Zrt. volt vezet\u0151j\u00e9t \u00e9s Mezei L\u00e1szl\u00f3t, a Nemzeti M\u00e9nesbirtok egykori \u00fcgyvezet\u0151j\u00e9t. A F\u0151v\u00e1rosi T\u00f6rv\u00e9nysz\u00e9k pedig egy m\u00e1sik perben \u2013 szint\u00e9n els\u0151 fokon \u2013 kimondta, hogy Budai Gyula volt elsz\u00e1moltat\u00e1si korm\u00e1nybiztos megs\u00e9rtette T\u00e1trai j\u00f3 h\u00edrn\u00e9v v\u00e9delm\u00e9hez f\u0171z\u0151d\u0151 szem\u00e9lyis\u00e9gi jogait azzal, hogy val\u00f3tlanul \u00e1ll\u00edtotta: a B\u00e1bolnai M\u00e9nesbirtok Kft. r\u00e9sz\u00e9r\u0151l a B\u00e1bolna Zrt. felsz\u00e1mol\u00f3j\u00e1nak \u00e1tutalt, b\u00fcntet\u0151elj\u00e1r\u00e1s t\u00e1rgy\u00e1t k\u00e9pez\u0151 365 milli\u00f3 forint a felperes banksz\u00e1ml\u00e1j\u00e1ra ker\u00fclt.<\/p>\n<p>Korm\u00e1nyk\u00f6r\u00f6kben a Hunvald-\u00fcgy els\u0151fok\u00fa \u00edt\u00e9lete is csal\u00f3d\u00e1st kelthetett, mert a febru\u00e1ri, m\u00e9g ugyancsak nem joger\u0151s verdikt szerint a ter\u00e9zv\u00e1rosi ingatlanpanama kapcs\u00e1n sz\u00f3 sem volt b\u0171nszervezetr\u0151l \u2013 teh\u00e1t maffia-b\u0171ncselekm\u00e9nyr\u0151l \u2013, Hunvald Gy\u00f6rgy kor\u00e1bbi polg\u00e1rmestert pedig felmentett\u00e9k a csal\u00e1s \u00e9s a veszteget\u00e9s v\u00e1dja al\u00f3l. Az ingatlan\u00fcgyekben teh\u00e1t nem tal\u00e1lt\u00e1k felel\u0151snek, \u00e9s csup\u00e1n m\u00e1s, kisebb s\u00faly\u00fa b\u0171ncselekm\u00e9nyek miatt kapott m\u00e1sf\u00e9l \u00e9vet, amin\u00e9l j\u00f3val hosszabb id\u0151t t\u00f6lt\u00f6tt el\u0151zetes letart\u00f3ztat\u00e1sban.<\/p>\n<p>A korm\u00e1nyoldal sz\u00e1m\u00e1ra kellemetlen \u00edt\u00e9letek sor\u00e1nak kapcs\u00e1n felvet\u0151dhet, hogy a b\u00edr\u00f3k tal\u00e1n megel\u00e9gelt\u00e9k az igazs\u00e1gszolg\u00e1ltat\u00e1s f\u00fcggetlens\u00e9ge elleni t\u00e1mad\u00e1sokat, \u00e9s a maguk lehet\u0151s\u00e9gei szerint visszav\u00e1gnak, de ezt forr\u00e1saink tagadj\u00e1k. \u2013 A b\u00edr\u00f3k egyszer\u0171en csak korrekt\u00fcl j\u00e1rnak el, ami a rend\u0151rs\u00e9gre, az \u00fcgy\u00e9szs\u00e9gre \u00e9s m\u00e1s hat\u00f3s\u00e1gokra nem felt\u00e9tlen\u00fcl igaz \u2013 jelentette ki Hack P\u00e9ter b\u00fcntet\u0151jog\u00e1sz, aki \u00fagy l\u00e1tja: a politikailag k\u00e9nyes \u00fcgyekben is felesleges b\u00e1rmilyen m\u00f6g\u00f6ttes okot gyan\u00edtani. Hack szerint ezekben jogilag megalapozott \u00edt\u00e9letek sz\u00fclettek, amelyeket \u00e1ltal\u00e1ban m\u00e9g jobboldalr\u00f3l sem t\u00e1madnak. Az igazs\u00e1gszolg\u00e1ltat\u00e1s teh\u00e1t p\u00e1rtatlanul \u00e9s szakszer\u0171en m\u0171k\u00f6dik \u2013 tette hozz\u00e1 \u2013, ami a mai helyzetben sokak sz\u00e1m\u00e1ra k\u00e9ts\u00e9gk\u00edv\u00fcl kellemes meglepet\u00e9s.<\/p>\n<p>Az igazs\u00e1gszolg\u00e1ltat\u00e1s f\u00fcggetlens\u00e9g\u00e9t k\u00e9rd\u0151jelezn\u00e9 meg, ha egy-egy \u00edt\u00e9letben a rev\u00e1ns sz\u00e1nd\u00e9k\u00e1nak legcsek\u00e9lyebb jele is megmutatkozn\u00e9k \u2013 \u00e1ll\u00edtja Fleck Zolt\u00e1n jogszociol\u00f3gus. Szerinte ink\u00e1bb arr\u00f3l van sz\u00f3, hogy a jog\u00e1llamis\u00e1g egyik utols\u00f3 v\u00e9d\u0151b\u00e1sty\u00e1j\u00e1t m\u00e9gsem siker\u00fclt beled\u00f6ng\u00f6lni a f\u00f6ldbe, s a b\u00edr\u00e1k auton\u00f3miatartal\u00e9ka t\u00f6bb, mint azt gondolni lehetett. A verdiktek teh\u00e1t azt mutatj\u00e1k \u2013 v\u00e9li Fleck \u2013, hogy bizonyos ter\u00fcleteken \u00e9rv\u00e9nyes\u00fcl m\u00e9g a civil kur\u00e1zsi.<\/p>\n","protected":false},"excerpt":{"rendered":"<p>Kapott n\u00e9h\u00e1ny pofont mostan\u00e1ban az aktu\u00e1lis hatalom az igazs\u00e1gszolg\u00e1ltat\u00e1st\u00f3l, amelynek f\u00fcggetlens\u00e9g\u00e9t int\u00e9zked\u00e9sek sor\u00e1val pr\u00f3b\u00e1lt\u00e1k meg korl\u00e1tozni. Legut\u00f3bb m\u00falt h\u00e9t szerd\u00e1n, amikor a Si\u00f3foki V\u00e1rosi B\u00edr\u00f3s\u00e1g eln\u00f6ke kimondta: az, hogy D\u00e1niel P\u00e9ter \u00fcgyv\u00e9d v\u00f6r\u00f6s fest\u00e9kkel \u00f6nt\u00f6tte le a Somogy megyei Kerekiben fel\u00e1ll\u00edtott Horthy-szobrot, \u201ea jog \u00e1ltal is m\u00e9lt\u00e1nyolt, erk\u00f6lcsileg pozit\u00edv tartalm\u00fa \u00e9s t\u00e1rsadalmilag hasznos figyelemfelh\u00edv\u00e1s volt\u201d. A b\u00edr\u00f3 szerint nem tagadhat\u00f3 ugyanis, hogy az 1939 \u00e9s 1944 k\u00f6z\u00f6tt sz\u00fcletett zsid\u00f3t\u00f6rv\u00e9nyeket Horthy Mikl\u00f3s korm\u00e1nyz\u00f3 szentes\u00edtette al\u00e1\u00edr\u00e1s\u00e1val, mik\u00f6zben halaszt\u00f3 hat\u00e1ly\u00fa v\u00e9t\u00f3joga volt, amellyel e rendelkez\u00e9sek eset\u00e9ben nem \u00e9lt. Az \u00fcgyv\u00e9d cselekm\u00e9ny\u00e9nek t\u00e1rsadalomra vesz\u00e9lyess\u00e9ge ez\u00e9rt olyan csek\u00e9ly, hogy a legenyh\u00e9bb b\u00fcntet\u00e9s kiszab\u00e1sa sem indokolt, \u00edgy \u0151t \u2013 a nem joger\u0151s \u00edt\u00e9let szerint \u2013 megrov\u00e1sban r\u00e9szes\u00edtett\u00e9k \u2013 az esetekr\u0151l a nol.hu k\u00e9sz\u00edtett \u00f6ssze\u00e1ll\u00edt\u00e1st. <a href=\"https:\/\/www.mszporoszlany.hu\/?p=1451\">Egy kattint\u00e1s ide a folytat\u00e1shoz&#8230;. <span class=\"meta-nav\">&rarr;<\/span><\/a><\/p>\n","protected":false},"author":35,"featured_media":0,"comment_status":"open","ping_status":"closed","sticky":false,"template":"","format":"standard","meta":{"footnotes":""},"categories":[196],"tags":[412,503,789,780,489,62,786,60,792,781,522,791,790,787,467,643,788,524,783,782,486,641,1763,784,70,779,420,425,485,48,785],"class_list":["post-1451","post","type-post","status-publish","format-standard","hentry","category-magyarorszag","tag-alpolgarmester","tag-budai-gyula","tag-bunszervezet","tag-daniel-peter","tag-david-ibolya","tag-elnok","tag-elszamoltatasi-kormanybiztos","tag-fidesz","tag-fleck-zoltan","tag-fovarosi-itelotabla","tag-fovarosi-torvenyszek","tag-hack-peter","tag-hunvald-gyorgy","tag-hunvald-ugy","tag-klubradio","tag-lakos-imre","tag-maffia-buncselekmeny","tag-magyar-nemzeti-vagyonkezelo-zrt","tag-mdf","tag-mediatanacs","tag-mezei-laszlo","tag-molnar-gyula","tag-mszp","tag-nemzeti-menesbirtok","tag-polgarmester","tag-siofoki-varosi-birosag","tag-szdsz","tag-tatabanyai-torvenyszek","tag-tatrai-miklos","tag-ugyved","tag-ugyvezeto"],"_links":{"self":[{"href":"https:\/\/www.mszporoszlany.hu\/index.php?rest_route=\/wp\/v2\/posts\/1451","targetHints":{"allow":["GET"]}}],"collection":[{"href":"https:\/\/www.mszporoszlany.hu\/index.php?rest_route=\/wp\/v2\/posts"}],"about":[{"href":"https:\/\/www.mszporoszlany.hu\/index.php?rest_route=\/wp\/v2\/types\/post"}],"author":[{"embeddable":true,"href":"https:\/\/www.mszporoszlany.hu\/index.php?rest_route=\/wp\/v2\/users\/35"}],"replies":[{"embeddable":true,"href":"https:\/\/www.mszporoszlany.hu\/index.php?rest_route=%2Fwp%2Fv2%2Fcomments&post=1451"}],"version-history":[{"count":0,"href":"https:\/\/www.mszporoszlany.hu\/index.php?rest_route=\/wp\/v2\/posts\/1451\/revisions"}],"wp:attachment":[{"href":"https:\/\/www.mszporoszlany.hu\/index.php?rest_route=%2Fwp%2Fv2%2Fmedia&parent=1451"}],"wp:term":[{"taxonomy":"category","embeddable":true,"href":"https:\/\/www.mszporoszlany.hu\/index.php?rest_route=%2Fwp%2Fv2%2Fcategories&post=1451"},{"taxonomy":"post_tag","embeddable":true,"href":"https:\/\/www.mszporoszlany.hu\/index.php?rest_route=%2Fwp%2Fv2%2Ftags&post=1451"}],"curies":[{"name":"wp","href":"https:\/\/api.w.org\/{rel}","templated":true}]}}