{"id":1465,"date":"2012-10-07T10:30:03","date_gmt":"2012-10-07T09:30:03","guid":{"rendered":"http:\/\/www.mszporoszlany.hu\/?p=1465"},"modified":"2012-10-29T12:32:04","modified_gmt":"2012-10-29T11:32:04","slug":"bedolhet-az-allami-iskolafenntarto","status":"publish","type":"post","link":"https:\/\/www.mszporoszlany.hu\/?p=1465","title":{"rendered":"Bed\u0151lhet az \u00e1llami iskolafenntart\u00f3"},"content":{"rendered":"<p><img loading=\"lazy\" decoding=\"async\" class=\"alignleft size-full wp-image-1466\" title=\"KIK\" src=\"https:\/\/www.mszporoszlany.hu\/wp-content\/uploads\/2012\/10\/KIK.png\" alt=\"\" width=\"200\" height=\"120\" \/>H\u00e1rom h\u00f3nap m\u00falva az \u00e1llam \u00e1tveszi az iskolafenntart\u00e1st, \u00e1m az erre l\u00e9trehozand\u00f3 k\u00f6zpont k\u00f6r\u00fcl el\u00e9g nagy a k\u00e1osz, az FN24 birtok\u00e1ba jutott jelent\u00e9s szerint a tanker\u00fcletek harmad\u00e1nak vezet\u00e9s\u00e9re m\u00e9g p\u00e1ly\u00e1z\u00f3 sincs.<\/p>\n<p>Hoffmann R\u00f3zsa ny\u00e1ron jelentette be, hogy megalakul a janu\u00e1r 1-j\u00e9t\u0151l az iskol\u00e1k fenntart\u00e1s\u00e1t v\u00e9gz\u0151 Klebelsberg Int\u00e9zm\u00e9nyfenntart\u00f3 K\u00f6zpont (KIK), amelynek int\u00e9zm\u00e9nyh\u00e1l\u00f3zata j\u00e1r\u00e1si tanker\u00fcletenk\u00e9nt \u00e9p\u00fcl ki. Hoffmann R\u00f3zsa a tan\u00e9vnyit\u00f3 konferenci\u00e1n bemutatta a k\u00f6zpont megb\u00edzott eln\u00f6k\u00e9t, Marekn\u00e9 Pint\u00e9r Arank\u00e1t is.<\/p>\n<p><!--more--><\/p>\n<p>Forr\u00e1s: FN24.HU, a cikk folytat\u00e1sa<a title=\"Bed\u0151lhet az \u00e1llami iskolafenntart\u00f3...\" href=\"http:\/\/fn.hir24.hu\/itthon\/2012\/10\/03\/bedolhet-az-allami-iskolafenntarto\/\" target=\"_blank\"> itt olvashat\u00f3&#8230;<\/a><\/p>\n","protected":false},"excerpt":{"rendered":"<p>H\u00e1rom h\u00f3nap m\u00falva az \u00e1llam \u00e1tveszi az iskolafenntart\u00e1st, \u00e1m az erre l\u00e9trehozand\u00f3 k\u00f6zpont k\u00f6r\u00fcl el\u00e9g nagy a k\u00e1osz, az FN24 birtok\u00e1ba jutott jelent\u00e9s szerint a tanker\u00fcletek harmad\u00e1nak vezet\u00e9s\u00e9re m\u00e9g p\u00e1ly\u00e1z\u00f3 sincs.<\/p>\n<p>Hoffmann R\u00f3zsa ny\u00e1ron jelentette be, hogy megalakul a janu\u00e1r 1-j\u00e9t\u0151l az iskol\u00e1k fenntart\u00e1s\u00e1t v\u00e9gz\u0151 Klebelsberg Int\u00e9zm\u00e9nyfenntart\u00f3 K\u00f6zpont (KIK), amelynek int\u00e9zm\u00e9nyh\u00e1l\u00f3zata j\u00e1r\u00e1si tanker\u00fcletenk\u00e9nt \u00e9p\u00fcl ki. Hoffmann R\u00f3zsa a tan\u00e9vnyit\u00f3 konferenci\u00e1n bemutatta a k\u00f6zpont megb\u00edzott eln\u00f6k\u00e9t, Marekn\u00e9 Pint\u00e9r Arank\u00e1t is. <a href=\"https:\/\/www.mszporoszlany.hu\/?p=1465\">Egy kattint\u00e1s ide a folytat\u00e1shoz&#8230;. <span class=\"meta-nav\">&rarr;<\/span><\/a><\/p>\n","protected":false},"author":35,"featured_media":0,"comment_status":"open","ping_status":"closed","sticky":false,"template":"","format":"standard","meta":{"footnotes":""},"categories":[196],"tags":[229,813,809,808,811,810,814,812,815],"class_list":["post-1465","post","type-post","status-publish","format-standard","hentry","category-magyarorszag","tag-allamositas","tag-balog-zoltan","tag-hoffmann-rozsa","tag-iskolafenntartas","tag-jarasi-tankerulet","tag-klebelsberg-intezmenyfenntarto-kozpont","tag-magyar-allamkincstar","tag-marekne-pinter-aranka","tag-pedagogusok-demokratikus-szakszervezete"],"_links":{"self":[{"href":"https:\/\/www.mszporoszlany.hu\/index.php?rest_route=\/wp\/v2\/posts\/1465","targetHints":{"allow":["GET"]}}],"collection":[{"href":"https:\/\/www.mszporoszlany.hu\/index.php?rest_route=\/wp\/v2\/posts"}],"about":[{"href":"https:\/\/www.mszporoszlany.hu\/index.php?rest_route=\/wp\/v2\/types\/post"}],"author":[{"embeddable":true,"href":"https:\/\/www.mszporoszlany.hu\/index.php?rest_route=\/wp\/v2\/users\/35"}],"replies":[{"embeddable":true,"href":"https:\/\/www.mszporoszlany.hu\/index.php?rest_route=%2Fwp%2Fv2%2Fcomments&post=1465"}],"version-history":[{"count":0,"href":"https:\/\/www.mszporoszlany.hu\/index.php?rest_route=\/wp\/v2\/posts\/1465\/revisions"}],"wp:attachment":[{"href":"https:\/\/www.mszporoszlany.hu\/index.php?rest_route=%2Fwp%2Fv2%2Fmedia&parent=1465"}],"wp:term":[{"taxonomy":"category","embeddable":true,"href":"https:\/\/www.mszporoszlany.hu\/index.php?rest_route=%2Fwp%2Fv2%2Fcategories&post=1465"},{"taxonomy":"post_tag","embeddable":true,"href":"https:\/\/www.mszporoszlany.hu\/index.php?rest_route=%2Fwp%2Fv2%2Ftags&post=1465"}],"curies":[{"name":"wp","href":"https:\/\/api.w.org\/{rel}","templated":true}]}}