{"id":1471,"date":"2012-10-07T11:56:02","date_gmt":"2012-10-07T10:56:02","guid":{"rendered":"http:\/\/www.mszporoszlany.hu\/?p=1471"},"modified":"2012-10-29T12:31:24","modified_gmt":"2012-10-29T11:31:24","slug":"meddig-tursz-meg","status":"publish","type":"post","link":"https:\/\/www.mszporoszlany.hu\/?p=1471","title":{"rendered":"Meddig t\u0171rsz m\u00e9g!?"},"content":{"rendered":"<p><strong><img loading=\"lazy\" decoding=\"async\" class=\"alignleft size-full wp-image-1472\" title=\"Garda\" src=\"https:\/\/www.mszporoszlany.hu\/wp-content\/uploads\/2012\/10\/Garda.png\" alt=\"\" width=\"200\" height=\"120\" \/>Bel\u00fcgyminiszter! Korm\u00e1ny! Jog\u00e1llam!<\/strong><\/p>\n<p>Meddig t\u0171rsz m\u00e9g?! Mi kell m\u00e9g ahhoz, hogy hat\u00e1rozottan \u00e9s kem\u00e9nyen lesz\u00e1molj az egy\u00e9rtelm\u0171en t\u00f6rv\u00e9nytelen \u00e9s a lakoss\u00e1got megf\u00e9leml\u00edt\u0151 v\u00e9delmi egys\u00e9gek szervezked\u00e9seivel? Meddig engeded meg, hogy t\u00e9rt nyerjenek nyilv\u00e1nval\u00f3an betilt\u00e1sra \u00e9rdemes szervezetek? Hov\u00e1 vezet ez az arc\u00e1tlan arrogancia, amellyel megt\u00e9vesztik az embereket? Mi\u00e9rt engeded meg, hogy lej\u00e1rass\u00e1k az k\u00f6zbiztons\u00e1g megteremt\u00e9s\u00e9re hivatott \u00e1llami szervezeteket? Mikor \u00e9rj\u00fck el m\u00e1r v\u00e9gre, hogy honfit\u00e1rsainkat ne zaklathass\u00e1k az igazs\u00e1gtev\u00e9sre, a v\u00e9delemre \u00f6njel\u00f6lt l\u00fazerek, lumpen elemek?<\/p>\n<p><!--more--><\/p>\n<p>Valamikor valaki azt mondta, hogy vigy\u00e1zni kell a szellemmel, mert ha kiengeded a palackb\u00f3l, annak bel\u00e1thatatlan k\u00f6vetkezm\u00e9nyei lesznek \u00e9s neh\u00e9z lesz visszatuszkolni. Ennek m\u00e1r l\u00e1that\u00f3 jelei vannak, s ha nem l\u00e9psz, azzal n\u00e9pednek \u00e1rtasz.<\/p>\n<p>Mit kellene tenned? P\u00e9ld\u00e1ul el\u00f6l j\u00e1rni j\u00f3 p\u00e9ld\u00e1kkal. P\u00e9ld\u00e1t mutatni, p\u00e9ldamutat\u00f3an viselkedni, j\u00f3 t\u00f6rv\u00e9nyeket hozni, felemelni n\u00e9pedet, hogy ne agg\u00f3djon a mindennapok gondjai\u00e9rt, a j\u00f6v\u0151j\u00e9\u00e9rt, a gyerekei\u00e9rt. Betartani \u00e9s betartatni a t\u00f6rv\u00e9nyeket.<\/p>\n<p>A r\u00f6pc\u00e9dul\u00e1jukon azt \u00edrj\u00e1k t\u00f6bbek k\u00f6z\u00f6tt \u201e Amikor vetsz \u00e9s m\u00e1sok aratnak \u2026\u201d. Bizony ez el\u0151fordul. De nem csak a kiskertekben, s\u0151t \u2026! Amikor az \u00e1llami f\u00f6ldeket nem az arra \u00e9rdemesek kapj\u00e1k, amikor \u00e9rdemtelen\u00fcl \u00f3ri\u00e1si j\u00f6vedelmek v\u00e1ndorolnak \u00e9rdemtelenek zseb\u00e9be, amikor a pof\u00e1nkba hazudnak a sz\u00f3viv\u0151k, amikor a gazdagok gazdagodnak, a szeg\u00e9nyek szeg\u00e9nyednek, amikor egyre rosszabb lesz, akkor hajlamosak vagyunk azt rem\u00e9lni, hogy nem Te, hanem m\u00e1sok majd seg\u00edtenek rajtunk. V\u00e9lem\u00e9nyem szerint nem ezek a hord\u00e1k.<\/p>\n<p>Meddig t\u0171rsz m\u00e9g?!<\/p>\n","protected":false},"excerpt":{"rendered":"<p>Meddig t\u0171rsz m\u00e9g?! Mi kell m\u00e9g ahhoz, hogy hat\u00e1rozottan \u00e9s kem\u00e9nyen lesz\u00e1molj az egy\u00e9rtelm\u0171en t\u00f6rv\u00e9nytelen \u00e9s a lakoss\u00e1got megf\u00e9leml\u00edt\u0151 v\u00e9delmi egys\u00e9gek szervezked\u00e9seivel? Meddig engeded meg, hogy t\u00e9rt nyerjenek nyilv\u00e1nval\u00f3an betilt\u00e1sra \u00e9rdemes szervezetek? Hov\u00e1 vezet ez az arc\u00e1tlan arrogancia, amellyel megt\u00e9vesztik az embereket? Mi\u00e9rt engeded meg, hogy lej\u00e1rass\u00e1k az k\u00f6zbiztons\u00e1g megteremt\u00e9s\u00e9re hivatott \u00e1llami szervezeteket? Mikor \u00e9rj\u00fck el m\u00e1r v\u00e9gre, hogy honfit\u00e1rsainkat ne zaklathass\u00e1k az igazs\u00e1gtev\u00e9sre, a v\u00e9delemre \u00f6njel\u00f6lt l\u00fazerek, lumpen elemek?  <a href=\"https:\/\/www.mszporoszlany.hu\/?p=1471\">Egy kattint\u00e1s ide a folytat\u00e1shoz&#8230;. <span class=\"meta-nav\">&rarr;<\/span><\/a><\/p>\n","protected":false},"author":35,"featured_media":0,"comment_status":"open","ping_status":"closed","sticky":false,"template":"","format":"standard","meta":{"footnotes":""},"categories":[196,194],"tags":[],"class_list":["post-1471","post","type-post","status-publish","format-standard","hentry","category-magyarorszag","category-oroszlany"],"_links":{"self":[{"href":"https:\/\/www.mszporoszlany.hu\/index.php?rest_route=\/wp\/v2\/posts\/1471","targetHints":{"allow":["GET"]}}],"collection":[{"href":"https:\/\/www.mszporoszlany.hu\/index.php?rest_route=\/wp\/v2\/posts"}],"about":[{"href":"https:\/\/www.mszporoszlany.hu\/index.php?rest_route=\/wp\/v2\/types\/post"}],"author":[{"embeddable":true,"href":"https:\/\/www.mszporoszlany.hu\/index.php?rest_route=\/wp\/v2\/users\/35"}],"replies":[{"embeddable":true,"href":"https:\/\/www.mszporoszlany.hu\/index.php?rest_route=%2Fwp%2Fv2%2Fcomments&post=1471"}],"version-history":[{"count":0,"href":"https:\/\/www.mszporoszlany.hu\/index.php?rest_route=\/wp\/v2\/posts\/1471\/revisions"}],"wp:attachment":[{"href":"https:\/\/www.mszporoszlany.hu\/index.php?rest_route=%2Fwp%2Fv2%2Fmedia&parent=1471"}],"wp:term":[{"taxonomy":"category","embeddable":true,"href":"https:\/\/www.mszporoszlany.hu\/index.php?rest_route=%2Fwp%2Fv2%2Fcategories&post=1471"},{"taxonomy":"post_tag","embeddable":true,"href":"https:\/\/www.mszporoszlany.hu\/index.php?rest_route=%2Fwp%2Fv2%2Ftags&post=1471"}],"curies":[{"name":"wp","href":"https:\/\/api.w.org\/{rel}","templated":true}]}}