{"id":1474,"date":"2012-10-10T08:26:06","date_gmt":"2012-10-10T07:26:06","guid":{"rendered":"http:\/\/www.mszporoszlany.hu\/?p=1474"},"modified":"2012-10-29T12:31:16","modified_gmt":"2012-10-29T11:31:16","slug":"martin-schulz-beszede","status":"publish","type":"post","link":"https:\/\/www.mszporoszlany.hu\/?p=1474","title":{"rendered":"Martin Schulz besz\u00e9de"},"content":{"rendered":"<p>Martin Schulz besz\u00e9de az Eur\u00f3pai Szocialista P\u00e1rt Kongresszus\u00e1n<\/p>\n<p><strong>Kedves Elvt\u00e1rsak, Kedves Bar\u00e1taim!<\/strong><\/p>\n<p>Az eur\u00f3pai szocialist\u00e1k visszat\u00e9rtek!<br \/>\n\u00dajra v\u00e1laszt\u00e1sokat nyer\u00fcnk Eur\u00f3p\u00e1ban.<br \/>\nAz inga ism\u00e9t balra lend\u00fcl.<\/p>\n<p><img loading=\"lazy\" decoding=\"async\" class=\"alignleft size-full wp-image-1475\" title=\"MartinSchulz\" src=\"https:\/\/www.mszporoszlany.hu\/wp-content\/uploads\/2012\/10\/MartinSchulz.png\" alt=\"\" width=\"200\" height=\"120\" \/>Az el\u0151z\u0151 pr\u00e1gai kongresszusunkon, 2009-ben neh\u00e9z id\u0151ket \u00e9lt\u00fcnk \u00e1t. S\u00falyos vesztes\u00e9geket szenvedt\u00fcnk az eur\u00f3pai v\u00e1laszt\u00e1sokon. F\u00e1j\u00f3 m\u00f3don elvesztett\u00fck a korm\u00e1nyz\u00e1st az Egyes\u00fclt Kir\u00e1lys\u00e1gban, Portug\u00e1li\u00e1ban, Spanyolorsz\u00e1gban \u00e9s G\u00f6r\u00f6gorsz\u00e1gban. Neh\u00e9z id\u0151szak volt. T\u00e1mad\u00e1sok \u00e9rtek minket a sz\u00e9ls\u0151balr\u00f3l \u00e9s az euroszkeptikus p\u00e1rtok r\u00e9sz\u00e9r\u0151l is. Mi m\u00e9gis kitartottunk elveink mellett. Nem engedt\u00fcnk a populista h\u00edv\u00f3szavaknak, nem hajoltunk el a populista tendenci\u00e1k ir\u00e1ny\u00e1ba. Elveink gy\u0151zedelmeskedtek! \u00dajra v\u00e1laszt\u00e1sokat nyert\u00fcnk Eur\u00f3p\u00e1ban! \u00dajra korm\u00e1nyt alak\u00edtottunk D\u00e1ni\u00e1ban, Belgiumban, Szlov\u00e1ki\u00e1ban, Rom\u00e1ni\u00e1ban \u00e9s Franciaorsz\u00e1gban.<\/p>\n<p><!--more--><\/p>\n<p>K\u00e9t h\u00e9ttel ezel\u0151tt, Diederik Samsom p\u00e1rtja l\u00e1tv\u00e1nyos eredm\u00e9nyt \u00e9rt el a neh\u00e9z gazdas\u00e1gi helyzetben l\u00e9v\u0151 Hollandi\u00e1ban. Hatalmas teljes\u00edtm\u00e9nyt vitt v\u00e9gbe: fantasztikus kamp\u00e1nyt csin\u00e1lt, sz\u00edvb\u0151l j\u00f6v\u0151, Eur\u00f3pa-p\u00e1rti \u00fczenetekkel. Gratul\u00e1lunk Diedriknek \u00e9s a Holland Munk\u00e1sp\u00e1rtnak! Robert Fico bar\u00e1tom Szlov\u00e1ki\u00e1ban szint\u00e9n egy Eur\u00f3pa-p\u00e1rti kamp\u00e1nyt vezetve aratott jelent\u0151s gy\u0151zelmet.<\/p>\n<p>K\u00e9pesek vagyunk a gy\u0151zelemre! \u00c9s gy\u0151zni is fogunk! Francois Hollande gy\u0151zelme ir\u00e1nyt adott Eur\u00f3pa sz\u00e1m\u00e1ra. E gy\u0151zelemnek messze hat\u00f3 k\u00f6vetkezm\u00e9nyei vannak. Francois v\u00e9get vetett a \u201eMerkozy\u201d uralomnak, 2013 \u0151sz\u00e9n pedig a N\u00e9met Szoci\u00e1ldemokrata P\u00e1rt v\u00e9get vet Merkel uralkod\u00e1s\u00e1nak Eur\u00f3pa felett.<\/p>\n<p>Az inga \u00fajra a mi ir\u00e1nyunkba lend\u00fcl. Eur\u00f3pa ir\u00e1nyt v\u00e1lt \u00e9s balra fordul!<\/p>\n<p>Litv\u00e1nia, Rom\u00e1nia, M\u00e1lta, Olaszorsz\u00e1g, Bulg\u00e1ria, Portug\u00e1lia, Ausztria \u00e9s N\u00e9metorsz\u00e1g egy \u00e9ven bel\u00fcl v\u00e1laszt\u00e1sokat tart. Ha kem\u00e9nyen dolgozunk, \u00e9s ki\u00e1llunk a szoci\u00e1lis igazs\u00e1goss\u00e1g mellett, a fenti orsz\u00e1gok mindegyik\u00e9ben a szoci\u00e1ldemokrat\u00e1k alak\u00edthatnak majd korm\u00e1nyt. Csak a szoci\u00e1ldemokr\u00e1cia hozhatja el az emberek Eur\u00f3p\u00e1j\u00e1t! Elj\u00f6tt a mi id\u0151nk!<\/p>\n<p><strong>Bar\u00e1taim!<\/strong><\/p>\n<p>N\u00e9gy \u00e9ve azt l\u00e1ttuk, hogy \u00f6rd\u00f6gi k\u00f6r alakul ki a bankment\u00e9sek, a n\u00f6vekv\u0151 korm\u00e1nyzati ad\u00f3ss\u00e1gok, a k\u00f6ny\u00f6rtelen megszor\u00edt\u00f3 politika, a m\u00e9ly\u00fcl\u0151 recesszi\u00f3, a n\u00f6vekv\u0151 munkan\u00e9lk\u00fclis\u00e9g \u00e9s a szeg\u00e9nys\u00e9g k\u00f6z\u00f6tt. M\u00e9g mindig nem l\u00e1tszik a f\u00e9ny az alag\u00fat v\u00e9g\u00e9n. A jobboldali p\u00e1rtok n\u00e9gy \u00e9ve, \u00fajra \u00e9s \u00fajra, ugyanazt az elhib\u00e1zott politik\u00e1t er\u0151ltetik. A feneketlen g\u00f6d\u00f6r m\u00e9ly\u00e9n ragadtunk. Legy\u00fcnk \u0151szint\u00e9k: a jobboldal receptje nem m\u0171k\u00f6dik!<\/p>\n<p>A kapitalizmus vez\u00e9relve az volt, hogy aki cselekszik, az v\u00e1llalja a felel\u0151ss\u00e9get cselekedetei\u00e9rt. Ma a felt\u00e9telek n\u00e9lk\u00fcl ny\u00fajtott korm\u00e1nyzati ment\u0151csomagok l\u00e9trehozt\u00e1k a kock\u00e1zatmentes kaszin\u00f3-kapitalizmust. Mi\u00e9rt kellene a gazdas\u00e1g szerepl\u0151inek felel\u0151sen viselkedni\u00fck, ha az ad\u00f3fizet\u0151k \u00e1llj\u00e1k helyett\u00fck a cechet? Az a fajta kapitalista rendszer, amelynek szerepl\u0151i \u00e1th\u00e1r\u00edthatj\u00e1k m\u00e1sokra a kock\u00e1zatot, val\u00f3j\u00e1ban t\u00f6nkreteszi, romba d\u00f6nti a kapitalizmust.<\/p>\n<p>Ebben a &#8222;kock\u00e1zatmentes&#8221; kapitalizmusban a profit mag\u00e1ntulajdonban van, m\u00edg a vesztes\u00e9geket \u00e1llamos\u00edtj\u00e1k. Az egyszer\u0171 emberek \u00e1llj\u00e1k a sz\u00e1ml\u00e1t a spekul\u00e1nsok helyett. Az ad\u00f3fizet\u0151knek el\u0151sz\u00f6r meg kellett menteni\u00fck a bankokat, hogy elker\u00fclj\u00e9k a teljes p\u00e9nz\u00fcgyi \u00f6sszeoml\u00e1st. Milli\u00e1rdok t\u0171ntek el! \u00c9s ezek ut\u00e1n a jobbk\u00f6z\u00e9p korm\u00e1nyok k\u00f6zlik, hogy mindenkinek szorosabbra kell h\u00faznia a nadr\u00e1gsz\u00edjat, \u00e9s cs\u00f6kkenteni kell az ad\u00f3ss\u00e1ghegyeket! Dr\u00e1mai, kompromisszumok n\u00e9lk\u00fcli megszor\u00edt\u00e1sokat k\u00e9nyszer\u00edtettek az orsz\u00e1gokra. Szinte tobz\u00f3dunk a kiad\u00e1scs\u00f6kkent\u0151 int\u00e9zked\u00e9sekben: cs\u00f6kkennek a j\u00f6vedelmek \u00e9s a nyugd\u00edjak, bez\u00e1rj\u00e1k a k\u00f3rh\u00e1zakat, az iskol\u00e1kat \u00e9s csorb\u00edtj\u00e1k a munkav\u00e1llal\u00f3i jogokat. Hogy mondhatj\u00e1k azt az embereknek, hogy az\u00e9rt nincs p\u00e9nz eg\u00e9szs\u00e9g\u00fcgyre \u00e9s oktat\u00e1sra, mert azok, akik okozt\u00e1k a v\u00e1ls\u00e1got nem hajland\u00f3k kivenni a r\u00e9sz\u00fcket az ad\u00f3ss\u00e1g cs\u00f6kkent\u00e9s\u00e9b\u0151l?<\/p>\n<p>Mi\u00e9rt nincs m\u00e9g mindig eg\u00e9sz Eur\u00f3p\u00e1ra kiterjed\u0151 p\u00e9nz\u00fcgyi tranzakci\u00f3s ad\u00f3? \u00c1ltal\u00e1nos forgalmi ad\u00f3t fizet\u00fcnk minden egyes vekni keny\u00e9r \u00e9s minden egyes gy\u00fcm\u00f6lcs ut\u00e1n. Ad\u00f3t fizet\u00fcnk majdnem minden ut\u00e1n, kiv\u00e9ve a p\u00e9nz\u00fcgyi tranzakci\u00f3kat! A p\u00e9nz\u00fcgyi szektor semmilyen m\u00f3don nem j\u00e1rult hozz\u00e1 a hatalmas m\u00e9rt\u00e9k\u0171 ad\u00f3ss\u00e1g cs\u00f6kkent\u00e9s\u00e9hez. A p\u00e9nz\u00fcgyi szektor, amely egy ideje m\u00e1r \u00fajra milli\u00e1rdos profitot termel. Eg\u00e9sz Eur\u00f3p\u00e1ra kiterjed\u0151 p\u00e9nz\u00fcgyi tranzakci\u00f3s ad\u00f3ra van sz\u00fcks\u00e9g\u00fcnk, m\u00e9ghozz\u00e1 azonnal! Ezt k\u00f6veteli a tisztess\u00e9g \u00e9s t\u00e1rsadalmi igazs\u00e1goss\u00e1g! V\u00e1llalniuk kell a felel\u0151ss\u00e9get azoknak, akik a v\u00e1ls\u00e1got okozt\u00e1k!<\/p>\n<p>Ez az, ami\u00e9rt harcolni fogunk eg\u00e9sz Eur\u00f3p\u00e1ban, mert ez az, ami\u00e9rt Eur\u00f3p\u00e1nak v\u00e1ltoz\u00e1sra van sz\u00fcks\u00e9ge. Eur\u00f3p\u00e1nak ez\u00e9rt van sz\u00fcks\u00e9ge er\u0151s szoci\u00e1ldemokr\u00e1ci\u00e1ra!<\/p>\n<p>A Merkelek \u00e9s Sarkozyk, a konzervat\u00edvok \u00e9s a liber\u00e1lisok azt mondj\u00e1k, hogy az orsz\u00e1goknak \u00e1t kell esni\u00fck a megszor\u00edt\u00e1sokon, meg kell b\u0171nh\u0151dni\u00fck a m\u00falt b\u0171nei\u00e9rt. Szerint\u00fck csak \u00edgy lehet a dolgokat helyre hozni. A versenyk\u00e9pess\u00e9g \u2013 elmond\u00e1suk szerint \u2013 n\u0151ni fog. De hol l\u00e1tnak fejl\u0151d\u00e9st? A robban\u00e1sszer\u0171en n\u00f6vekv\u0151 szeg\u00e9nys\u00e9gben? Az elszabadult munkan\u00e9lk\u00fclis\u00e9gben? A m\u00e9ly\u00fcl\u0151 \u00e9s egyre kiterjedtebb recesszi\u00f3ban? Mi sehol nem l\u00e1tjuk.<\/p>\n<p>\u00cdrorsz\u00e1g \u00e9s Portug\u00e1lia, akik \u00e9ltanul\u00f3k\u00e9nt mindenben mintaszer\u0171en teljes\u00edtett\u00e9k a trojka elv\u00e1r\u00e1sait, tov\u00e1bbra is s\u00falyos v\u00e1ls\u00e1gban vannak. Ha az \u00e9ltanul\u00f3k sem sikeresek, akkor le kell vonnunk a k\u00f6vetkeztet\u00e9st: a megszor\u00edt\u00e1sok politik\u00e1ja nem m\u0171k\u00f6dik. M\u00e9g konzervat\u00edvok \u00e1ltal korm\u00e1nyzott Sv\u00e9dorsz\u00e1g is egy gazdas\u00e1g\u00f6szt\u00f6nz\u0151 csomag elfogad\u00e1s\u00e1t tervezi.<\/p>\n<p>Elvt\u00e1rsak, Eur\u00f3p\u00e1nak \u00faj rem\u00e9nyre van sz\u00fcks\u00e9ge! Eur\u00f3p\u00e1nak n\u00f6veked\u00e9sre \u00e9s munkahelyekre van sz\u00fcks\u00e9ge! Ez\u00e9rt kell harcolnunk, mert ez az, amire Eur\u00f3p\u00e1nak sz\u00fcks\u00e9ge van. Eur\u00f3p\u00e1nak ez\u00e9rt van sz\u00fcks\u00e9ge er\u0151s szoci\u00e1ldemokr\u00e1ci\u00e1ra!<\/p>\n<p><strong>Kedves Bar\u00e1taim!<\/strong><\/p>\n<p>Mindezekn\u00e9l j\u00f3val t\u00f6bb bajunk van, hiszen l\u00e1tjuk a n\u00f6vekv\u0151 szakad\u00e9kot gazdagok \u00e9s szeg\u00e9nyek k\u00f6z\u00f6tt. A v\u00e1ls\u00e1g alatt a gazdagok m\u00e9g gazdagabbak lettek \u2013 hol itt a t\u00e1rsadalmi igazs\u00e1goss\u00e1g?<\/p>\n<p>Hadd mondjak egy p\u00e9ld\u00e1t a sz\u00fcl\u0151haz\u00e1mb\u00f3l. 1992 \u00e9s 2012 k\u00f6z\u00f6tt a h\u00e1ztart\u00e1sok nett\u00f3 megtakar\u00edt\u00e1sa N\u00e9metorsz\u00e1gban t\u00f6bb mint dupl\u00e1j\u00e1ra n\u0151tt: 4.6-r\u0151l 10 ezermilli\u00e1rd eur\u00f3ra. Az elm\u00falt \u00f6t, v\u00e1ls\u00e1g s\u00fajtotta \u00e9vben 1400 milli\u00e1rd volt a n\u00f6veked\u00e9s. A megtakar\u00edt\u00e1sok t\u00f6bb mint a fel\u00e9t a h\u00e1ztart\u00e1sok leggazdagabb t\u00edz sz\u00e1zal\u00e9ka birtokolja. A t\u00e1rsadalom szeg\u00e9nyebb fele mind\u00f6ssze a megtakar\u00edt\u00e1sok 1 sz\u00e1zal\u00e9k\u00e1t birtokolja. Hol olvastam ezeket? Nem egy sz\u00e9ls\u0151balos kiadv\u00e1nyban, hanem a jobboldali n\u00e9met Sz\u00f6vets\u00e9gi Korm\u00e1nynak a szeg\u00e9nys\u00e9gr\u0151l sz\u00f3l\u00f3 jelent\u00e9s\u00e9ben!<\/p>\n<p>Eur\u00f3pa tov\u00e1bbra is gazdag kontinens, de a vagyont igazs\u00e1gosabban kell elosztanunk. Francois Hollande a szuper-gazdagokra kivetett ad\u00f3val j\u00f3 p\u00e9ld\u00e1t mutatott. Az er\u0151sebbek v\u00e1lla t\u00f6bb terhet b\u00edr el, mint a gyeng\u00e9k\u00e9. Cs\u00f6kkenten\u00fcnk kell a szakad\u00e9kot szeg\u00e9nyek \u00e9s gazdagok k\u00f6z\u00f6tt. Ez\u00e9rt kell harcolnunk eg\u00e9sz Eur\u00f3p\u00e1ban, mert ez az, ami\u00e9rt Eur\u00f3p\u00e1nak v\u00e1ltoz\u00e1sra van sz\u00fcks\u00e9ge. Eur\u00f3p\u00e1nak ez\u00e9rt van sz\u00fcks\u00e9ge er\u0151s szoci\u00e1ldemokr\u00e1ci\u00e1ra!<\/p>\n<p>Bar\u00e1taim! Teljess\u00e9ggel elfogadhatatlan, hogy azok a h\u00e9tk\u00f6znapi emberek \u2013 akik a v\u00e1llukon cipelik a p\u00e9nz\u00fcgyi v\u00e1ls\u00e1g terheit \u2013 megvet\u00e9s t\u00e1rgy\u00e1t k\u00e9pezik. Guido Westerwelle, n\u00e9met liber\u00e1lis k\u00fcl\u00fcgyminiszter k\u00e9s\u0151 r\u00f3mai kori dekadenci\u00e1t emleget azok kapcs\u00e1n, akik szoci\u00e1lis juttat\u00e1sban r\u00e9szes\u00fclnek. Mario Draghi szerint a szoci\u00e1lis modell Eur\u00f3p\u00e1ban h\u00e1tr\u00e1ltatja a versenyk\u00e9pess\u00e9get. Mitt Romney szerint az amerikaiak 47 sz\u00e1zal\u00e9ka a korm\u00e1nyzatt\u00f3l f\u00fcgg, csak kolonc a t\u00f6bbiek nyak\u00e1ban. Azt pedig meg sem merem ism\u00e9telni, amit Andrea Fabra spanyol n\u00e9pp\u00e1rti parlamenti k\u00e9pvisel\u0151 mondott a munkan\u00e9lk\u00fcliekr\u0151l. Nem el\u00e9g, hogy a h\u00e9tk\u00f6znapi emberek \u00e1ldozatokat hoznak, viselik a spekul\u00e1nsok okozta k\u00e1rokat, de m\u00e9g le is n\u00e9zik \u0151ket.<\/p>\n<p>Ez a megvet\u00e9s \u00e9s len\u00e9z\u00e9s a neoliber\u00e1lis vil\u00e1gn\u00e9zet jellemz\u0151je. A neoliberalizmus az embereket vagy versenyt\u00e1rsaknak, vagy k\u00f6lts\u00e9gvet\u00e9si t\u00e9teleknek tekinti. Mindenki \u00f6nmag\u00e1\u00e9rt felel. Mindenki szabad. Egyik ember a m\u00e1sik ellen dolgozik. Egyik orsz\u00e1g a m\u00e1sik ellen l\u00e9p fel. A neoliber\u00e1lisok olyan Eur\u00f3p\u00e1t akarnak, amely csak a k\u00f6z\u00f6s piacb\u00f3l \u00e1ll. Ahol csak a dzsungel t\u00f6rv\u00e9nyei \u00e9rv\u00e9nyesek, ahol csak az egy\u00e9ni \u00e9rdekek sz\u00e1m\u00edtanak.<\/p>\n<p>Mi szoci\u00e1ldemokrat\u00e1k mindig is m\u00e1sk\u00e9nt tekint\u00fcnk az emberekre. \u00dagy tekint\u00fcnk r\u00e1juk, mint a t\u00e1rsadalom tagjaira, egy\u00e9nis\u00e9gekre, akiknek k\u00f6z\u00f6s c\u00e9ljaik vannak, akik szolid\u00e1risak egym\u00e1ssal. Ez\u00e9rt a mi t\u00e1rsadalomk\u00e9p\u00fcnk \u00e9s Eur\u00f3pa-k\u00e9p\u00fcnk k\u00fcl\u00f6nb\u00f6zik a konzervat\u00edvok\u00e9t\u00f3l.<\/p>\n<p>Mi, szoci\u00e1ldemokrat\u00e1k ki\u00e1llunk az emberarc\u00fa t\u00e1rsadalom\u00e9rt, mindig az embert helyezz\u00fck a k\u00f6z\u00e9ppontba. Ki\u00e1llunk a k\u00f6z\u00f6s eur\u00f3pai c\u00e9lok\u00e9rt! Mi meg\u00e9rtett\u00fck, hogy Eur\u00f3p\u00e1ban mind egy cs\u00f3nakban evez\u00fcnk. Meg\u00e9rtett\u00fck, hogy \u00e9rdekeink k\u00f6z\u00f6sek, meg\u00e9lhet\u00e9s\u00fcnkben egym\u00e1sra vagyunk utalva. Olyan szorosan \u00f6ssze vagyunk kapcsolva, hogy magunkon is csak akkor seg\u00edthet\u00fcnk, ha m\u00e1sokkal szolidarit\u00e1st v\u00e1llalunk. Ez\u00e9rt fogunk harcolni eg\u00e9sz Eur\u00f3p\u00e1ban, mert ez az, ami\u00e9rt Eur\u00f3p\u00e1nak v\u00e1ltoz\u00e1sra van sz\u00fcks\u00e9ge. Eur\u00f3p\u00e1nak ez\u00e9rt van sz\u00fcks\u00e9ge er\u0151s szoci\u00e1ldemokr\u00e1ci\u00e1ra!<\/p>\n<p><strong>Bar\u00e1taim!<\/strong><\/p>\n<p>Amikor ma Eur\u00f3p\u00e1ra tekintek, meghasad a sz\u00edvem. Eur\u00f3pa \u00e1llapota feld\u00fch\u00edt. Agg\u00f3dva l\u00e1tom, hogyan er\u0151s\u00f6dik a nacionalizmus. Hallom, hogy egyesek gy\u0171l\u00f6lettel \u00e9s el\u0151\u00edt\u00e9lettel besz\u00e9lnek a m\u00e1sikr\u00f3l. L\u00e1tom, hogyan er\u0151s\u00f6dnek meg azok a p\u00e1rtok, amelyek ellens\u00e9gesek Eur\u00f3p\u00e1val \u00e9s a k\u00fclf\u00f6ldiekkel szemben. L\u00e1tnunk kell, hogy b\u00e1r visszaszor\u00edtottuk a rombol\u00e1s \u00e9s a gy\u0171l\u00f6let d\u00e9monait, v\u00e9gleg nem gy\u0151zt\u00fck le \u0151ket. \u00daj Eur\u00f3p\u00e1t \u00e9p\u00edtett\u00fcnk, de nem v\u00e1ltoztattuk meg az emberi term\u00e9szetet. Ha lebontjuk ezt a \u00e9p\u00edtm\u00e9nyt, a m\u00falt d\u00e9monai visszat\u00e9rnek. Ezek ellen a leger\u0151sebb v\u00e9delem a szoci\u00e1ldemokrata \u00e9rt\u00e9krend: a tisztelet, a tolerancia, \u00e9s a szolidarit\u00e1s. Eur\u00f3p\u00e1nak ez\u00e9rt van sz\u00fcks\u00e9ge er\u0151s szoci\u00e1ldemokr\u00e1ci\u00e1ra!<\/p>\n<p><strong>Bar\u00e1taim!<\/strong><\/p>\n<p>A v\u00e1ls\u00e1g arra k\u00e9nyszer\u00edtette a neoliber\u00e1lisokat, hogy elismerj\u00e9k veres\u00e9g\u00fcket. A l\u00e1thatatlan k\u00e9z egyszer\u0171en nem m\u0171k\u00f6dik, a piacoknak szab\u00e1lyoz\u00f3 keretekre van sz\u00fcks\u00e9g\u00fck. Milton Friedman, Ronald Reagan \u00e9s Margaret Thatcher ugyanazt a politik\u00e1t folytatt\u00e1k. Azt hirdett\u00e9k, hogy min\u00e9l kevesebb a fel\u00fcgyelet, kevesebb a korm\u00e1nyzat, kevesebb a szab\u00e1ly, ann\u00e1l jobb. Milli\u00f3k szenvedtek ezekt\u0151l az elvekt\u0151l, m\u00e9gis a szellemi f\u0151sodor r\u00e9sz\u00e9t k\u00e9pezt\u00e9k. H\u00e1rom \u00e9vtizeden kereszt\u00fcl a neoliberalizmus hat\u00e1rozta meg Eur\u00f3p\u00e1t. A privatiz\u00e1ci\u00f3, a deregul\u00e1ci\u00f3 \u00e9s az ad\u00f3cs\u00f6kkent\u00e9s dogm\u00e1v\u00e1 v\u00e1lt.<\/p>\n<p>A gazdas\u00e1gi v\u00e1ls\u00e1g hat\u00e1s\u00e1ra azonban m\u00e9g a neoliber\u00e1lisok is ir\u00e1nyv\u00e1lt\u00e1sra k\u00e9nyszer\u00fcltek. Csak az \u00e1llam k\u00e9pes arra, hogy meg\u00f3vja a piacokat az \u00f6sszeoml\u00e1st\u00f3l. Amikor a korm\u00e1nyok arra k\u00e9nyszer\u00fcltek, hogy megments\u00e9k Eur\u00f3pa bankjait, hirtelen megsz\u00fcletett a felismer\u00e9s, hogy az \u00e1llamnak \u00e9s a politik\u00e1nak szerepet kell v\u00e1llalnia. De hol vannak ma azok a bizonyos \u00edg\u00e9retek a politika \u201evisszat\u00e9r\u00e9s\u00e9r\u0151l\u201d? Mi van a G-20 keret\u00e9ben megfogalmazott \u00edg\u00e9retekkel, miszerint a p\u00e9nz\u00fcgyi piacokat egyszer \u00e9s mindenkorra megregul\u00e1zz\u00e1k?<\/p>\n<p>A konzervat\u00edv korm\u00e1nyok \u00e9s korm\u00e1nyf\u0151k szavait nem k\u00f6vett\u00e9k tettek. Nap, mint nap l\u00e1tom ezt. Ma is vit\u00e1ban \u00e1llunk az Eur\u00f3pai Tan\u00e1ccsal a p\u00e9nz\u00fcgyi b\u00f3nuszok cs\u00f6kkent\u00e9s\u00e9r\u0151l, vagy \u00e9ppen azzal kapcsolatosan, hogy mik\u00e9nt min\u0151s\u00edthess\u00e9k a hitelmin\u0151s\u00edt\u0151 int\u00e9zetek az \u00e1llamok ad\u00f3ss\u00e1g\u00e1t. A Tan\u00e1csban az el\u0151rel\u00e9p\u00e9st a konzervat\u00edv-liber\u00e1lis t\u00f6bbs\u00e9g akad\u00e1lyozza meg. Nem tanultak semmit.<\/p>\n<p>A neoliberalizmusnak m\u00e9g mindig vannak k\u00f6vet\u0151i az igazgat\u00f3tan\u00e1csokban \u00e9s korm\u00e1nyzati k\u00f6r\u00f6kben is. \u0150k m\u00e9g mindig hisznek a szabad piac j\u00f3t\u00e9kony hat\u00e1s\u00e1r\u00f3l sz\u00f3l\u00f3 mes\u00e9kben. Ha nem vigy\u00e1zunk, egy nap, amikor a v\u00e1ls\u00e1g v\u00e9get \u00e9r, a neoliber\u00e1lisok majd azt mondj\u00e1k, hogy nem is volt ez olyan rossz. Hogy m\u00e1r minden rendbej\u00f6tt \u00e9s m\u0171k\u00f6dik, mint r\u00e9gen. Hogy nincs is sz\u00fcks\u00e9g p\u00e9nzpiaci szab\u00e1lyoz\u00e1sra, p\u00e9nz\u00fcgyi tranzakci\u00f3s ad\u00f3ra, bankuni\u00f3ra \u00e9s gazdas\u00e1gi korm\u00e1nyz\u00e1sra.<\/p>\n<p>Nem kell j\u00f3snak lenni ahhoz, hogy tiszt\u00e1n l\u00e1ssuk: a k\u00f6vetkez\u0151 v\u00e1ls\u00e1g \u00edgy elker\u00fclhetetlen lesz. Ehhez csak j\u00f3zan \u00e9sz kell. Minden kezd\u0151dik el\u00f6lr\u0151l: az \u00e1llamad\u00f3ss\u00e1g, a kiad\u00e1sok cs\u00f6kkent\u00e9se, a munkan\u00e9lk\u00fclis\u00e9g, a cs\u00f6kken\u0151 \u00fajraeloszt\u00e1s, a n\u00f6vekv\u0151 szeg\u00e9nys\u00e9g.<\/p>\n<p>Ez\u00e9rt kell Eur\u00f3p\u00e1nak a politik\u00e1t kell el\u0151t\u00e9rbe helyeznie! A p\u00e9nz\u00fcgyi szerepl\u0151k, a p\u00e9nz\u00fcgyi term\u00e9kek \u00e9s a piacok nem maradhatnak szab\u00e1lyozatlanul. Ez\u00e9rt fogunk harcolni eg\u00e9sz Eur\u00f3p\u00e1ban, mert ez az, ami\u00e9rt Eur\u00f3p\u00e1nak v\u00e1ltoz\u00e1sra van sz\u00fcks\u00e9ge. Eur\u00f3p\u00e1nak ez\u00e9rt van sz\u00fcks\u00e9ge er\u0151s szoci\u00e1ldemokr\u00e1ci\u00e1ra!<\/p>\n<p>Nem k\u00e9rd\u00e9s, hogy ha nem \u00e1ll\u00edtjuk vissza a politikai kontrollt a szab\u00e1lyozatlan p\u00e9nz\u00fcgyi piacok felett, a demokr\u00e1cia maga ker\u00fcl vesz\u00e9lybe! Angela Merkel azzal a meggondolatlan \u00f6tlettel \u00e1llt el\u0151, hogy \u201ddemokr\u00e1cia legyen piac-konform\u201d. \u00c9n nem akarok piac-konform demokr\u00e1ci\u00e1t! \u00c9n demokr\u00e1cia-konform piacot akarok! Tudom, hogy ti is ezt akarj\u00e1tok.<\/p>\n<p>Ez\u00e9rt azt\u00e1n az Eur\u00f3pai Parlament eln\u00f6kek\u00e9nt tiltakoznom kell. Nem! Egyetlen parlament sem felesleges! A parlamentek jelentik a demokr\u00e1cia biztos\u00edt\u00e9k\u00e1t. Az Eur\u00f3pai Parlament eln\u00f6kek\u00e9nt nap, mint nap harcolok a parlamentarizmus ellens\u00e9geivel. Szembesz\u00e1llok a Tan\u00e1csban azokkal a korm\u00e1nyf\u0151kkel, akik kisaj\u00e1t\u00edtj\u00e1k maguknak a d\u00f6nt\u00e9shozatalt \u00e9s z\u00e1rt ajt\u00f3k m\u00f6g\u00f6tt hoznak mindannyiunkat \u00e9rint\u0151 fontos d\u00f6nt\u00e9seket. Ez elfogadhatatlan!<\/p>\n<p>Teljes m\u00e9rt\u00e9kben egyet\u00e9rtek J\u00fcrgen Habermasal, aki ezt a gyakorlatot \u201ea hatalom kisaj\u00e1t\u00edt\u00e1s\u00e1nak\u201d nevezi az Eur\u00f3pai Tan\u00e1cs r\u00e9sz\u00e9r\u0151l. Habermas kem\u00e9ny szavakkal figyelmeztet minket arra, hogy a demokr\u00e1ci\u00e1t t\u00e9gl\u00e1r\u00f3l t\u00e9gl\u00e1ra bontj\u00e1k le. Vesz\u00e9lyes \u00fat ez Eur\u00f3pa sz\u00e1m\u00e1ra!<\/p>\n<p><strong>Kedves Bar\u00e1taim!<\/strong><\/p>\n<p>Ismeritek Willy Brandt h\u00edres szavait: \u201eWir wollen mehr Demokratie wagen\u201d. Merj\u00fcnk t\u00f6bb demokr\u00e1ci\u00e1t! Abban az id\u0151ben ez a N\u00e9met Sz\u00f6vets\u00e9gi K\u00f6zt\u00e1rsas\u00e1gra vonatkozott. Napjainkban viszont Eur\u00f3p\u00e1ra vonatkozik. Eur\u00f3p\u00e1nak t\u00f6bb demokr\u00e1ci\u00e1ra van sz\u00fcks\u00e9ge. Ez az, ami\u00e9rt harcolni fogunk. Ne f\u00e9lj\u00fcnk az eur\u00f3pai demokr\u00e1ci\u00e1t\u00f3l! Eur\u00f3p\u00e1nak ez\u00e9rt van sz\u00fcks\u00e9ge er\u0151s szoci\u00e1ldemokr\u00e1ci\u00e1ra.<\/p>\n<p><strong>Kedves Bar\u00e1taim!<\/strong><\/p>\n<p>A legf\u00e1jdalmasabb az eg\u00e9szben az, hogy a fiatalok \u00e9let\u00fckkel, elszalasztott lehet\u0151s\u00e9geikkel fizetnek a v\u00e1ls\u00e1g\u00e9rt. Ma Spanyolorsz\u00e1gban \u00e9s G\u00f6r\u00f6gorsz\u00e1gban k\u00e9t fiatalb\u00f3l egynek nincsen munk\u00e1ja. Kett\u0151b\u0151l egynek! Ez sz\u00e9gyen! Ez a valaha \u00e9lt legjobban k\u00e9pzett eur\u00f3pai nemzed\u00e9k, \u00e9s lehet, hogy \u00e9ppen ez lesz az elveszett nemzed\u00e9k.<\/p>\n<p>Madridban egy fiatal munkan\u00e9lk\u00fcli spanyol n\u0151 feltett egy k\u00e9rd\u00e9st, ami m\u00e9lyen meg\u00e9rintett. Azt k\u00e9rdezte, hogy ha az Uni\u00f3nak van 750 milli\u00f3 eur\u00f3ja kiseg\u00edteni a bankokat, akkor mennyi eur\u00f3ja van sz\u00e1mukra? Meg\u00e9rtem, hogy mi\u00e9rt \u00e9rzik \u00fagy ezek a fiatalok, hogy cserbenhagyt\u00e1k \u0151ket. Meg\u00e9rtem, hogy mi\u00e9rt d\u00fch\u00f6sek. Meg\u00e9rtem, hogy mi\u00e9rt tiltakoznak a fiatalok Spanyolorsz\u00e1gban, G\u00f6r\u00f6gorsz\u00e1gban \u00e9s szerte Eur\u00f3p\u00e1ban az utc\u00e1n az ellen a rendszer ellen, amely mag\u00e1nos\u00edtja a nyeres\u00e9get \u00e9s a t\u00e1rsadalomra terheli a vesztes\u00e9geket. Meg\u00e9rtem, hogy mi\u00e9rt vonulnak az utc\u00e1ra azzal a politik\u00e1val szemben, amely \u00e9rdekeikkel ellent\u00e9tes. Fel vannak h\u00e1borodva, igen, jogosan, mert \u00fagy \u00e9rzik, hogy cserbenhagyt\u00e1k \u0151ket. Tehetetlenek \u00e9s rem\u00e9nyvesztettek. A legnagyobb fenyeget\u00e9st az jelenti a demokr\u00e1ci\u00e1ra n\u00e9zve, ha az emberek erej\u00fckt\u0151l elhagyatva, rem\u00e9nyeikt\u0151l megfosztva, k\u00e9ts\u00e9gbeesetten k\u00e9nytelenek szemben\u00e9zni a hatalmas p\u00e9nzpiacokkal \u00e9s az \u00e9rinthetetlen politikusokkal.<\/p>\n<p>A demokr\u00e1cia akkor er\u0151s, ha az emberek k\u00e9pesek d\u00f6nteni saj\u00e1t sorsukr\u00f3l. Ha k\u00e9pesek megv\u00e1ltoztatni a saj\u00e1t \u00e9let\u00fcket \u00e9s jobb\u00e1 tenni a t\u00e1rsadalmat. A szocialista \u00e9s a szoci\u00e1ldemokrata p\u00e1rtok k\u00f6teless\u00e9ge, hogy utat mutassanak a cserbenhagyottak, az elb\u00e1tortalanodottak, a rem\u00e9nyvesztettek \u00e9s a felh\u00e1borodottak sz\u00e1m\u00e1ra. Ha nem tudunk perspekt\u00edv\u00e1t adni ezeknek a fiataloknak, akkor mi szoci\u00e1ldemokrat\u00e1k elbukunk.<\/p>\n<p>Mi szocialist\u00e1k \u00e9s szoci\u00e1ldemokrat\u00e1k b\u00fcszk\u00e9n tekinthet\u00fcnk vissza m\u00faltunkra: mindig ki\u00e1lltunk az elesettek, az elnyomottak \u00e9s az \u00e1ldozatok mellett.<\/p>\n<p>Ehhez a hagyom\u00e1nyhoz kapcsol\u00f3dnak p\u00e1rteln\u00f6k\u00f6m, Sigmar Gabriel szavai:. &#8222;A szoci\u00e1ldemokrat\u00e1knak \u00fajra ott a hely\u00fck, ahol az \u00e9let zajos \u00e9s neh\u00e9z, ahol az \u00e9let probl\u00e9m\u00e1s \u00e9s b\u00fcd\u00f6s.&#8221; Ott a hely\u00fcnk, mondom \u00e9n, ahol eluralkodott a k\u00e9ts\u00e9gbees\u00e9s.<\/p>\n<p>Egy \u00e9vsz\u00e1zadon \u00e1t a demokr\u00e1cia, a t\u00e1rsadalmi igazs\u00e1goss\u00e1g, a nagyobb szabads\u00e1g \u00e9s a t\u00f6bb egyenl\u0151s\u00e9g volt a szoci\u00e1ldemokr\u00e1cia l\u00e9tez\u00e9s\u00e9nek c\u00e9lja. A sz\u00fcleink ezek\u00e9rt az eszm\u00e9k\u00e9rt k\u00fczd\u00f6ttek. N\u00e9h\u00e1nyan az \u00e9let\u00fckkel fizettek \u00e9rte. B\u00fcszk\u00e9k vagyunk r\u00e1juk.<\/p>\n<p>Stabilabb demokr\u00e1ci\u00e1t, nagyobb t\u00e1rsadalmi igazs\u00e1goss\u00e1got, t\u00f6bb szabads\u00e1got \u00e9s t\u00f6bb egyenl\u0151s\u00e9get teremtett\u00fcnk a t\u00e1rsadalomban. L\u00e9trehoztuk a vil\u00e1g egyik leghalad\u00f3bb \u00e9s legciviliz\u00e1ltabb t\u00e1rsadalm\u00e1t. A nemzet\u00e1llam ellen\u0151rz\u00e9se al\u00e1 vontuk a kapitalizmust.<\/p>\n<p>Most ism\u00e9t ellen\u0151rz\u00e9s al\u00e1 kell vonnunk a kapitalizmust, m\u00e9ghozz\u00e1 eur\u00f3pai szinten! Ez a feladatunk &#8211; m\u00e1sodszor is ellen\u0151rz\u00e9s al\u00e1 vonni a kapitalizmust, m\u00e1sk\u00fcl\u00f6nben megsz\u0171nik Eur\u00f3p\u00e1ban a szolidarit\u00e1s \u00e9s a demokr\u00e1cia.<\/p>\n<p>Kedves Bar\u00e1taim! A k\u00e9rd\u00e9s az, hogyan v\u00e1lhatunk mi, eur\u00f3pai szocialist\u00e1k er\u0151sebb\u00e9? V\u00e1laszt\u00e1sokat kell nyern\u00fcnk nemzeti szinten, azonban eur\u00f3pai szinten is egys\u00e9gesnek kell lenn\u00fcnk!<\/p>\n<p>Amikor megv\u00e1lasztottak a Szocialista Frakci\u00f3 vezet\u0151j\u00e9v\u00e9 az Eur\u00f3pai Parlamentben, t\u00f6bben azt mondt\u00e1k nekem, hogy \u00fagysem fognak komolyan venni benn\u00fcnket, hisz mi csak m\u00e1sodheged\u0171s\u00f6k vagyunk. Ez az id\u0151szak megtan\u00edtott arra, hogy ha egys\u00e9gesek vagyunk, er\u0151sek lesz\u00fcnk. B\u00e1r a sz\u00e1mokra tekintve csak a m\u00e1sodik leger\u0151sebb frakci\u00f3 vagyunk az Eur\u00f3pai Parlamentben, de ha a politikai hat\u00e9konys\u00e1got \u00e9s a politikai eredm\u00e9nyeket n\u00e9zz\u00fck, akkor egy\u00e9rtelm\u0171en mi vagyunk a leger\u0151sebbek. Er\u0151nket az egys\u00e9g adja! B\u00fcszke vagyok arra, hogy annak a Szocialista Frakci\u00f3nak a tagja lehetek, amelyet Hannes Swoboda bar\u00e1tom ilyen kiv\u00e1l\u00f3an vezet!<\/p>\n<p>Id\u0151nk\u00e9nt sajnos hi\u00e1nyzik az egys\u00e9g az eur\u00f3pai szoci\u00e1ldemokrat\u00e1kn\u00e1l. Mondok erre egy p\u00e9ld\u00e1t. A bel- \u00e9s igazs\u00e1g\u00fcgyi miniszterek a k\u00f6zelm\u00faltban megvitatt\u00e1k a polg\u00e1rok szabad mozg\u00e1s\u00e1t, \u00e9rt\u00e9kelt\u00e9k a schengeni \u00f6vezet m\u0171k\u00f6d\u00e9s\u00e9t. Vissza akart\u00e1k \u00e1ll\u00edtani a hat\u00e1rellen\u0151rz\u00e9sek lehet\u0151s\u00e9g\u00e9t. Egyetlen tag\u00e1llam v\u00e9t\u00f3ja megakad\u00e1lyozhatta volna a kezdem\u00e9nyez\u00e9st. De egyetlen, a szocialista p\u00e1rtcsal\u00e1dhoz tartoz\u00f3 bel\u00fcgyminiszternek sem volt b\u00e1tors\u00e1ga ahhoz, hogy nemet mondjon, annak ellen\u00e9re, hogy az emberek szabad mozg\u00e1sa egy\u00e9rtelm\u0171en szoci\u00e1ldemokrata \u00e9rt\u00e9k.<\/p>\n<p>Minden szoci\u00e1ldemokrata miniszter \u00fagy \u00e9rkezik Br\u00fcsszelbe, hogy orsz\u00e1g\u00e1nak nemzeti \u00e9rdekeit k\u00e9pviseli. Logikus, hiszen ez\u00e9rt v\u00e1lasztott\u00e1k \u0151ket, hogy haz\u00e1juk v\u00e1laszt\u00f3it k\u00e9pviselj\u00e9k. De az\u00e9rt is v\u00e1lasztott\u00e1k \u0151ket, mert a v\u00e1laszt\u00f3k azt akart\u00e1k, hogy orsz\u00e1guk \u00e9s Eur\u00f3pa baloldalibb\u00e1 v\u00e1ljon. Az eur\u00f3pai szoci\u00e1ldemokrat\u00e1knak ez\u00e9rt szorosan egy\u00fctt kell m\u0171k\u00f6dni\u00fck az Eur\u00f3pai Uni\u00f3 d\u00f6nt\u00e9shoz\u00f3 szerveiben, az Eur\u00f3pai Parlamentben, a Tan\u00e1csban, az Eur\u00f3pai Tan\u00e1csban \u00e9s a Bizotts\u00e1gban.<\/p>\n<p>Az eur\u00f3pai szoci\u00e1ldemokrata minisztereln\u00f6k\u00f6k, vezet\u0151k \u00fcl\u00e9s\u00e9t minden uni\u00f3s cs\u00facstal\u00e1lkoz\u00f3 el\u0151tt be kell v\u00e9sn\u00fcnk a napt\u00e1runkba \u00fagy, ahogy a konzervat\u00edvok teszik. Nem engedhetj\u00fck \u00e1t nekik a kezdem\u00e9nyez\u00e9st! A vezet\u0151k \u00fcl\u00e9s\u00e9n egys\u00e9get \u00e9s er\u0151t kell mutatnunk a m\u00e9dia ir\u00e1ny\u00e1ba is.<\/p>\n<p><strong>Kedves Bar\u00e1taim!<\/strong><\/p>\n<p>Mikor k\u00f6r\u00fcln\u00e9zek a teremben, sok fiatal arcot l\u00e1tok. Sok embert, akik \u00e9ppolyan fiatalok, mint a gyerekeim. Egy nap Eur\u00f3pa a ti\u00e9tek lesz. Eur\u00f3pa olyan lesz, amilyenn\u00e9 Ti teszitek. Rajtatok m\u00falik, hogy Eur\u00f3p\u00e1t politikai \u00e9rtelemben is az otthonotokk\u00e1 tegy\u00e9tek. Eur\u00f3pa azz\u00e1 lesz, amiv\u00e9 ti teszitek.<\/p>\n<p>Eur\u00f3p\u00e1nak sz\u00fcks\u00e9ge van r\u00e1tok, hogy \u00fajra ellen\u0151rz\u00e9s al\u00e1 vonjuk a kapitalizmust.<\/p>\n<p>Sz\u00e1munkra Eur\u00f3pa a nemzetek, a n\u00e9pek \u00e9s az emberek k\u00f6z\u00f6tti szolidarit\u00e1st jelenti.<\/p>\n<p>Sz\u00e1munkra Eur\u00f3pa egyet jelent a t\u00e1rsadalmi igazs\u00e1goss\u00e1ggal, a munkav\u00e1llal\u00f3k jogaival, az egyenl\u0151 munk\u00e1\u00e9rt egyenl\u0151 b\u00e9r elv\u00e9vel, a nemek k\u00f6z\u00f6tti es\u00e9lyegyenl\u0151s\u00e9ggel.<\/p>\n<p>Sz\u00e1munkra Eur\u00f3pa a demokr\u00e1ci\u00e1t, az er\u0151s parlamentarizmust \u00e9s a polg\u00e1rok politikai r\u00e9szv\u00e9tel\u00e9t jelenti.<\/p>\n<p>Sz\u00e1munkra Eur\u00f3pa egyet jelent a t\u00e1rsadalmi koh\u00e9zi\u00f3val \u00e9s a fenntarthat\u00f3 k\u00f6rnyezettel.<\/p>\n<p>Sz\u00e1munkra Eur\u00f3pa a toleranci\u00e1t, a sokf\u00e9les\u00e9get \u00e9s a kissebs\u00e9gek tisztelet\u00e9t jelenti.<\/p>\n<p>Eur\u00f3p\u00e1nak ez\u00e9rt van sz\u00fcks\u00e9ge er\u0151s szoci\u00e1ldemokr\u00e1ci\u00e1ra!<\/p>\n<p><strong>Kedves Bar\u00e1taim!<\/strong><\/p>\n<p>Eur\u00f3pa ir\u00e1nyt v\u00e1lt! Ism\u00e9t a szoci\u00e1ldemokrat\u00e1k gy\u0151znek Eur\u00f3p\u00e1ban!<\/p>\n<p>A konzervativizmus, a c\u00e9ltalan megszor\u00edt\u00e1sok \u00e9s ellen\u0151rizetlen piacok csak szenved\u00e9st okoztak \u00e9s megbuktak. Most egy m\u00e1sfajta Eur\u00f3p\u00e1\u00e9rt k\u00fczd\u00fcnk. Olyan Eur\u00f3p\u00e1\u00e9rt, amelynek k\u00f6zpontj\u00e1ban az ember \u00e1ll, ahol a politika ellen\u0151rzi a piacokat \u00e9s ahol szolidarit\u00e1s hatja \u00e1t minden tett\u00fcnket. Kedves Bar\u00e1taim, ezt egyed\u00fcl nem tudjuk el\u00e9rni. Dolgozzunk h\u00e1t egy\u00fctt egy jobb Eur\u00f3p\u00e1\u00e9rt, egy szoci\u00e1ldemokrata Eur\u00f3p\u00e1\u00e9rt!<\/p>\n<p>Martin Schulz<br \/>\nBr\u00fcsszel, 2012.09.29.<\/p>\n","protected":false},"excerpt":{"rendered":"<p>Martin Schulz besz\u00e9de az Eur\u00f3pai Szocialista P\u00e1rt Kongresszus\u00e1n Kedves Elvt\u00e1rsak, Kedves Bar\u00e1taim! Az eur\u00f3pai szocialist\u00e1k visszat\u00e9rtek! \u00dajra v\u00e1laszt\u00e1sokat nyer\u00fcnk Eur\u00f3p\u00e1ban. Az inga ism\u00e9t balra lend\u00fcl. Az el\u0151z\u0151 pr\u00e1gai kongresszusunkon, 2009-ben neh\u00e9z id\u0151ket \u00e9lt\u00fcnk \u00e1t. S\u00falyos vesztes\u00e9geket szenvedt\u00fcnk az eur\u00f3pai v\u00e1laszt\u00e1sokon. &hellip; <a href=\"https:\/\/www.mszporoszlany.hu\/?p=1474\">Egy kattint\u00e1s ide a folytat\u00e1shoz&#8230;. <span class=\"meta-nav\">&rarr;<\/span><\/a><\/p>\n","protected":false},"author":35,"featured_media":0,"comment_status":"open","ping_status":"closed","sticky":false,"template":"","format":"standard","meta":{"footnotes":""},"categories":[696,58,197],"tags":[],"class_list":["post-1474","post","type-post","status-publish","format-standard","hentry","category-eu-parlament","category-mszp","category-nemzetkozi"],"_links":{"self":[{"href":"https:\/\/www.mszporoszlany.hu\/index.php?rest_route=\/wp\/v2\/posts\/1474","targetHints":{"allow":["GET"]}}],"collection":[{"href":"https:\/\/www.mszporoszlany.hu\/index.php?rest_route=\/wp\/v2\/posts"}],"about":[{"href":"https:\/\/www.mszporoszlany.hu\/index.php?rest_route=\/wp\/v2\/types\/post"}],"author":[{"embeddable":true,"href":"https:\/\/www.mszporoszlany.hu\/index.php?rest_route=\/wp\/v2\/users\/35"}],"replies":[{"embeddable":true,"href":"https:\/\/www.mszporoszlany.hu\/index.php?rest_route=%2Fwp%2Fv2%2Fcomments&post=1474"}],"version-history":[{"count":0,"href":"https:\/\/www.mszporoszlany.hu\/index.php?rest_route=\/wp\/v2\/posts\/1474\/revisions"}],"wp:attachment":[{"href":"https:\/\/www.mszporoszlany.hu\/index.php?rest_route=%2Fwp%2Fv2%2Fmedia&parent=1474"}],"wp:term":[{"taxonomy":"category","embeddable":true,"href":"https:\/\/www.mszporoszlany.hu\/index.php?rest_route=%2Fwp%2Fv2%2Fcategories&post=1474"},{"taxonomy":"post_tag","embeddable":true,"href":"https:\/\/www.mszporoszlany.hu\/index.php?rest_route=%2Fwp%2Fv2%2Ftags&post=1474"}],"curies":[{"name":"wp","href":"https:\/\/api.w.org\/{rel}","templated":true}]}}