{"id":1479,"date":"2012-10-14T20:35:59","date_gmt":"2012-10-14T19:35:59","guid":{"rendered":"http:\/\/www.mszporoszlany.hu\/?p=1479"},"modified":"2012-10-29T12:31:06","modified_gmt":"2012-10-29T11:31:06","slug":"meghivo-2","status":"publish","type":"post","link":"https:\/\/www.mszporoszlany.hu\/?p=1479","title":{"rendered":"Megh\u00edv\u00f3"},"content":{"rendered":"<p><img loading=\"lazy\" decoding=\"async\" class=\"alignleft size-full wp-image-1483\" title=\"drKollathGyorgy\" src=\"https:\/\/www.mszporoszlany.hu\/wp-content\/uploads\/2012\/10\/drKollathGyorgy.png\" alt=\"\" width=\"200\" height=\"120\" \/>A K\u00f6z\u00e9leti Klub szervez\u00e9s\u00e9ben dr. Koll\u00e1th Gy\u00f6rgy tart el\u0151ad\u00e1st &#8222;<em>A szabad v\u00e1laszt\u00e1s, a b\u00e9k\u00e9s hatalomv\u00e1lt\u00e1s, a politikai v\u00e1lt\u00f3gazdas\u00e1g Eur\u00f3p\u00e1ban \u00e9s n\u00e1lunk napjainkban<\/em>&#8221; c\u00edmmel. A rendezv\u00e9ny 2012. november 05-\u00e9n 17:00 \u00f3rakor kezd\u0151dik az oroszl\u00e1nyi K\u00f6lcsey Ferenc M\u0171vel\u0151d\u00e9si K\u00f6zpontban. Az el\u0151ad\u00e1st k\u00f6vet\u0151en k\u00f6tetlen besz\u00e9lget\u00e9sre van lehet\u0151s\u00e9g. A megh\u00edv\u00f3 <a title=\"Megh\u00edv\u00f3 let\u00f6lt\u00e9se\" href=\"\/wp-docs\/KK-Kollath.pdf\" target=\"_blank\">let\u00f6lthet\u0151 innen<\/a>.<\/p>\n<p><!--more--><\/p>\n<p><strong>K\u00e9rj\u00fck a rendezv\u00e9nyen val\u00f3 r\u00e9szv\u00e9tel\u00e9t el\u0151re jelezni sz\u00edveskedjen!<\/strong><\/p>\n<p>Jelentkez\u00e9si lehet\u0151s\u00e9gek<\/p>\n<ul>\n<li><a title=\"Regisztr\u00e1ci\u00f3 dr. Koll\u00e1th Gy\u00f6rgy el\u0151ad\u00e1s\u00e1ra\" href=\"https:\/\/www.facebook.com\/events\/332110696887570\" target=\"_blank\">Facebook<\/a><\/li>\n<li><a title=\"E-mail k\u00fcld\u00e9se\" href=\"mailto:metzgergy@citromail.hu\">metzgergy@citromail.hu<\/a> e-mai c\u00edmen<\/li>\n<li>(30) 823-3825 vagy (34) 363-321 telefonsz\u00e1mon<\/li>\n<\/ul>\n","protected":false},"excerpt":{"rendered":"<p>Tisztelettel megh\u00edvjuk \u00d6nt \u00e9s k\u00f6rnyezet\u00e9ben l\u00e9v\u0151 \u00e9rdekl\u0151d\u0151ket a K\u00f6z\u00e9leti Klub els\u0151 programj\u00e1ra, a 2012. november 5.-\u00e9n h\u00e9tf\u0151n 17:00 \u00f3rakor kezd\u0151d\u0151 el\u0151ad\u00e1sra \u00e9s azt k\u00f6vet\u0151 besz\u00e9lget\u00e9sre az oroszl\u00e1nyi K\u00f6lcsey Ferenc M\u0171vel\u0151d\u00e9si K\u00f6zpont kamaraterm\u00e9be. <a href=\"https:\/\/www.mszporoszlany.hu\/?p=1479\">Egy kattint\u00e1s ide a folytat\u00e1shoz&#8230;. <span class=\"meta-nav\">&rarr;<\/span><\/a><\/p>\n","protected":false},"author":35,"featured_media":0,"comment_status":"open","ping_status":"closed","sticky":false,"template":"","format":"standard","meta":{"footnotes":""},"categories":[194],"tags":[816,817],"class_list":["post-1479","post","type-post","status-publish","format-standard","hentry","category-oroszlany","tag-dr-kollath-gyorgy","tag-kolcsey-ferenc-muvelodesi-haz"],"_links":{"self":[{"href":"https:\/\/www.mszporoszlany.hu\/index.php?rest_route=\/wp\/v2\/posts\/1479","targetHints":{"allow":["GET"]}}],"collection":[{"href":"https:\/\/www.mszporoszlany.hu\/index.php?rest_route=\/wp\/v2\/posts"}],"about":[{"href":"https:\/\/www.mszporoszlany.hu\/index.php?rest_route=\/wp\/v2\/types\/post"}],"author":[{"embeddable":true,"href":"https:\/\/www.mszporoszlany.hu\/index.php?rest_route=\/wp\/v2\/users\/35"}],"replies":[{"embeddable":true,"href":"https:\/\/www.mszporoszlany.hu\/index.php?rest_route=%2Fwp%2Fv2%2Fcomments&post=1479"}],"version-history":[{"count":0,"href":"https:\/\/www.mszporoszlany.hu\/index.php?rest_route=\/wp\/v2\/posts\/1479\/revisions"}],"wp:attachment":[{"href":"https:\/\/www.mszporoszlany.hu\/index.php?rest_route=%2Fwp%2Fv2%2Fmedia&parent=1479"}],"wp:term":[{"taxonomy":"category","embeddable":true,"href":"https:\/\/www.mszporoszlany.hu\/index.php?rest_route=%2Fwp%2Fv2%2Fcategories&post=1479"},{"taxonomy":"post_tag","embeddable":true,"href":"https:\/\/www.mszporoszlany.hu\/index.php?rest_route=%2Fwp%2Fv2%2Ftags&post=1479"}],"curies":[{"name":"wp","href":"https:\/\/api.w.org\/{rel}","templated":true}]}}