{"id":1486,"date":"2012-10-15T10:25:38","date_gmt":"2012-10-15T09:25:38","guid":{"rendered":"http:\/\/www.mszporoszlany.hu\/?p=1486"},"modified":"2012-10-29T12:30:55","modified_gmt":"2012-10-29T11:30:55","slug":"cikkajanlo-41-het","status":"publish","type":"post","link":"https:\/\/www.mszporoszlany.hu\/?p=1486","title":{"rendered":"Cikkaj\u00e1nl\u00f3 (41.h\u00e9t)"},"content":{"rendered":"<p><img loading=\"lazy\" decoding=\"async\" class=\"alignleft size-full wp-image-1440\" title=\"Cikkajanlo2\" src=\"https:\/\/www.mszporoszlany.hu\/wp-content\/uploads\/2012\/10\/Cikkajanlo2.png\" alt=\"\" width=\"200\" height=\"120\" \/>Szervezt\u00fcnk tagjai, bar\u00e1taink \u00e9s ismer\u0151seink javasolt\u00e1k az al\u00e1bbi cikkeket elolvas\u00e1sra. Amennyiben ideje \u00e9s lehet\u0151s\u00e9ge van r\u00e1, k\u00e9rj\u00fck l\u00e1togasson el a megadott oldalakra \u00e9s olvassa el \u00d6n is az \u00e1ltaluk javasolt cikkeket. Amennyiben \u00e9rdemi v\u00e9lem\u00e9nye lenne a cikkekkel kapcsolatosan, akkor Facebook oldalunkon a megfelel\u0151 cikk bejegyz\u00e9s\u00e9hez v\u00e9lem\u00e9nyt is f\u0171zhet. Kellemes olvasgat\u00e1st k\u00edv\u00e1nunk!<\/p>\n<p><!--more--><\/p>\n<ul>\n<li>MSZP-s jel\u00f6lt nyert a <a title=\"MSZP-s jel\u00f6lt nyert a soproni v\u00e1laszt\u00e1son\" href=\"http:\/\/index.hu\/belfold\/2012\/10\/07\/mszp-s_jelolt_nyert_a_soproni_valasztason\" target=\"_blank\">soproni v\u00e1laszt\u00e1s<\/a>on<\/li>\n<li><a title=\"TAO-p\u00e9nzek: megint a focist\u00e1k j\u00e1rnak j\u00f3l\" href=\"http:\/\/atlatszo.hu\/2012\/10\/02\/tao-penzek-megint-a-focistak-jarnak-jol\" target=\"_blank\">TAO-p\u00e9nzek<\/a>: megint a focist\u00e1k j\u00e1rnak j\u00f3l<\/li>\n<li><a title=\"TAO-p\u00e9nzek II.: Felcs\u00fat az abszol\u00fat nyertes\" href=\"http:\/\/atlatszo.hu\/2012\/10\/08\/tao-penzek-ii-felcsut-az-abszolut-nyertes\" target=\"_blank\">TAO-p\u00e9nzek II.<\/a>: Felcs\u00fat az abszol\u00fat nyertes<\/li>\n<li>Mindenkit mindenkivel <a title=\"Mindenkit mindenkivel szembe\u00e1ll\u00edtani\" href=\"http:\/\/hirek.msn.mainap.hu\/itthon\/mindenkit-mindenkivel-szembeallitani-38311\" target=\"_blank\">szembe\u00e1ll\u00edtani<\/a><\/li>\n<li>Ha \u00f6sszefog az ellenz\u00e9k, <a title=\"Ha \u00f6sszefog az ellenz\u00e9k, bukik a Fidesz\" href=\"http:\/\/fn.hir24.hu\/itthon\/2012\/10\/10\/ha-osszefog-az-ellenzek-bukik-a-fidesz\" target=\"_blank\">bukik a Fidesz<\/a><\/li>\n<\/ul>\n","protected":false},"excerpt":{"rendered":"<p>Szervezt\u00fcnk tagjai, bar\u00e1taink \u00e9s ismer\u0151seink javasolt\u00e1k az al\u00e1bbi cikkeket elolvas\u00e1sra. Amennyiben ideje \u00e9s lehet\u0151s\u00e9ge van r\u00e1, k\u00e9rj\u00fck l\u00e1togasson el a megadott oldalakra \u00e9s olvassa el \u00d6n is az \u00e1ltaluk javasolt cikkeket. Amennyiben \u00e9rdemi v\u00e9lem\u00e9nye lenne a cikkekkel kapcsolatosan, akkor Facebook &hellip; <a href=\"https:\/\/www.mszporoszlany.hu\/?p=1486\">Egy kattint\u00e1s ide a folytat\u00e1shoz&#8230;. <span class=\"meta-nav\">&rarr;<\/span><\/a><\/p>\n","protected":false},"author":35,"featured_media":0,"comment_status":"open","ping_status":"closed","sticky":false,"template":"","format":"standard","meta":{"footnotes":""},"categories":[1,196],"tags":[],"class_list":["post-1486","post","type-post","status-publish","format-standard","hentry","category-egyeb","category-magyarorszag"],"_links":{"self":[{"href":"https:\/\/www.mszporoszlany.hu\/index.php?rest_route=\/wp\/v2\/posts\/1486","targetHints":{"allow":["GET"]}}],"collection":[{"href":"https:\/\/www.mszporoszlany.hu\/index.php?rest_route=\/wp\/v2\/posts"}],"about":[{"href":"https:\/\/www.mszporoszlany.hu\/index.php?rest_route=\/wp\/v2\/types\/post"}],"author":[{"embeddable":true,"href":"https:\/\/www.mszporoszlany.hu\/index.php?rest_route=\/wp\/v2\/users\/35"}],"replies":[{"embeddable":true,"href":"https:\/\/www.mszporoszlany.hu\/index.php?rest_route=%2Fwp%2Fv2%2Fcomments&post=1486"}],"version-history":[{"count":0,"href":"https:\/\/www.mszporoszlany.hu\/index.php?rest_route=\/wp\/v2\/posts\/1486\/revisions"}],"wp:attachment":[{"href":"https:\/\/www.mszporoszlany.hu\/index.php?rest_route=%2Fwp%2Fv2%2Fmedia&parent=1486"}],"wp:term":[{"taxonomy":"category","embeddable":true,"href":"https:\/\/www.mszporoszlany.hu\/index.php?rest_route=%2Fwp%2Fv2%2Fcategories&post=1486"},{"taxonomy":"post_tag","embeddable":true,"href":"https:\/\/www.mszporoszlany.hu\/index.php?rest_route=%2Fwp%2Fv2%2Ftags&post=1486"}],"curies":[{"name":"wp","href":"https:\/\/api.w.org\/{rel}","templated":true}]}}