{"id":1492,"date":"2012-10-16T06:17:29","date_gmt":"2012-10-16T05:17:29","guid":{"rendered":"http:\/\/www.mszporoszlany.hu\/?p=1492"},"modified":"2012-10-29T12:30:44","modified_gmt":"2012-10-29T11:30:44","slug":"szinezd-ujra","status":"publish","type":"post","link":"https:\/\/www.mszporoszlany.hu\/?p=1492","title":{"rendered":"Sz\u00ednezd \u00fajra!"},"content":{"rendered":"<p><img loading=\"lazy\" decoding=\"async\" class=\"alignleft size-full wp-image-1493\" title=\"MatyoTorony\" src=\"https:\/\/www.mszporoszlany.hu\/wp-content\/uploads\/2012\/10\/MatyoTorony.png\" alt=\"\" width=\"200\" height=\"120\" \/>Lassan m\u00e1r csak az \u00e9g \u00e9s a Haraszthegy nem lesz \u00e1tfestve, \u00e1tnevezve Oroszl\u00e1nyban, legal\u00e1bb is r\u00f6gt\u00f6n erre gondoltam, amikor elolvastam a v\u00edztorony fel\u00faj\u00edt\u00e1s\u00e1val kapcsolatos cikket a v\u00e1ros weboldal\u00e1n. A feltett l\u00e1tv\u00e1nyterveket alaposan v\u00e9gign\u00e9zve, azt hiszem, lesznek m\u00e9g ebb\u0151l m\u00e9mek t\u00f6meg\u00e9vel. Mondom ezt annak ellen\u00e9re, hogy sz\u00edndinamikai szakember \u00e9s fot\u00f3m\u0171v\u00e9sz adta a nev\u00e9t az \u00faj akci\u00f3hoz, aminek nem bevallott neve: Ne ismerj r\u00e1 a v\u00e1rosodra!<\/p>\n<p><!--more--><\/p>\n<p>Nagyk\u00e9p\u0171s\u00e9g lenne most kijelenteni, hogy az ipart\u00f6rt\u00e9netileg \u00e9s v\u00e1rosjelk\u00e9pileg is meghat\u00e1roz\u00f3 objektum csak jelen sz\u00edn\u00e9ben j\u00f3, vagy valamilyen m\u00e1s sz\u00ednben, esetleg mint\u00e1kkal d\u00edsz\u00edtve. Ehhez a K\u00d6Z szav\u00e1t kellene kik\u00e9rni \u2013 b\u00e1r a vend\u00e9gk\u00f6nyvben v\u00e9lem\u00e9ny\u00fcket k\u00f6zz\u00e9tev\u0151k t\u00f6bbs\u00e9ge az eredeti, hagyom\u00e1nyos megjelen\u00e9st prefer\u00e1lja.<br \/>\nAmi\u00e9rt ez a kis \u00edr\u00e1s sz\u00fcletett, az maga az elj\u00e1r\u00e1s, ahogyan az \u00fcgyet a hatalom kezeli. Ahogy \u00edrj\u00e1k: A l\u00e1tv\u00e1nytervekr\u0151l okt\u00f3ber 19-ig v\u00e1rjuk a lakoss\u00e1g v\u00e9lem\u00e9ny\u00e9t az oroszlany.hu honlap Vend\u00e9gk\u00f6nyv\u00e9ben.<\/p>\n<p>Leford\u00edtva: van p\u00e1r terv, s \u00fagyis az lesz, amit mi akarunk, de az\u00e9rt \u00edrhatsz v\u00e9lem\u00e9nyt. S hogy mire alapozom mindezt? Eml\u00e9keztet\u0151\u00fcl egy kor\u00e1bbi itt megjelent anyagb\u00f3l id\u00e9zn\u00e9k a v\u00e1ros int\u00e9zm\u00e9nyeinek \u00e1tnevez\u00e9s\u00e9vel kapcsolatban: S\u00e1gv\u00e1ri Endre \u00c1ltal\u00e1nos Iskola tantest\u00fclete, tanul\u00f3i \u00e9s sz\u00fcl\u0151i szervezete Irinyi J\u00e1nost javasolta \u2013 ha m\u00e1r mindenk\u00e9ppen \u201e\u00e1tnevezni\u201d kell, az iskola di\u00e1kjai pedig ragaszkodtak az eddigi elnevez\u00e9shez, s l\u0151n a b\u00f6lcs k\u00e9pvisel\u0151-test\u00fcleti d\u00f6nt\u00e9s: Hunyadi M\u00e1ty\u00e1s \u00c1ltal\u00e1nos Iskola lesz a neve.<\/p>\n<p>A k\u00e9t k\u00f6z\u00e9piskola alig p\u00e1r h\u00f3napja kapta ezt a rendk\u00edv\u00fcl szellemes \u00e9s tal\u00e1l\u00f3 nevet a kereszts\u00e9gben, de miel\u0151tt az \u00e1llam elrekvir\u00e1lja \u0151ket a v\u00e1rost\u00f3l, a d\u00f6nt\u00e9shoz\u00f3k \u00fagy gondolt\u00e1k, Oroszl\u00e1ny V\u00e1ros Gimn\u00e1ziuma \u00e9s Szakk\u00e9pz\u0151 Iskol\u00e1ja kapjon \u00fajabb, m\u00e9lt\u00f3bb nevet. Az egy\/k\u00e9t int\u00e9zm\u00e9ny tantest\u00fclete a jelenlegi elnevez\u00e9st prefer\u00e1lta, m\u00edg sz\u00fcl\u0151i munkak\u00f6z\u00f6ss\u00e9ge, k\u00f6zalkalmazotti k\u00f6z\u00f6ss\u00e9ge, \u00e9s di\u00e1k\u00f6nkorm\u00e1nyzata \u00d6veges J\u00f3zsef professzor nev\u00e9t, akinek telev\u00edzi\u00f3s m\u0171sorain gener\u00e1ci\u00f3k n\u0151ttek fel. Nos, \u00d6n eltal\u00e1lta, mert egyik sem lesz. Nyert: Hamvas B\u00e9la.<\/p>\n<p>A sportcsarnok eset\u00e9ben L\u00e1z\u00e1s M\u00f3zes vil\u00e1gosodott meg, amikor \u201eAk\u00e1c\u201d csarnokra akarta elnevezni a kosarasok szent\u00e9ly\u00e9t. Ez azt\u00e1n annyira megtetszett a jobboldali frakci\u00f3nak, hogy v\u00e9g\u00fcl csak a csal\u00e1d k\u00fcl\u00f6n, \u00edr\u00e1sos k\u00e9r\u00e9s\u00e9re volt hajland\u00f3 \u00e9rtelmet adni az \u201eAk\u00e1c\u201d-nak, \u00edgy lett v\u00e9g\u00fcl a nemr\u00e9g elhunyt Krajnyik &#8222;Ak\u00e1c&#8221; Andr\u00e1s kiv\u00e1l\u00f3 kosarasunknak m\u00e9lt\u00f3 eml\u00e9k \u00e1ll\u00edtva.<\/p>\n<p>A sporttelep elnevez\u00e9s\u00e9ben ism\u00e9t L\u00e1z\u00e1r M\u00f3zes \u00e9s Nagy Csaba \u00f6tlete lett a nyer\u0151, s lett az objektum neve Chudik Lajos Sportl\u00e9tes\u00edtm\u00e9ny, leverve m\u00e1sik n\u00e9gy javaslatot, de ugyanez lett a sorsa a volt S\u00e1gv\u00e1ri utc\u00e1nak is. Ebben az esetben \u2013 imm\u00e1r t\u00f6bbedszer, de nem utolj\u00e1ra \u2013 L\u00e1z\u00e1s M\u00f3zes nyert Havasi M\u00e1rtonnal, megel\u0151zve m\u00e1sik n\u00e9gy aspir\u00e1nst.<\/p>\n<p>Szent-Gy\u00f6rgyi Albert Szakorvosi-\u00e9s \u00c1pol\u00e1si Kft. lesz a rendel\u0151int\u00e9zetb\u0151l, v\u00e9g\u00fcl a legdilett\u00e1nsabb, \u00f3vod\u00e1sabb javaslattal z\u00e1rjuk: v\u00e1rosi uszoda. Ennek \u00faj neve \u2013 k\u00e9rem nem r\u00f6h\u00f6gni! &#8211; Csobban\u00f3 Oroszl\u00e1ny V\u00e1ros Uszod\u00e1ja, s \u00d6n ism\u00e9t nyert! A javaslatot L\u00e1z\u00e1r M\u00f3zes jegyzi egy szem\u00e9lyben.<\/p>\n<p>Sz\u00f3val, csak fogalmazgassunk nyugodtan v\u00e9lem\u00e9nyeket.<br \/>\nAz eredm\u00e9ny \u2013 az el\u0151zm\u00e9nyek ismeret\u00e9ben \u2013 lefutott.<\/p>\n","protected":false},"excerpt":{"rendered":"<p>Lassan m\u00e1r csak az \u00e9g \u00e9s a Haraszthegy nem lesz \u00e1tfestve, \u00e1tnevezve Oroszl\u00e1nyban, legal\u00e1bb is r\u00f6gt\u00f6n erre gondoltam, amikor elolvastam a v\u00edztorony fel\u00faj\u00edt\u00e1s\u00e1val kapcsolatos cikket a v\u00e1ros weboldal\u00e1n. A feltett l\u00e1tv\u00e1nyterveket alaposan v\u00e9gign\u00e9zve, azt hiszem, lesznek m\u00e9g ebb\u0151l m\u00e9mek t\u00f6meg\u00e9vel. Mondom ezt annak ellen\u00e9re, hogy sz\u00edndinamikai szakember \u00e9s fot\u00f3m\u0171v\u00e9sz adta a nev\u00e9t az \u00faj akci\u00f3hoz, aminek nem bevallott neve: Ne ismerj r\u00e1 a v\u00e1rosodra!<br \/>\n <a href=\"https:\/\/www.mszporoszlany.hu\/?p=1492\">Egy kattint\u00e1s ide a folytat\u00e1shoz&#8230;. <span class=\"meta-nav\">&rarr;<\/span><\/a><\/p>\n","protected":false},"author":35,"featured_media":0,"comment_status":"open","ping_status":"closed","sticky":false,"template":"","format":"standard","meta":{"footnotes":""},"categories":[194],"tags":[825,828,94,818,827,821,819,823,99,92,98,1764,822,824,187,826,820],"class_list":["post-1492","post","type-post","status-publish","format-standard","hentry","category-oroszlany","tag-chudik-lajos-sportletesitmeny","tag-csobbano-oroszlany-varos-uszoda","tag-hamvas-bela","tag-haraszthegy","tag-havasi-marton","tag-hunyadi-matyas-altalanos-iskola","tag-ipartortenet","tag-irinyi-janos","tag-krajnyik-akac-andras","tag-lazar-mozes","tag-nagy-csaba","tag-oroszlany","tag-oroszlany-varos-gimnaziuma-es-szakkepzo-iskolaja","tag-oveges-jozsef","tag-sagvari-endre-altalanos-iskola","tag-szent-gyorgyi-albert-szakorvosi-es-apolasi-kft","tag-varosjelkep"],"_links":{"self":[{"href":"https:\/\/www.mszporoszlany.hu\/index.php?rest_route=\/wp\/v2\/posts\/1492","targetHints":{"allow":["GET"]}}],"collection":[{"href":"https:\/\/www.mszporoszlany.hu\/index.php?rest_route=\/wp\/v2\/posts"}],"about":[{"href":"https:\/\/www.mszporoszlany.hu\/index.php?rest_route=\/wp\/v2\/types\/post"}],"author":[{"embeddable":true,"href":"https:\/\/www.mszporoszlany.hu\/index.php?rest_route=\/wp\/v2\/users\/35"}],"replies":[{"embeddable":true,"href":"https:\/\/www.mszporoszlany.hu\/index.php?rest_route=%2Fwp%2Fv2%2Fcomments&post=1492"}],"version-history":[{"count":0,"href":"https:\/\/www.mszporoszlany.hu\/index.php?rest_route=\/wp\/v2\/posts\/1492\/revisions"}],"wp:attachment":[{"href":"https:\/\/www.mszporoszlany.hu\/index.php?rest_route=%2Fwp%2Fv2%2Fmedia&parent=1492"}],"wp:term":[{"taxonomy":"category","embeddable":true,"href":"https:\/\/www.mszporoszlany.hu\/index.php?rest_route=%2Fwp%2Fv2%2Fcategories&post=1492"},{"taxonomy":"post_tag","embeddable":true,"href":"https:\/\/www.mszporoszlany.hu\/index.php?rest_route=%2Fwp%2Fv2%2Ftags&post=1492"}],"curies":[{"name":"wp","href":"https:\/\/api.w.org\/{rel}","templated":true}]}}