{"id":1496,"date":"2012-10-18T15:05:34","date_gmt":"2012-10-18T14:05:34","guid":{"rendered":"http:\/\/www.mszporoszlany.hu\/?p=1496"},"modified":"2012-10-29T12:30:11","modified_gmt":"2012-10-29T11:30:11","slug":"az-udvoske","status":"publish","type":"post","link":"https:\/\/www.mszporoszlany.hu\/?p=1496","title":{"rendered":"Az \u00fcdv\u00f6ske"},"content":{"rendered":"<p><img loading=\"lazy\" decoding=\"async\" class=\"alignleft size-full wp-image-1497\" title=\"ElekesDiana\" src=\"https:\/\/www.mszporoszlany.hu\/wp-content\/uploads\/2012\/10\/ElekesDiana.png\" alt=\"\" width=\"200\" height=\"120\" \/>\u00d6r\u00f6mmel t\u00f6lt el, hogy mostant\u00f3l p\u00e1rth\u00edreknek is helyet ad Oroszl\u00e1ny honlapja, s ebb\u00e9li \u00f6r\u00f6m\u00f6met m\u00e9g az sem rontja el, ha t\u00f6bben felhorkannak arra a pof\u00e1tlans\u00e1gra, hogy egyesek p\u00e1rtc\u00e9lokra haszn\u00e1lj\u00e1k a k\u00f6zp\u00e9nzeket, a telep\u00fcl\u00e9s weboldal\u00e1t.<\/p>\n<p><!--more--><\/p>\n<p>Olvasom, hogy Elekes Di\u00e1na vezet\u00e9s\u00e9vel Fidelitas szervezet alakult kis v\u00e1rosunkban, mintegy f\u00e9ltucat taggal, ami bizony\u00edtja: minden kezdet neh\u00e9z. De ki is ez a csinos h\u00f6lgy, akinek kedv\u00e9\u00e9rt m\u00e9g tal\u00e1n magam is bel\u00e9pn\u00e9k egy dal\u00e1rd\u00e1ba, vagy h\u00edmz\u0151szakk\u00f6rbe? Nos, \u0151 is Czunyin\u00e9 dr. Bertalan Judit sz\u0171kebb p\u00e1tri\u00e1j\u00e1b\u00f3l, Bokodr\u00f3l cs\u00f6ppent a politika vil\u00e1g\u00e1ba, ahol persze nincsenek v\u00e9letlenek.<\/p>\n<div id=\"attachment_1498\" style=\"width: 590px\" class=\"wp-caption aligncenter\"><a href=\"https:\/\/www.mszporoszlany.hu\/wp-content\/uploads\/2012\/10\/TakacsTsa.png\" rel=\"lightbox[1496]\"><img loading=\"lazy\" decoding=\"async\" aria-describedby=\"caption-attachment-1498\" class=\"size-full wp-image-1498\" title=\"TakacsTsa\" src=\"https:\/\/www.mszporoszlany.hu\/wp-content\/uploads\/2012\/10\/TakacsTsa.png\" alt=\"\" width=\"580\" height=\"360\" srcset=\"https:\/\/www.mszporoszlany.hu\/wp-content\/uploads\/2012\/10\/TakacsTsa.png 580w, https:\/\/www.mszporoszlany.hu\/wp-content\/uploads\/2012\/10\/TakacsTsa-320x198.png 320w\" sizes=\"auto, (max-width: 580px) 100vw, 580px\" \/><\/a><p id=\"caption-attachment-1498\" class=\"wp-caption-text\">Tak\u00e1cs \u00e9s T\u00e1rsa M\u00e9rn\u00f6ki Iroda kapcsolati adatlapja<\/p><\/div>\n<p>Elekes Di\u00e1na a polg\u00e1rmester \u00e1ltal gr\u00fcndolt c\u00e9g, a Tak\u00e1cs \u00e9s t\u00e1rsa m\u00e9rn\u00f6ki iroda tulajdonost\u00e1rsa a nyilv\u00e1nos c\u00e9gadatok szerint, melynek jelenlegi \u00fcgyvezet\u0151je Tak\u00e1cs K\u00e1roly feles\u00e9ge.<\/p>\n<p>Mindezek mellett a Kom\u00e1rom-Esztergom Megyei Sz\u00e9chenyi Programiroda irodavezet\u0151je, mely int\u00e9zm\u00e9ny els\u0151dleges feladata a v\u00e1llalkoz\u00e1s-, \u00e9s gazdas\u00e1gfejleszt\u00e9s. Ezt a jutalom\u00e1ll\u00e1st minden bizonnyal eddigi h\u0171s\u00e9ges szolg\u00e1latai\u00e9rt kapta meg 2011 november\u00e9ben.<\/p>\n<p>Oroszl\u00e1ny k\u00e9pvisel\u0151-test\u00fclet\u00e9nek p\u00e9nz\u00fcgyi bizotts\u00e1g\u00e1ba is k\u00fcls\u0151s tagi poz\u00edci\u00f3t szerzett a fiatal h\u00f6lgy, aki, mint megtudtuk azzal tette mag\u00e1t eml\u00e9kezetess\u00e9 az eddigi \u00fcl\u00e9seken, hogy m\u00e9g egyetlen alkalommal sem volt javaslata, v\u00e9lem\u00e9nye, s\u0151t, egyetlen hangos mondata sem.<\/p>\n<p>Ja k\u00e9rem, ha egy karrier egyszer beindul&#8230;<\/p>\n","protected":false},"excerpt":{"rendered":"<p>\u00d6r\u00f6mmel t\u00f6lt el, hogy mostant\u00f3l p\u00e1rth\u00edreknek is helyet ad Oroszl\u00e1ny honlapja, s ebb\u00e9li \u00f6r\u00f6m\u00f6met m\u00e9g az sem rontja el, ha t\u00f6bben felhorkannak arra a pof\u00e1tlans\u00e1gra, hogy egyesek p\u00e1rtc\u00e9lokra haszn\u00e1lj\u00e1k a k\u00f6zp\u00e9nzeket, a telep\u00fcl\u00e9s weboldal\u00e1t. <a href=\"https:\/\/www.mszporoszlany.hu\/?p=1496\">Egy kattint\u00e1s ide a folytat\u00e1shoz&#8230;. <span class=\"meta-nav\">&rarr;<\/span><\/a><\/p>\n","protected":false},"author":35,"featured_media":0,"comment_status":"open","ping_status":"closed","sticky":false,"template":"","format":"standard","meta":{"footnotes":""},"categories":[200,195,194],"tags":[834,93,832,833,829,838,841,839,837,831,1764,830,840,836,835,9,260],"class_list":["post-1496","post","type-post","status-publish","format-standard","hentry","category-kisterseg","category-komarom-esztergom-megye","category-oroszlany","tag-bokod","tag-czunyine-dr-bertalan-judit","tag-elekes-diana","tag-fidelitas","tag-honlap","tag-irodavezeto","tag-karrier","tag-kepviselo-testulet","tag-komarom-esztergom-megyei-szechenyi-programiroda","tag-kozpenzek","tag-oroszlany","tag-partcelok","tag-penzugyi-bizottsag","tag-polgarmester-cege","tag-takacs-es-tarsa-mernoki-iroda","tag-takacs-karoly","tag-weboldal"],"_links":{"self":[{"href":"https:\/\/www.mszporoszlany.hu\/index.php?rest_route=\/wp\/v2\/posts\/1496","targetHints":{"allow":["GET"]}}],"collection":[{"href":"https:\/\/www.mszporoszlany.hu\/index.php?rest_route=\/wp\/v2\/posts"}],"about":[{"href":"https:\/\/www.mszporoszlany.hu\/index.php?rest_route=\/wp\/v2\/types\/post"}],"author":[{"embeddable":true,"href":"https:\/\/www.mszporoszlany.hu\/index.php?rest_route=\/wp\/v2\/users\/35"}],"replies":[{"embeddable":true,"href":"https:\/\/www.mszporoszlany.hu\/index.php?rest_route=%2Fwp%2Fv2%2Fcomments&post=1496"}],"version-history":[{"count":0,"href":"https:\/\/www.mszporoszlany.hu\/index.php?rest_route=\/wp\/v2\/posts\/1496\/revisions"}],"wp:attachment":[{"href":"https:\/\/www.mszporoszlany.hu\/index.php?rest_route=%2Fwp%2Fv2%2Fmedia&parent=1496"}],"wp:term":[{"taxonomy":"category","embeddable":true,"href":"https:\/\/www.mszporoszlany.hu\/index.php?rest_route=%2Fwp%2Fv2%2Fcategories&post=1496"},{"taxonomy":"post_tag","embeddable":true,"href":"https:\/\/www.mszporoszlany.hu\/index.php?rest_route=%2Fwp%2Fv2%2Ftags&post=1496"}],"curies":[{"name":"wp","href":"https:\/\/api.w.org\/{rel}","templated":true}]}}