{"id":1509,"date":"2012-10-22T15:09:49","date_gmt":"2012-10-22T14:09:49","guid":{"rendered":"http:\/\/www.mszporoszlany.hu\/?p=1509"},"modified":"2012-10-29T12:28:51","modified_gmt":"2012-10-29T11:28:51","slug":"koszike-fideszke","status":"publish","type":"post","link":"https:\/\/www.mszporoszlany.hu\/?p=1509","title":{"rendered":"K\u00f6szike Fideszke!"},"content":{"rendered":"<p><img loading=\"lazy\" decoding=\"async\" class=\"alignleft size-full wp-image-1510\" title=\"Pinokkio\" src=\"https:\/\/www.mszporoszlany.hu\/wp-content\/uploads\/2012\/10\/Pinokkio.png\" alt=\"\" width=\"200\" height=\"120\" \/>\u00dagy l\u00e1tszik Tak\u00e1cs K\u00e1roly \u00e9s t\u00e1rsai val\u00f3s\u00e1g\u00e9rtelmez\u00e9se teljesen talajt vesztett az \u00e1ltala \u00e9s &#8222;alpog\u00e1rmestere&#8221; \u2013 vagy tan\u00e1cseln\u00f6k helyettese, ahogy \u0151 h\u00edvatja mag\u00e1t, nem is tudom melyik rosszabb \u2013 \u00e1ltal tett feljelentget\u00e9s \u00e9s panaszkod\u00e1s d\u00f6mpingben, a nagy vagyoni h\u00e1tr\u00e1ny okoz\u00e1sk\u00e9nt elh\u00edres\u00fclt politikai r\u00e1galomhadj\u00e1rat kapcs\u00e1n.<\/p>\n<p><!--more--><\/p>\n<p>Az a t\u00e9ny hogy a polg\u00e1rmester a nagy nyilv\u00e1noss\u00e1g el\u0151tt hazudik, vagy csak amn\u00e9zi\u00e1s roham\u00e1nak k\u00f6sz\u00f6nhet\u0151en k\u00f3ros eml\u00e9kezetkies\u00e9sben szenved (l\u00e1sd <a title=\"H\u00e1tas, h\u00e1tas h\u00e1t\u00e1n\" href=\"https:\/\/www.mszporoszlany.hu\/?p=1403\" target=\"_blank\">kor\u00e1bbi cikk\u00fcnk<\/a>) m\u00e1r mindenki sz\u00e1m\u00e1ra egy\u00e9rtelm\u0171. De az mindent visz, mint a piros hetes, hogy saj\u00e1t alkalmatlans\u00e1guk \u00e9s dilettantizmusok bizony\u00edt\u00e9kak\u00e9nt minden az \u00fcggyel kapcsolatos hivatalos anyagot politikai oldalaikon k\u00f6zz\u00e9tesznek.<\/p>\n<p>Vagyis nyilv\u00e1noss\u00e1gra hozz\u00e1k a nyom\u00f3z\u00f3 hat\u00f3s\u00e1g (megyei rend\u0151r-f\u0151kapit\u00e1nys\u00e1g) nyomoz\u00e1st <a title=\"Megsz\u00fcntet\u0151 hat\u00e1rozat\" href=\"https:\/\/www.mszporoszlany.hu\/wp-docs\/Atvilagitas-RFK.pdf\" target=\"_blank\">megsz\u00fcntet\u0151<\/a> hat\u00e1rozat\u00e1t, amely r\u00e9szletesen v\u00e1laszt ad a feljelentget\u0151k \u00e1ltal t\u00e9telesen felsorolt koholt v\u00e1dakra. A r\u00e9szletes v\u00e1laszban igazs\u00e1g\u00fcgyi szak\u00e9rt\u0151k, \u00e9rintettek \u00e9s a tanulm\u00e1nyt k\u00e9sz\u00edt\u0151 American Appraisal szak\u00e9rt\u0151i \u00e1ltal tett vallom\u00e1sok olvashat\u00f3ak, amelyb\u0151l egy\u00e9rtelm\u0171en kider\u00fcl, hogy mi\u00e9rt is sz\u00fcntette meg a hat\u00f3s\u00e1g a nyomozati elj\u00e1r\u00e1st.<\/p>\n<p>Szint\u00e9n nyilv\u00e1noss\u00e1gra hozt\u00e1k a fideszesek a f\u0151\u00fcgy\u00e9szs\u00e9g <a title=\"Elutas\u00edt\u00f3 hat\u00e1rozat\" href=\"https:\/\/www.mszporoszlany.hu\/wp-docs\/Atvilagitas-FU.pdf\" target=\"_blank\">elutas\u00edt\u00f3<\/a> hat\u00e1rozat\u00e1t is, amelyb\u0151l nem csak az der\u00fcl ki, hogy a beny\u00fajtott panasz \u00e9rdemben teljesen alaptalan, hanem az is, hogy nyolcig sem k\u00e9pes elsz\u00e1molni a polg\u00e1rmester \u00e9s annak helyettese. Pedig szerintem kett\u0151j\u00fcknek egy\u00fctt bizony\u00e1ra megvan a &#8222;ny\u00f3c&#8221; \u00e1ltal\u00e1nosa. \u00cdgy nyolcig elsz\u00e1molni nem lenne olyan nagy feladat. De sajnos m\u00e9g sem megy nekik. Ebb\u0151l k\u00f6vetkez\u0151en \u00e9rdemlegess\u00e9g ide, vagy oda egyszer\u0171en k\u00e9ptelenek voltak id\u0151ben megkifog\u00e1solni a nyomoz\u00f3 hat\u00f3s\u00e1g megsz\u00fcntet\u0151 hat\u00e1rozat\u00e1t, \u00edgy a f\u0151\u00fcgy\u00e9szs\u00e9gnek m\u00e1r csak emiatt is el kellett utas\u00edtania panaszukat.<\/p>\n<p>Ha \u00f6sszeesk\u00fcv\u00e9s-elm\u00e9let h\u00edv\u0151 lenn\u00e9k, akkor most bizony\u00e1ra ott motoszk\u00e1lna az agyamban, hogy nem a nyolcig elsz\u00e1mol\u00e1s okozhatott gondot v\u00e1rosunk k\u00e9t mester\u00e9nek, hanem valami m\u00e1s. Esetleg arra gondolhatn\u00e9k, hogy a nagy le\u00e9g\u00e9st pr\u00f3b\u00e1lt\u00e1k valahogy kompenz\u00e1lni. De komolyan nem mertek a dologba belev\u00e1gni, mert m\u00e9g a v\u00e9g\u00e9n k\u00e9t hat\u00f3s\u00e1g is &#8222;kikosarazta&#8221; voltan \u0151ket? \u00c9s az\u00e9rt k\u00e9t helyr\u0151l azt kapni, hogy \u2026, az az\u00e9rt m\u00e1r t\u00e9nyleg nagy \u00e9g\u00e9s lenne. \u00cdgy jobb h\u00edj\u00e1n maradt a hat\u00e1rid\u0151n t\u00fali panaszkod\u00e1s esete, amit ha elutas\u00edtanak, akkor m\u00e9g mindig mondhatjuk, hogy \u2026 Ha \u00f6sszeesk\u00fcv\u00e9s-elm\u00e9let h\u00edv\u0151 lenn\u00e9k, akkor most nagyot r\u00f6h\u00f6gn\u00e9k ezen a logik\u00e1n!<\/p>\n<p>Az eml\u00edtett dokumentumok el\u00e9rhet\u0151ek a <a title=\"Dokumentumok\" href=\"https:\/\/www.mszporoszlany.hu\/?page_id=297\" target=\"_blank\">Dokumentumok<\/a> men\u00fcpontban.<br \/>\nKellemes olvasgat\u00e1st \u00e9s j\u00f3 sz\u00f3rakoz\u00e1st mindenkinek!<\/p>\n","protected":false},"excerpt":{"rendered":"<p>\u00dagy l\u00e1tszik Tak\u00e1cs K\u00e1roly \u00e9s t\u00e1rsai val\u00f3s\u00e1g\u00e9rtelmez\u00e9se teljesen talajt vesztett az \u00e1ltala \u00e9s &#8222;alpog\u00e1rmestere&#8221; \u2013 vagy tan\u00e1cseln\u00f6k helyettese, ahogy \u0151 h\u00edvatja mag\u00e1t, nem is tudom melyik rosszabb \u2013 \u00e1ltal tett feljelentget\u00e9s \u00e9s panaszkod\u00e1s d\u00f6mpingben, a nagy vagyoni h\u00e1tr\u00e1ny okoz\u00e1sk\u00e9nt elh\u00edres\u00fclt politikai r\u00e1galomhadj\u00e1rat kapcs\u00e1n. <a href=\"https:\/\/www.mszporoszlany.hu\/?p=1509\">Egy kattint\u00e1s ide a folytat\u00e1shoz&#8230;. <span class=\"meta-nav\">&rarr;<\/span><\/a><\/p>\n","protected":false},"author":35,"featured_media":0,"comment_status":"open","ping_status":"closed","sticky":false,"template":"","format":"standard","meta":{"footnotes":""},"categories":[194],"tags":[843,847,60,846,679,845,56,844,9,283],"class_list":["post-1509","post","type-post","status-publish","format-standard","hentry","category-oroszlany","tag-alpogarmester","tag-elutasito-hatarozat","tag-fidesz","tag-fougyeszseg","tag-megszunteto-hatarozat","tag-megyei-rendor-fokapitanysag","tag-papp-peter","tag-ragalomhadjarat","tag-takacs-karoly","tag-tanacselnok-helyettes"],"_links":{"self":[{"href":"https:\/\/www.mszporoszlany.hu\/index.php?rest_route=\/wp\/v2\/posts\/1509","targetHints":{"allow":["GET"]}}],"collection":[{"href":"https:\/\/www.mszporoszlany.hu\/index.php?rest_route=\/wp\/v2\/posts"}],"about":[{"href":"https:\/\/www.mszporoszlany.hu\/index.php?rest_route=\/wp\/v2\/types\/post"}],"author":[{"embeddable":true,"href":"https:\/\/www.mszporoszlany.hu\/index.php?rest_route=\/wp\/v2\/users\/35"}],"replies":[{"embeddable":true,"href":"https:\/\/www.mszporoszlany.hu\/index.php?rest_route=%2Fwp%2Fv2%2Fcomments&post=1509"}],"version-history":[{"count":0,"href":"https:\/\/www.mszporoszlany.hu\/index.php?rest_route=\/wp\/v2\/posts\/1509\/revisions"}],"wp:attachment":[{"href":"https:\/\/www.mszporoszlany.hu\/index.php?rest_route=%2Fwp%2Fv2%2Fmedia&parent=1509"}],"wp:term":[{"taxonomy":"category","embeddable":true,"href":"https:\/\/www.mszporoszlany.hu\/index.php?rest_route=%2Fwp%2Fv2%2Fcategories&post=1509"},{"taxonomy":"post_tag","embeddable":true,"href":"https:\/\/www.mszporoszlany.hu\/index.php?rest_route=%2Fwp%2Fv2%2Ftags&post=1509"}],"curies":[{"name":"wp","href":"https:\/\/api.w.org\/{rel}","templated":true}]}}