{"id":1517,"date":"2012-10-24T08:09:24","date_gmt":"2012-10-24T07:09:24","guid":{"rendered":"http:\/\/www.mszporoszlany.hu\/?p=1517"},"modified":"2012-10-29T12:28:33","modified_gmt":"2012-10-29T11:28:33","slug":"fajtisztasag","status":"publish","type":"post","link":"https:\/\/www.mszporoszlany.hu\/?p=1517","title":{"rendered":"Fajtisztas\u00e1g"},"content":{"rendered":"<p><img loading=\"lazy\" decoding=\"async\" class=\"alignleft  wp-image-1518\" title=\"rasszizmus\" src=\"https:\/\/www.mszporoszlany.hu\/wp-content\/uploads\/2012\/10\/rasszizmus.png\" alt=\"\" width=\"200\" height=\"120\" \/>Ez a fogalom sok vit\u00e1t kavart m\u00e1r eddig is tudom\u00e1nyos k\u00f6r\u00f6kben. Persze, mint minden fogalmat, ezt is lehet rosszul alkalmazni, \u00e1tcs\u00faszva az \u00e1ltudom\u00e1ny ter\u00fclet\u00e9re. Ez legink\u00e1bb a tudatlanok k\u00f6r\u00e9ben jellemz\u0151, hiszen k\u00f6nnyebb m\u00e1sok szavait ism\u00e9telni, mint \u00f6n\u00e1ll\u00f3 gondolatokat megfogalmazni. P\u00e9ld\u00e1nak ok\u00e1\u00e9rt az m\u00e1r nem vitapartner, aki egy szetter, \u00e9s vizsla kever\u00e9k\u00e9re azt mondja: nem fajtiszta. Pedig az, mivel mindkett\u0151 a kuty\u00e1k faj\u00e1hoz tartozik. Teh\u00e1t fajtiszta, de nem fajtatiszta.<\/p>\n<p><!--more--><\/p>\n<p>Van arra p\u00e9lda, mikor egy faj egy m\u00e1sikkal eredm\u00e9nyesen keresztez\u0151dik, ilyen az \u00f6szv\u00e9r. Az \u00f6szv\u00e9r nem fajtiszta. De nem is \u00f6n\u00e1ll\u00f3 faj, mert szaporod\u00e1sra k\u00e9ptelen. Teh\u00e1t az \u00e1ltudom\u00e1nyos \u201efajelm\u00e9let\u201d itt sem \u00e1ll meg. Ami nem illik \u00f6ssze, az nem m\u0171k\u00f6dik.<\/p>\n<p style=\"padding-left: 30px;\"><em> Van is erre egy vicc: az \u00e1llatok besz\u00e9lgetnek a sz\u00e1rmaz\u00e1sukr\u00f3l. Mondja az \u00f6szv\u00e9r: ap\u00e1m l\u00f3, any\u00e1m szam\u00e1r, \u00e9n vagyok az \u00f6szv\u00e9r! \u00c9s te ki vagy? \u00c9n? Ap\u00e1m farkas, any\u00e1m kutya, \u00e9n vagyok a farkaskutya! \u00c9s te ki vagy? H\u00e1t \u00e9n vagyok a l\u00f3dar\u00e1zs! Na elm\u00e9sz te a\u2026 !<\/em><\/p>\n<p>S itt van az emberi faj, ebb\u0151l egy van, \u00edgy a tisztas\u00e1ga nem is lehet k\u00e9rd\u00e9s. Persze van, aki \u00fczletet akar ebb\u0151l csin\u00e1lni, a rasszokat emlegeti, s erre a primit\u00edv sokas\u00e1g vev\u0151. Mert a rasszizmus is \u00fczlet: hangzatos, hazug rekl\u00e1m, s a buta t\u00f6meg megv\u00e1s\u00e1rolja a (v\u00e9g)term\u00e9ket szavazatok form\u00e1j\u00e1ban. Azt pedig m\u00e1r k\u00f6nny\u0171 p\u00e9nzre, sok p\u00e9nzre v\u00e1ltani. Pedig h\u00e1t mi is a rassz? Fajunk k\u00fcls\u0151 hat\u00e1sokra adott v\u00e1lasz\u00e1nak testi jegyei, a fejl\u0151d\u00e9si k\u00f6rnyezet eredm\u00e9nye. Egy kutat\u00e1s szerint, ha egy bantu t\u00f6rzset letelep\u00edten\u00e9nek a skandin\u00e1v k\u00f6rnyezetben, cca 40 000 \u00e9v alatt valamennyi sz\u0151ke, \u00e9s sud\u00e1r lenne.<\/p>\n<p>A sz\u00e1rmaz\u00e1s k\u00e9rd\u00e9se: az \u0151seir\u0151l senki nem tehet. Arr\u00f3l viszont igen, hogy megmarad az elemi tudatlans\u00e1gban, vagy fejl\u0151dik. Ha nem, \u00fagy j\u00e1rhat, mint egy k\u00e9pvisel\u0151nk: k\u00edgy\u00f3t-b\u00e9k\u00e1t ki\u00e1ltott a zsid\u00f3kra, s kider\u00fclt, \u0151 is az. Kellemetlen\u2026 S mennyi ilyen lehet m\u00e9g\u2026 Van egy j\u00f3 vicc: a kocsis \u00e9ppen kiel\u00e9g\u00edti a gr\u00f3fn\u00e9t, aki felsikolt: Jani, \u00e9ppen \u00fagy csin\u00e1lja, mint a gr\u00f3f! Tudom asszonyom, a szobal\u00e1ny is azt mondta. Hmmm\u2026 S ha ezekb\u0151l a \u201ebalesetekb\u0151l\u201d gyermek lesz, mondja meg m\u00e1r valaki: melyik a gr\u00f3f, \u00e9s melyik a p\u00f3r??? Vigy\u00e1zni kell ezzel\u2026<\/p>\n<p>Magyarorsz\u00e1gon pedig el\u00e9g a t\u00f6rt\u00e9nelmet ismerni csak egy kicsit, hogy bel\u00e1ssuk: fajt\u00e1nkra hivatkozni botors\u00e1g. M\u00e1r eleve h\u00e9t t\u00f6rzs \u00e9rkezett, s abb\u00f3l lett a nemzet. A helyi n\u00e9pcsoportokkal keveredt\u00fcnk, \u00e9s milyen j\u00f3l tett\u00fck! Mert nem alakult ki belteny\u00e9szet, nem korcsosultunk el. A tat\u00e1rj\u00e1r\u00e1s ut\u00e1n orsz\u00e1gunk az\u00e9rt nem n\u00e9ptelenedett el, mert t\u00f6bb nemzet k\u00e9pvisel\u0151it telep\u00edtett\u00e9k be. Van olyan, aki azt gondolja, hogy vel\u00fck nem keveredt\u00fcnk? Az kezeltesse mag\u00e1t\u2026<\/p>\n<p>V\u00e9g\u00fcl a nemesi sz\u00e1rmaz\u00e1s k\u00e9rd\u00e9se, erre k\u00e9t anekdota is van.<br \/>\nAz els\u0151: egy h\u00edres, udvari zeneszerz\u0151t\u0151l k\u00e9rdezte a herceg: maga annyira sz\u00e9p zen\u00e9ket szerez, ugye van nemes a csal\u00e1df\u00e1j\u00e1ban? A v\u00e1lasz: M\u00e9lt\u00f3s\u00e1gos uram! No\u00e9nak h\u00e1rom fia volt a b\u00e1rk\u00e1n. \u00c9n nem tudom, melyikt\u0151l sz\u00e1rmazom\u2026<\/p>\n<p>A m\u00e1sodik: k\u00e9t nemes vitatkozik, melyik\u00fck csal\u00e1dja \u0151sibb? Az egyik \u00e9rve: az \u00e9n csal\u00e1dom m\u00e1r a tat\u00e1rj\u00e1r\u00e1sn\u00e1l is eml\u00edtve volt a Lev\u00e9lt\u00e1r szerint. Annyira r\u00e9szt vett\u00fcnk a harcokban, hogy a csal\u00e1dom h\u00e1rom gener\u00e1ci\u00f3n kereszt\u00fcl ki volt halva!<\/p>\n<p>\u00d6rd\u00f6g L\u00e1szl\u00f3<br \/>\nEur\u00f3pa kereszt\u00fatj\u00e1r\u00f3l\u2026<\/p>\n","protected":false},"excerpt":{"rendered":"<p>Ez a fogalom sok vit\u00e1t kavart m\u00e1r eddig is tudom\u00e1nyos k\u00f6r\u00f6kben. Persze, mint minden fogalmat, ezt is lehet rosszul alkalmazni, \u00e1tcs\u00faszva az \u00e1ltudom\u00e1ny ter\u00fclet\u00e9re. Ez legink\u00e1bb a tudatlanok k\u00f6r\u00e9ben jellemz\u0151, hiszen k\u00f6nnyebb m\u00e1sok szavait ism\u00e9telni, mint \u00f6n\u00e1ll\u00f3 gondolatokat megfogalmazni. P\u00e9ld\u00e1nak ok\u00e1\u00e9rt az m\u00e1r nem vitapartner, aki egy szetter, \u00e9s vizsla kever\u00e9k\u00e9re azt mondja: nem fajtiszta. Pedig az, mivel mindkett\u0151 a kuty\u00e1k faj\u00e1hoz tartozik. Teh\u00e1t fajtiszta, de nem fajtatiszta. <a href=\"https:\/\/www.mszporoszlany.hu\/?p=1517\">Egy kattint\u00e1s ide a folytat\u00e1shoz&#8230;. <span class=\"meta-nav\">&rarr;<\/span><\/a><\/p>\n","protected":false},"author":35,"featured_media":0,"comment_status":"open","ping_status":"closed","sticky":false,"template":"","format":"standard","meta":{"footnotes":""},"categories":[848],"tags":[849,852,851,850,853],"class_list":["post-1517","post","type-post","status-publish","format-standard","hentry","category-jegyzetek","tag-faj","tag-fajtatiszta","tag-fajtiszta","tag-fajtisztasag","tag-rasszizmus"],"_links":{"self":[{"href":"https:\/\/www.mszporoszlany.hu\/index.php?rest_route=\/wp\/v2\/posts\/1517","targetHints":{"allow":["GET"]}}],"collection":[{"href":"https:\/\/www.mszporoszlany.hu\/index.php?rest_route=\/wp\/v2\/posts"}],"about":[{"href":"https:\/\/www.mszporoszlany.hu\/index.php?rest_route=\/wp\/v2\/types\/post"}],"author":[{"embeddable":true,"href":"https:\/\/www.mszporoszlany.hu\/index.php?rest_route=\/wp\/v2\/users\/35"}],"replies":[{"embeddable":true,"href":"https:\/\/www.mszporoszlany.hu\/index.php?rest_route=%2Fwp%2Fv2%2Fcomments&post=1517"}],"version-history":[{"count":0,"href":"https:\/\/www.mszporoszlany.hu\/index.php?rest_route=\/wp\/v2\/posts\/1517\/revisions"}],"wp:attachment":[{"href":"https:\/\/www.mszporoszlany.hu\/index.php?rest_route=%2Fwp%2Fv2%2Fmedia&parent=1517"}],"wp:term":[{"taxonomy":"category","embeddable":true,"href":"https:\/\/www.mszporoszlany.hu\/index.php?rest_route=%2Fwp%2Fv2%2Fcategories&post=1517"},{"taxonomy":"post_tag","embeddable":true,"href":"https:\/\/www.mszporoszlany.hu\/index.php?rest_route=%2Fwp%2Fv2%2Ftags&post=1517"}],"curies":[{"name":"wp","href":"https:\/\/api.w.org\/{rel}","templated":true}]}}