{"id":1521,"date":"2012-10-24T08:29:30","date_gmt":"2012-10-24T07:29:30","guid":{"rendered":"http:\/\/www.mszporoszlany.hu\/?p=1521"},"modified":"2012-10-29T12:28:15","modified_gmt":"2012-10-29T11:28:15","slug":"nemzeti-unnep","status":"publish","type":"post","link":"https:\/\/www.mszporoszlany.hu\/?p=1521","title":{"rendered":"Nemzeti \u00fcnnep"},"content":{"rendered":"<p><img loading=\"lazy\" decoding=\"async\" class=\"alignleft size-full wp-image-1522\" title=\"1956\" src=\"https:\/\/www.mszporoszlany.hu\/wp-content\/uploads\/2012\/10\/1956.png\" alt=\"\" width=\"200\" height=\"120\" \/>Okt\u00f3ber 23\u2026 Nemzeti \u00fcnnep. S mert \u00e9n a nemzet r\u00e9sze vagyok, az \u00e9n \u00fcnnepem is. De a nemzet r\u00e9sze, az \u00fcnnep r\u00e9szese vagyok val\u00f3ban? Haz\u00e1m megosztotts\u00e1g\u00e1t mi sem jelzi jobban, mint az, hogy az \u00fcnnepek a p\u00e1rtpolitik\u00e1r\u00f3l sz\u00f3lnak, nem a megeml\u00e9kez\u00e9sr\u0151l. S v\u00e9gk\u00e9pp nem a h\u0151s\u00f6kr\u0151l, akiknek az \u00fcnnepet k\u00f6sz\u00f6nhetj\u00fck\u2026 Nincs ez j\u00f3l \u00edgy, ez nem \u00fcnnep, \u00e9s nem a nemzet\u00e9.<\/p>\n<p><!--more--><\/p>\n<p>S ami a legjobban hi\u00e1nyzik: a tanuls\u00e1g. Mert a r\u00e9gm\u00falt tetteib\u0151l tanulni kell, s a tapasztalatokat, ha m\u00e9goly f\u00e1jdalmasak is, nem szabad felejteni\u2026 Mert akkor minden hi\u00e1ba volt, h\u0151seink hi\u00e1ba v\u00e9reztek, a harct\u00e9ren nem a szabads\u00e1g f\u00e1ja, csak \u00e1rtalmas k\u00f3r\u00f3k teny\u00e9sznek, mindenki k\u00e1r\u00e1ra. A demokr\u00e1cia hajt\u00e1sa halni k\u00e9sz\u00fcl\u2026<\/p>\n<p>A p\u00e1rtok, vezet\u0151ik k\u00e9sz\u00fclnek az \u00fcnnepre, \u00edratnak sz\u00e9p besz\u00e9deket, birtokolj\u00e1k, vagy v\u00e1gyj\u00e1k a hatalmat. Csak az ember, a polg\u00e1r van elfeledve, pedig \u0151k a haza.<\/p>\n<p>Mint a b\u00faza a parasztt\u00f3l, az \u00e9lelem a gazd\u00e1kt\u00f3l, az eszk\u00f6z\u00f6k a munk\u00e1sokt\u00f3l, az \u00e9let az \u00e9desany\u00e1kt\u00f3l, \u00fagy sz\u00e1rmazik a hatalom az emberekt\u0151l. Mert a v\u00e9gs\u0151 hatalom a mi\u00e9nk, emberek\u00e9, v\u00e1laszt\u00f3k\u00e9, mi\u00e9nk, akik \u00e9p\u00edtj\u00fck, fenntartjuk az orsz\u00e1got, mi, akik fizetj\u00fck az ad\u00f3t, j\u00e1rul\u00e9kot, s nem utols\u00f3 sorban fenntartjuk a p\u00e1rtokat. A Parlament, az Orsz\u00e1g H\u00e1za a mi\u00e9nk, s nem azok\u00e9, akik ott csak alb\u00e9rl\u0151k. A bizalmat csak hitelbe kapt\u00e1k a p\u00e1rtok, nem \u00f6r\u00f6k j\u00e1rand\u00f3s\u00e1g, s v\u00e9gk\u00e9pp nem az \u00f6v\u00e9k a v\u00e9gleges hatalom.<\/p>\n<p>56 H\u0151seinek \u00fczenete: a hatalom a N\u00e9p\u00e9, csak k\u00f6lcs\u00f6nadtuk, s ha vissza\u00e9ltek vele, visszavessz\u00fck!<\/p>\n<p>Ez\u00e9rt 2012. okt\u00f3ber 23-\u00e1n ott leszek a Clark \u00c1d\u00e1m t\u00e9ren, ott leszek a Szabadsajt\u00f3 \u00fatj\u00e1n, mint minden demokrata.<\/p>\n<p>\u00d6rd\u00f6g L\u00e1szl\u00f3<br \/>\nk\u00f6lcs\u00f6nz\u0151<\/p>\n","protected":false},"excerpt":{"rendered":"<p>Okt\u00f3ber 23\u2026 Nemzeti \u00fcnnep. S mert \u00e9n a nemzet r\u00e9sze vagyok, az \u00e9n \u00fcnnepem is. De a nemzet r\u00e9sze, az \u00fcnnep r\u00e9szese vagyok val\u00f3ban? Haz\u00e1m megosztotts\u00e1g\u00e1t mi sem jelzi jobban, mint az, hogy az \u00fcnnepek a p\u00e1rtpolitik\u00e1r\u00f3l sz\u00f3lnak, nem a megeml\u00e9kez\u00e9sr\u0151l. S v\u00e9gk\u00e9pp nem a h\u0151s\u00f6kr\u0151l, akiknek az \u00fcnnepet k\u00f6sz\u00f6nhetj\u00fck\u2026 Nincs ez j\u00f3l \u00edgy, ez nem \u00fcnnep, \u00e9s nem a nemzet\u00e9. <a href=\"https:\/\/www.mszporoszlany.hu\/?p=1521\">Egy kattint\u00e1s ide a folytat\u00e1shoz&#8230;. <span class=\"meta-nav\">&rarr;<\/span><\/a><\/p>\n","protected":false},"author":35,"featured_media":0,"comment_status":"open","ping_status":"closed","sticky":false,"template":"","format":"standard","meta":{"footnotes":""},"categories":[848],"tags":[873,865,867,871,862,869,863,866,856,83,859,874,858,870,14,855,16,854,872,868,435,857,864,860,861,700],"class_list":["post-1521","post","type-post","status-publish","format-standard","hentry","category-jegyzetek","tag-bizalom","tag-demokracia","tag-edesanya","tag-ember","tag-fajdalom","tag-gazda","tag-harcter","tag-hatalom","tag-haza","tag-hitel","tag-hosok","tag-jarandosag","tag-megemlekezes","tag-munkas","tag-nemzet","tag-nemzeti-unnep","tag-nep","tag-oktober-23","tag-orszag-haza","tag-paraszt","tag-parlament","tag-partpolitika","tag-szabadsag","tag-tanulsag","tag-tapasztalat","tag-valaszto"],"_links":{"self":[{"href":"https:\/\/www.mszporoszlany.hu\/index.php?rest_route=\/wp\/v2\/posts\/1521","targetHints":{"allow":["GET"]}}],"collection":[{"href":"https:\/\/www.mszporoszlany.hu\/index.php?rest_route=\/wp\/v2\/posts"}],"about":[{"href":"https:\/\/www.mszporoszlany.hu\/index.php?rest_route=\/wp\/v2\/types\/post"}],"author":[{"embeddable":true,"href":"https:\/\/www.mszporoszlany.hu\/index.php?rest_route=\/wp\/v2\/users\/35"}],"replies":[{"embeddable":true,"href":"https:\/\/www.mszporoszlany.hu\/index.php?rest_route=%2Fwp%2Fv2%2Fcomments&post=1521"}],"version-history":[{"count":0,"href":"https:\/\/www.mszporoszlany.hu\/index.php?rest_route=\/wp\/v2\/posts\/1521\/revisions"}],"wp:attachment":[{"href":"https:\/\/www.mszporoszlany.hu\/index.php?rest_route=%2Fwp%2Fv2%2Fmedia&parent=1521"}],"wp:term":[{"taxonomy":"category","embeddable":true,"href":"https:\/\/www.mszporoszlany.hu\/index.php?rest_route=%2Fwp%2Fv2%2Fcategories&post=1521"},{"taxonomy":"post_tag","embeddable":true,"href":"https:\/\/www.mszporoszlany.hu\/index.php?rest_route=%2Fwp%2Fv2%2Ftags&post=1521"}],"curies":[{"name":"wp","href":"https:\/\/api.w.org\/{rel}","templated":true}]}}