{"id":1537,"date":"2012-10-29T07:21:43","date_gmt":"2012-10-29T06:21:43","guid":{"rendered":"http:\/\/www.mszporoszlany.hu\/?p=1537"},"modified":"2012-10-29T12:27:38","modified_gmt":"2012-10-29T11:27:38","slug":"ongol-a-varos-halojaban","status":"publish","type":"post","link":"https:\/\/www.mszporoszlany.hu\/?p=1537","title":{"rendered":"\u00d6ng\u00f3l a v\u00e1ros h\u00e1l\u00f3j\u00e1ban"},"content":{"rendered":"<p><img loading=\"lazy\" decoding=\"async\" class=\"alignleft size-full wp-image-1538\" title=\"Ongol\" src=\"https:\/\/www.mszporoszlany.hu\/wp-content\/uploads\/2012\/10\/Ongol.png\" alt=\"\" width=\"200\" height=\"120\" \/>Az okt\u00f3ber 30-ai \u00fcl\u00e9sen a fideszes t\u00f6bbs\u00e9g val\u00f3sz\u00edn\u0171leg megszavazza az OSZE Labdar\u00fag\u00f3 Szakoszt\u00e1ly\u00e1nak az \u00e9vi 12 milli\u00f3 Ft-os \u00f6nkorm\u00e1nyzati t\u00e1mogat\u00e1st. Felmer\u00fclhet a k\u00e9rd\u00e9s, hogy mi ezzel a probl\u00e9ma. H\u00e1t nem nagyszer\u0171, hogy a v\u00e1ros \u00edgy t\u00e1mogatja a sportot? Sajnos a val\u00f3s helyzet t\u00f6bb mint v\u00e9rl\u00e1z\u00edt\u00f3. N\u00e9zz\u00fck sorj\u00e1ban.<\/p>\n<p><!--more--><\/p>\n<p><strong>El\u0151zm\u00e9nyek<\/strong><\/p>\n<p>1. Valakik, akiknek semmi k\u00f6z\u00fck nem volt az OSZE-hoz (Oroszl\u00e1nyi Szabadid\u0151 Egyes\u00fclet), de n\u00e9h\u00e1nyuknak m\u00e9g a v\u00e1roshoz sem, a szeptemberi test\u00fcleti \u00fcl\u00e9sre \u00edrtak egy &#8222;koncepci\u00f3t&#8221; arra vonatkoz\u00f3an, hogyan kellene az OSZE Labdar\u00fag\u00f3 Szakoszt\u00e1ly\u00e1t m\u0171k\u00f6dtetni, az ut\u00e1np\u00f3tl\u00e1sk\u00e9pz\u00e9st megszervezni. Konkr\u00e9tan megnevezt\u00e9k kik legyenek az edz\u0151k, mennyi legyen a b\u00e9r\u00fck, stb. A koncepci\u00f3 fedlapj\u00e1n valami\u00e9rt az OBSK c\u00edmer\u00e9t haszn\u00e1lt\u00e1k, mik\u00f6zben az OSZE-r\u00f3l \u00edrtak, mik\u00f6zben semmi k\u00f6z\u00fck nem volt az egyes\u00fclethez.<\/p>\n<p>2.A &#8222;koncepci\u00f3&#8221; megval\u00f3s\u00edt\u00e1s\u00e1hoz a v\u00e1rost\u00f3l \u00e9vi 12 milli\u00f3 Ft t\u00e1mogat\u00e1st k\u00e9rtek.<\/p>\n<p>3. Az el\u0151terjeszt\u00e9s hat\u00e1rozati javaslat\u00e1ban az szerepelt, hogy amennyiben az OSZE k\u00f6zgy\u0171l\u00e9se v\u00e9grehajtja a megint m\u00e1svalakik \u00e1ltal k\u00e9sz\u00edtett Alap\u00edt\u00f3 okirat \u00e9s SZMSZ m\u00f3dos\u00edt\u00e1sokat, a v\u00e1ros adja az \u00e9vi 12 milli\u00f3t.<\/p>\n<p><strong>\u00d6sszegezve<\/strong><\/p>\n<p>A politika beleny\u00falt egy civil szervezet m\u0171k\u00f6d\u00e9s\u00e9be, \u00e9s gyakorlatilag megzsarolta, hogy a p\u00e9nz\u00e9rt cser\u00e9be hajtsa v\u00e9gre az \u00e1ltala elk\u00e9pzelt m\u00f3dos\u00edt\u00e1sokat. \u00c9s l\u0151n, lezajlott a k\u00f6zgy\u0171l\u00e9s, \u00e9s csod\u00e1k csod\u00e1ja &#8222;Marco Polo&#8221; polg\u00e1rmester \u00far \u00e9s L\u00e1z\u00e1r M\u00f3zes &#8222;Phd&#8221; vez\u00e9rigazgat\u00f3 \u00far is vezet\u0151s\u00e9gi tag lett.<\/p>\n<p><strong>Mi a baj ezzel az eg\u00e9sszel?<\/strong><\/p>\n<p>1. Egy civil szervezet megk\u00e9rdez\u00e9se n\u00e9lk\u00fcl \u00edrtak koncepci\u00f3t a civil szervezet m\u0171k\u00f6d\u00e9s\u00e9nek drasztikus \u00e1talak\u00edt\u00e1s\u00e1r\u00f3l olyanok, akiknek akkor m\u00e9g semmi k\u00f6z\u00fck nem volt az OSZE-hez.<\/p>\n<p>2. Olyan c\u00e9lra (\u00e1ll\u00edt\u00f3lag ut\u00e1np\u00f3tl\u00e1s nevel\u00e9s) akar \u00e9vi 12 milli\u00f3t adni a v\u00e1rosvezet\u00e9s, amire a saj\u00e1t p\u00e1rtjukb\u00f3l \u00e1ll\u00f3 korm\u00e1nynak k\u00f6sz\u00f6nhet\u0151en a c\u00e9gek t\u00e1rsas\u00e1gi ad\u00f3j\u00e1b\u00f3l el\u00e9g komoly t\u00e1mogat\u00e1st lehet szerezni! Ha p\u00e9ld\u00e1ul a felcs\u00fati futballakad\u00e9mia gond n\u00e9lk\u00fcl \u00f6sszeszedett 2,8 milli\u00e1rdot, akkor az OSZE-nak sem okozhat gondot 12 milli\u00f3 Ft \u00f6sszegerebly\u00e9z\u00e9se. Hiszen a polg\u00e1rmester \u00far 4-5 unalomig ismert mantr\u00e1j\u00e1nak egyike \u00e9ppen arr\u00f3l sz\u00f3l, hogy milyen legend\u00e1san j\u00f3 a v\u00e1rosvezet\u00e9s kapcsolata az oroszl\u00e1nyi c\u00e9gekkel. Oroszl\u00e1nyon k\u00e9t egyes\u00fcletnek is siker\u00fclt, de itt a k\u00f6zelben Kecsk\u00e9den, K\u00f6rny\u00e9n, Cs\u00e1kv\u00e1ron is tudtak ut\u00e1np\u00f3tl\u00e1s nevel\u00e9sre TAO-s p\u00e9nzt szerezni, \u00edgy a menedzserszeml\u00e9let\u0171 v\u00e1rosvezet\u00e9s seg\u00edts\u00e9g\u00e9vel itt sem lehetne gond.<\/p>\n<p>R\u00e1ad\u00e1sul ha t\u00e9nyleg olyan remek ez a koncepci\u00f3, \u00e9s a koncepci\u00f3hoz a nev\u00e9t ad\u00f3 Bozsik P\u00e9ter is olyan kiv\u00e1l\u00f3 h\u00edrn\u00e9vnek \u00f6rvend ahogy a polg\u00e1rmester mondja, v\u00e9gk\u00e9pp \u00e9rthetetlen, mi\u00e9rt nem a t\u00e1rsas\u00e1gi ad\u00f3b\u00f3l szerzik meg a p\u00e9nzt, \u00e9s mi\u00e9rt a v\u00e1rost kell megpumpolni?<\/p>\n<p>Pedig mintha azt is mondta volna a polg\u00e1rmester, hogy lehet\u0151leg minden fejleszt\u00e9shez megkeresik a p\u00e1ly\u00e1zati forr\u00e1sokat. Na, h\u00e1t ehhez meg sem kell keresni. Csak egy picit tenni kellene \u00e9rte.<br \/>\nR\u00e1ad\u00e1sul ez a t\u00e1mogat\u00e1si \u00f6sszeg megegyezik a futballedz\u0151k b\u00e9r\u00e9vel. Ilyen alapon az \u00f6sszes oroszl\u00e1nyi egyes\u00fclet k\u00e9rhetn\u00e9 az edz\u0151i d\u00edjak kifizet\u00e9s\u00e9t, hiszen t\u00falnyom\u00f3r\u00e9szt mindenki ut\u00e1np\u00f3tl\u00e1s-nevel\u00e9ssel foglalkozik. \u00c9s a t\u00f6bbi sport\u00e1gnak &#8211; a kos\u00e1rlabda kiv\u00e9tel\u00e9vel &#8211; nincs lehet\u0151s\u00e9ge TAO-s p\u00e9nzek gy\u0171jt\u00e9s\u00e9re.<\/p>\n<p>3. Az oroszl\u00e1nyi sportegyes\u00fcletek 2012-ben \u00f6sszesen nem kaptak ennyi t\u00e1mogat\u00e1st! (19 egyes\u00fclet 7,9 milli\u00f3t kapott a focist\u00e1kat is bele\u00e9rtve). Nem pof\u00e1tlans\u00e1g ez egy &#8222;picit&#8221;?<\/p>\n<p>Ha t\u00e9nyleg van a v\u00e1rosnak f\u00f6l\u00f6sleges 12 milli\u00f3ja, akkor ink\u00e1bb a 7,9 milli\u00f3s alapot t\u00f6ltse fel vele, \u00edgy sokkal-sokkal t\u00f6bb gyermek sportol\u00e1s\u00e1t t\u00e1mogathatn\u00e1 \u00e9rdemben.<\/p>\n","protected":false},"excerpt":{"rendered":"<p>Az okt\u00f3ber 30-ai \u00fcl\u00e9sen a fideszes t\u00f6bbs\u00e9g val\u00f3sz\u00edn\u0171leg megszavazza az OSZE Labdar\u00fag\u00f3 Szakoszt\u00e1ly\u00e1nak az \u00e9vi 12 milli\u00f3 Ft-os \u00f6nkorm\u00e1nyzati t\u00e1mogat\u00e1st. Felmer\u00fclhet a k\u00e9rd\u00e9s, hogy mi ezzel a probl\u00e9ma. H\u00e1t nem nagyszer\u0171, hogy a v\u00e1ros \u00edgy t\u00e1mogatja a sportot? Sajnos a val\u00f3s helyzet t\u00f6bb mint v\u00e9rl\u00e1z\u00edt\u00f3. N\u00e9zz\u00fck sorj\u00e1ban. <a href=\"https:\/\/www.mszporoszlany.hu\/?p=1537\">Egy kattint\u00e1s ide a folytat\u00e1shoz&#8230;. <span class=\"meta-nav\">&rarr;<\/span><\/a><\/p>\n","protected":false},"author":35,"featured_media":0,"comment_status":"open","ping_status":"closed","sticky":false,"template":"","format":"standard","meta":{"footnotes":""},"categories":[194],"tags":[880,886,882,877,879,876,92,885,564,878,875,881,717,884,883],"class_list":["post-1537","post","type-post","status-publish","format-standard","hentry","category-oroszlany","tag-alapito-okirat","tag-bozsik-peter","tag-civilszervezet","tag-evi-12-millio-ft","tag-koncepcio","tag-labdarugo-szakosztaly","tag-lazar-mozes","tag-mantra","tag-marco-polo","tag-obsk","tag-osze","tag-politika","tag-szmsz","tag-utanpotlas-neveles","tag-zsarolas"],"_links":{"self":[{"href":"https:\/\/www.mszporoszlany.hu\/index.php?rest_route=\/wp\/v2\/posts\/1537","targetHints":{"allow":["GET"]}}],"collection":[{"href":"https:\/\/www.mszporoszlany.hu\/index.php?rest_route=\/wp\/v2\/posts"}],"about":[{"href":"https:\/\/www.mszporoszlany.hu\/index.php?rest_route=\/wp\/v2\/types\/post"}],"author":[{"embeddable":true,"href":"https:\/\/www.mszporoszlany.hu\/index.php?rest_route=\/wp\/v2\/users\/35"}],"replies":[{"embeddable":true,"href":"https:\/\/www.mszporoszlany.hu\/index.php?rest_route=%2Fwp%2Fv2%2Fcomments&post=1537"}],"version-history":[{"count":0,"href":"https:\/\/www.mszporoszlany.hu\/index.php?rest_route=\/wp\/v2\/posts\/1537\/revisions"}],"wp:attachment":[{"href":"https:\/\/www.mszporoszlany.hu\/index.php?rest_route=%2Fwp%2Fv2%2Fmedia&parent=1537"}],"wp:term":[{"taxonomy":"category","embeddable":true,"href":"https:\/\/www.mszporoszlany.hu\/index.php?rest_route=%2Fwp%2Fv2%2Fcategories&post=1537"},{"taxonomy":"post_tag","embeddable":true,"href":"https:\/\/www.mszporoszlany.hu\/index.php?rest_route=%2Fwp%2Fv2%2Ftags&post=1537"}],"curies":[{"name":"wp","href":"https:\/\/api.w.org\/{rel}","templated":true}]}}