{"id":1541,"date":"2012-10-29T09:54:16","date_gmt":"2012-10-29T08:54:16","guid":{"rendered":"http:\/\/www.mszporoszlany.hu\/?p=1541"},"modified":"2012-10-29T12:27:14","modified_gmt":"2012-10-29T11:27:14","slug":"25-millio-az-ablakban","status":"publish","type":"post","link":"https:\/\/www.mszporoszlany.hu\/?p=1541","title":{"rendered":"25 milli\u00f3 az ablakban"},"content":{"rendered":"<p><img loading=\"lazy\" decoding=\"async\" class=\"alignleft size-full wp-image-1542\" title=\"MVTakacs\" src=\"https:\/\/www.mszporoszlany.hu\/wp-content\/uploads\/2012\/10\/MVTakacs.png\" alt=\"\" width=\"200\" height=\"120\" \/>Szerpentin, konfetti, meg minden ami kell \u2013 tal\u00e1n m\u00e9g eml\u00e9kezik a kedves olvas\u00f3 a szeptember 12-i \u00fat\u00e1tad\u00e1sra. Tudj\u00e1k, ami Majkot k\u00f6ti \u00f6ssze a V\u00e9rtessoml\u00f3-V\u00e1rgesztes \u00fattal. Nos, m\u00e1r akkor jelezt\u00fck, hogy a f\u00f6ldtulajdonosok sikeres protest\u00e1l\u00e1s\u00e1t k\u00f6vet\u0151en v\u00e9g\u00fcl nem az eredeti nyomvonalon halad az \u00fat, hanem a tervezett\u0151l j\u00f3 egy kilom\u00e9terrel V\u00e1rgesztes ir\u00e1ny\u00e1ba siker\u00fclt a bek\u00f6t\u00e9s.<\/p>\n<p><!--more--><\/p>\n<p>Az eltelt mintegy m\u00e1sf\u00e9l h\u00f3napban t\u00f6bbsz\u00f6r is v\u00e9gigaut\u00f3ztunk rajta, besz\u00e9lgett\u00fcnk a k\u00f6rny\u00e9kbeliekkel, s nem utols\u00f3 sorban nyomon k\u00f6vett\u00fck az \u00e9rintett gazd\u00e1k tev\u00e9kenys\u00e9g\u00e9t is, mert bizony a jelek szerint \u0151k ber\u00e1gtak erre a fejleszt\u00e9sre rendesen.<\/p>\n<p>Ami a forgalmat illeti, a h\u00e9tv\u00e9geken eg\u00e9sz j\u00f3 a kihaszn\u00e1lts\u00e1ga, \u00f3r\u00e1nk\u00e9nt 2-5 aut\u00f3 is \u00e1thalad rajta, nem besz\u00e9lve a ker\u00e9kp\u00e1rosokr\u00f3l, akik sz\u00edvesen kerekeznek arra, azaz csak kerekeztek, de err\u0151l k\u00e9s\u0151bb. A h\u00e9t t\u00f6bbi napj\u00e1n azt\u00e1n a nagy csend, azaz napi 5-7 aut\u00f3, teh\u00e1t m\u00e1r ez\u00e9rt is megk\u00e9rd\u0151jelezhet\u0151, meg\u00e9rt-e ez a preszt\u00edzsberuh\u00e1z\u00e1s 25 milli\u00f3 forintot.<\/p>\n<div id=\"attachment_1543\" style=\"width: 394px\" class=\"wp-caption aligncenter\"><a title=\"C\u00f6l\u00f6p\u00f6k \u00e9s roml\u00f3 \u00fatmin\u0151s\u00e9g\" href=\"https:\/\/www.mszporoszlany.hu\/wp-content\/uploads\/2012\/10\/MVMa.jpg\" rel=\"lightbox\"><img loading=\"lazy\" decoding=\"async\" aria-describedby=\"caption-attachment-1543\" class=\" wp-image-1543     \" title=\"C\u00f6l\u00f6p\u00f6k \u00e9s roml\u00f3 \u00fatmin\u0151s\u00e9g\" src=\"https:\/\/www.mszporoszlany.hu\/wp-content\/uploads\/2012\/10\/MVMa.jpg\" alt=\"C\u00f6l\u00f6p\u00f6k \u00e9s roml\u00f3 \u00fatmin\u0151s\u00e9g\" width=\"384\" height=\"256\" srcset=\"https:\/\/www.mszporoszlany.hu\/wp-content\/uploads\/2012\/10\/MVMa.jpg 600w, https:\/\/www.mszporoszlany.hu\/wp-content\/uploads\/2012\/10\/MVMa-320x213.jpg 320w\" sizes=\"auto, (max-width: 384px) 100vw, 384px\" \/><\/a><p id=\"caption-attachment-1543\" class=\"wp-caption-text\">A folyamatosan roml\u00f3 \u00fatmin\u0151s\u00e9g<\/p><\/div>\n<p>A m\u00e1sik sarkalatos k\u00e9rd\u00e9s az \u00fatmin\u0151s\u00e9g, ami m\u00e1ra annyira leromlott, hogy csak komoly gyomorral aj\u00e1nlhat\u00f3 a haszn\u00e1lata. Egyszer\u0171en mint egy r\u00e1z\u00f3g\u00e9p \u00fagy m\u0171k\u00f6dik, borzalmas! De mindez semmi ahhoz k\u00e9pest, amit a k\u00f6rny\u00e9kbeli gazd\u00e1k kital\u00e1ltak: betonoszlopokkal, gerend\u00e1kkal jelzik a telekhat\u00e1rokat, ami azt eredm\u00e9nyezi, hogy k\u00e9t aut\u00f3 nem f\u00e9r el egym\u00e1s mellett, s kiker\u00fclni, leh\u00faz\u00f3dni sem tudnak az \u00fatr\u00f3l.<\/p>\n<p>Teh\u00e1t, ha k\u00e9t aut\u00f3 tal\u00e1lkozik, akkor az egyiknek rosszabb esetben k\u00f6zel egy kilom\u00e9tert kell tolatnia, mire tal\u00e1lnak olyan ter\u00fcletet, ahol a kiker\u00fcl\u00e9s v\u00e9grehajthat\u00f3. Err\u0151l panaszkodott az egyik v\u00e1rgesztesi polg\u00e1r is. Mint mondta, a sz\u0151l\u0151j\u00e9b\u0151l ut\u00e1nfut\u00f3val szerette volna hazasz\u00e1ll\u00edtani a term\u00e9st, amikor szembe tal\u00e1lkozott egy g\u00e9pkocsival. Mivel \u0151 ut\u00e1nfut\u00f3val nem tudott man\u0151verezni, a szembej\u00f6v\u0151nek kellett sz\u00e1zm\u00e9tereken kereszt\u00fcl tolatni \u2013 ne tudja meg miket mondott a sof\u0151r \u2013 eml\u00e9kezett az epiz\u00f3dra besz\u00e9lget\u0151partnerem, aki m\u00e9g hozz\u00e1tette: rengeteg p\u00e9nze lehet Oroszl\u00e1nynak, ha \u00edgy sz\u00f3rja a semmire!<\/p>\n","protected":false},"excerpt":{"rendered":"<p>Szerpentin, konfetti, meg minden ami kell \u2013 tal\u00e1n m\u00e9g eml\u00e9kezik a kedves olvas\u00f3 a szeptember 12-i \u00fat\u00e1tad\u00e1sra. Tudj\u00e1k, ami Majkot k\u00f6ti \u00f6ssze a V\u00e9rtessoml\u00f3-V\u00e1rgesztes \u00fattal. Nos, m\u00e1r akkor jelezt\u00fck, hogy a f\u00f6ldtulajdonosok sikeres protest\u00e1l\u00e1s\u00e1t k\u00f6vet\u0151en v\u00e9g\u00fcl nem az eredeti nyomvonalon halad az \u00fat, hanem a tervezett\u0151l j\u00f3 egy kilom\u00e9terrel V\u00e1rgesztes ir\u00e1ny\u00e1ba siker\u00fclt a bek\u00f6t\u00e9s. <a href=\"https:\/\/www.mszporoszlany.hu\/?p=1541\">Egy kattint\u00e1s ide a folytat\u00e1shoz&#8230;. <span class=\"meta-nav\">&rarr;<\/span><\/a><\/p>\n","protected":false},"author":35,"featured_media":0,"comment_status":"open","ping_status":"closed","sticky":false,"template":"","format":"standard","meta":{"footnotes":""},"categories":[200,194],"tags":[891,892,887,893,585,889,890,888,894,178,177],"class_list":["post-1541","post","type-post","status-publish","format-standard","hentry","category-kisterseg","category-oroszlany","tag-25-millio-ft","tag-betonoszlopok","tag-foldtulajdonos","tag-gerendak","tag-majk","tag-orankent-2-5-auto","tag-presztizsberuhazas","tag-protestalas","tag-telekhatar","tag-vargesztes","tag-vertessomlo"],"_links":{"self":[{"href":"https:\/\/www.mszporoszlany.hu\/index.php?rest_route=\/wp\/v2\/posts\/1541","targetHints":{"allow":["GET"]}}],"collection":[{"href":"https:\/\/www.mszporoszlany.hu\/index.php?rest_route=\/wp\/v2\/posts"}],"about":[{"href":"https:\/\/www.mszporoszlany.hu\/index.php?rest_route=\/wp\/v2\/types\/post"}],"author":[{"embeddable":true,"href":"https:\/\/www.mszporoszlany.hu\/index.php?rest_route=\/wp\/v2\/users\/35"}],"replies":[{"embeddable":true,"href":"https:\/\/www.mszporoszlany.hu\/index.php?rest_route=%2Fwp%2Fv2%2Fcomments&post=1541"}],"version-history":[{"count":0,"href":"https:\/\/www.mszporoszlany.hu\/index.php?rest_route=\/wp\/v2\/posts\/1541\/revisions"}],"wp:attachment":[{"href":"https:\/\/www.mszporoszlany.hu\/index.php?rest_route=%2Fwp%2Fv2%2Fmedia&parent=1541"}],"wp:term":[{"taxonomy":"category","embeddable":true,"href":"https:\/\/www.mszporoszlany.hu\/index.php?rest_route=%2Fwp%2Fv2%2Fcategories&post=1541"},{"taxonomy":"post_tag","embeddable":true,"href":"https:\/\/www.mszporoszlany.hu\/index.php?rest_route=%2Fwp%2Fv2%2Ftags&post=1541"}],"curies":[{"name":"wp","href":"https:\/\/api.w.org\/{rel}","templated":true}]}}