{"id":1559,"date":"2012-10-29T12:26:38","date_gmt":"2012-10-29T11:26:38","guid":{"rendered":"http:\/\/www.mszporoszlany.hu\/?p=1559"},"modified":"2012-10-29T13:48:34","modified_gmt":"2012-10-29T12:48:34","slug":"a-tenyek-a-szornyu-tenyek","status":"publish","type":"post","link":"https:\/\/www.mszporoszlany.hu\/?p=1559","title":{"rendered":"A t\u00e9nyek! A sz\u00f6rny\u0171 t\u00e9nyek!"},"content":{"rendered":"<p><img loading=\"lazy\" decoding=\"async\" class=\"wp-image-1560 alignleft\" title=\"Tenyek\" src=\"https:\/\/www.mszporoszlany.hu\/wp-content\/uploads\/2012\/10\/Tenyek.png\" alt=\"\" width=\"200\" height=\"120\" \/>V\u00e9ge a h\u00e9tnek, ilyenkor van egy kis id\u0151m az \u00edrott sajt\u00f3 sz\u00e1m\u00e1ra is. Pro \u00e9s kontra olvasgatom a h\u00edreket, k\u00edv\u00e1ncsian v\u00e1rva, hogy melyik oldal mit is hoz ki ugyan abb\u00f3l a val\u00f3s\u00e1gb\u00f3l. Minden h\u00e9tre jut valami sz\u00f6rnyen r\u00f6hejes olvasm\u00e1ny, de a mostani felhozatal s\u00edr\u00e1sra g\u00f6rb\u00edtette r\u00f6h\u00f6g\u00e9shez szokott sz\u00e1mat.<\/p>\n<p><!--more--><\/p>\n<p>\u00dajfent hajb\u00f3kolhatunk \u00e9s im\u00e1k \u00f6z\u00f6n\u00e9t k\u00fcldhetj\u00fck nemzet\u00fcnk nagy zember\u00e9nek, haz\u00e1nk apj\u00e1nak, n\u00e9p\u00fcnk megment\u0151j\u00e9nek. A sok lak\u00e1shiteles &#8222;megment\u00e9se&#8221; ut\u00e1n, itt a k\u00f6vetkez\u0151 ment\u0151csomag. Most a N\u00c9P ker\u00fcl megment\u00e9sre, ha beled\u00f6glik akkor is. IGEN! \u2013 a N\u00c9P! Pontosabban a n\u00e9pnek csak az a r\u00e9sze, amelyik olyan \u00f6nkorm\u00e1nyzat tagja, amelyiket ez a fr\u00e1nya kapitalista hitelcsapda nap, mint nap szorongat \u00e9s az \u00e9hhal\u00e1l gyilkos kezei k\u00f6z\u00e9 tasz\u00edt. Az \u00f6nkorm\u00e1nyzatoknak sz\u00f3l\u00f3 &#8222;ment\u0151csomaggal&#8221; kapcsolatos bejelent\u00e9sr\u0151l sz\u00f3l\u00f3 els\u0151 h\u00edreket megel\u0151zve Felcs\u00fat fel\u00e9 fordult a helyi &#8222;homo fidesicus&#8221; vezet\u00e9s \u00e9s hajb\u00f3kol\u00f3 m\u00e9diabirodalma, majd s\u0171r\u0171 &#8222;\u00c1ldjon meg! \u00c1ldjon meg!&#8221; mantr\u00e1val tett\u00e9k k\u00f6zz\u00e9 vez\u00e9r\u00fck legfrissebb kommunik\u00e1ci\u00f3s ad\u00f3ss\u00e1gjav\u00edt\u00f3 tetteit.<\/p>\n<p>Az ezzel kapcsolatos cikket <a title=\"Oroszl\u00e1ny.HU\" href=\"http:\/\/site.oroszlany.hu\/index.php?option=com_content&amp;view=article&amp;id=2475\" target=\"_blank\">l\u00e1sd itt<\/a>!<\/p>\n<p>Csak k\u00e9t h\u00e1rom cikket kell elolvasnom \u00e9s m\u00e1ris el\u00e9m ker\u00fcl egy m\u00e1sik &#8222;olvasat&#8221;. Ezt a HVG.hu oldalon Huszka Imre jegyzi. Ami egy roppant \u00e9rdekes folyamatr\u00f3l \u00edr, amely m\u00e1r 2006 \u00f3ta sz\u00f3besz\u00e9d form\u00e1j\u00e1ban orsz\u00e1gos sz\u00e1rnyra k\u00e9lt, de bizonyoss\u00e1got csak 2008, 2010 magass\u00e1g\u00e1ban siker\u00fclt teljes val\u00f3j\u00e1ban nyerni, amikor forintos\u00edt\u00f3dtak az \u00f6nkorm\u00e1nyzatok t\u00e9nyleges hiteleinek \u00f6sszegei. \u00c9s milyen \u00e9rdekes a &#8222;homo fidesicus&#8221; vezet\u00e9s\u0171 \u00f6nkorm\u00e1nyzatok vezett\u00e9k a list\u00e1t a t\u00f6bb milli\u00e1rdos teljesen felesleges fejleszt\u00e9sekre felvett hitel\u00e1llom\u00e1nyokkal. A cikk csattan\u00f3ja, hogy a kor\u00e1bbi narancsos \u00f6nkorm\u00e1nyzati vezet\u0151k a mindent megszor\u00edt\u00f3 MSZP korm\u00e1nyzatra kent\u00e9k a hitelfelv\u00e9telek sz\u00fcks\u00e9gess\u00e9g\u00e9t. Igaz, hogy a felvett hitelek nem a m\u0171k\u00f6d\u00e9s fedez\u00e9s\u00e9re, hanem a felel\u0151tlen \u00e9s \u00fagy l\u00e1tszik tudatosan rombol\u00f3 hat\u00e1r\u00fa fejleszt\u00e9sekre mentek el.<\/p>\n<p>Az ezzel kapcsolatos cikket <a title=\"HVG.hu\" href=\"http:\/\/hvg.hu\/velemeny.nyuzsog\/20121028_onkormanyzatok_pocsekolas\" target=\"_blank\">l\u00e1sd itt<\/a>!<\/p>\n<p>H\u00e1t igen! A t\u00e9nyek! Azok a fr\u00e1nya t\u00e9nyek!<\/p>\n","protected":false},"excerpt":{"rendered":"<p>V\u00e9ge a h\u00e9tnek, ilyenkor van egy kis id\u0151m az \u00edrott sajt\u00f3 sz\u00e1m\u00e1ra is. Pro \u00e9s kontra olvasgatom a h\u00edreket, k\u00edv\u00e1ncsian v\u00e1rva, hogy melyik oldal mit is hoz ki ugyan abb\u00f3l a val\u00f3s\u00e1gb\u00f3l. Minden h\u00e9tre jut valami sz\u00f6rnyen r\u00f6hejes olvasm\u00e1ny, de a mostani felhozatal s\u00edr\u00e1sra g\u00f6rb\u00edtette r\u00f6h\u00f6g\u00e9shez szokott sz\u00e1mat. <a href=\"https:\/\/www.mszporoszlany.hu\/?p=1559\">Egy kattint\u00e1s ide a folytat\u00e1shoz&#8230;. <span class=\"meta-nav\">&rarr;<\/span><\/a><\/p>\n","protected":false},"author":35,"featured_media":0,"comment_status":"open","ping_status":"closed","sticky":false,"template":"","format":"standard","meta":{"footnotes":""},"categories":[196,194],"tags":[903,899,898,900,901,301,15,896,885,895,902,897,1763,282],"class_list":["post-1559","post","type-post","status-publish","format-standard","hentry","category-magyarorszag","category-oroszlany","tag-fejlesztesek","tag-felcsut","tag-hitelcsapda","tag-homo-fidesicus","tag-huszka-imre","tag-hvg-hu","tag-kormany","tag-lakashitel","tag-mantra","tag-megmentes","tag-megszoritas","tag-mentocsomag","tag-mszp","tag-onkormanyzat"],"_links":{"self":[{"href":"https:\/\/www.mszporoszlany.hu\/index.php?rest_route=\/wp\/v2\/posts\/1559","targetHints":{"allow":["GET"]}}],"collection":[{"href":"https:\/\/www.mszporoszlany.hu\/index.php?rest_route=\/wp\/v2\/posts"}],"about":[{"href":"https:\/\/www.mszporoszlany.hu\/index.php?rest_route=\/wp\/v2\/types\/post"}],"author":[{"embeddable":true,"href":"https:\/\/www.mszporoszlany.hu\/index.php?rest_route=\/wp\/v2\/users\/35"}],"replies":[{"embeddable":true,"href":"https:\/\/www.mszporoszlany.hu\/index.php?rest_route=%2Fwp%2Fv2%2Fcomments&post=1559"}],"version-history":[{"count":0,"href":"https:\/\/www.mszporoszlany.hu\/index.php?rest_route=\/wp\/v2\/posts\/1559\/revisions"}],"wp:attachment":[{"href":"https:\/\/www.mszporoszlany.hu\/index.php?rest_route=%2Fwp%2Fv2%2Fmedia&parent=1559"}],"wp:term":[{"taxonomy":"category","embeddable":true,"href":"https:\/\/www.mszporoszlany.hu\/index.php?rest_route=%2Fwp%2Fv2%2Fcategories&post=1559"},{"taxonomy":"post_tag","embeddable":true,"href":"https:\/\/www.mszporoszlany.hu\/index.php?rest_route=%2Fwp%2Fv2%2Ftags&post=1559"}],"curies":[{"name":"wp","href":"https:\/\/api.w.org\/{rel}","templated":true}]}}