{"id":1605,"date":"2012-10-29T13:23:18","date_gmt":"2012-10-29T12:23:18","guid":{"rendered":"http:\/\/www.mszporoszlany.hu\/?p=1605"},"modified":"2012-10-29T13:23:18","modified_gmt":"2012-10-29T12:23:18","slug":"a-taigetosz-elv","status":"publish","type":"post","link":"https:\/\/www.mszporoszlany.hu\/?p=1605","title":{"rendered":"A Taigetosz-elv"},"content":{"rendered":"<p><img loading=\"lazy\" decoding=\"async\" class=\"alignleft size-full wp-image-1606\" title=\"Taigetosz\" src=\"https:\/\/www.mszporoszlany.hu\/wp-content\/uploads\/2012\/10\/Taigetosz.png\" alt=\"\" width=\"200\" height=\"120\" \/>2011-ben az orsz\u00e1ggy\u0171l\u00e9s m\u00f3dos\u00edtotta a Magyar K\u00f6zt\u00e1rsas\u00e1g (ez megsz\u0171nik) Alkotm\u00e1ny\u00e1t (ez is megsz\u0171nik). A m\u00f3dos\u00edt\u00e1s \u00e9rtelm\u00e9ben visszamen\u0151leges hat\u00e1llyal megvonj\u00e1k\/\u00e1tnevezik valamennyi nyugd\u00edjas j\u00e1rand\u00f3s\u00e1g\u00e1t, amennyiben m\u00e9g nem \u00e9rt\u00e9k el a korhat\u00e1rt. A korkedvezm\u00e9nyes, korengedm\u00e9nyes nyugell\u00e1t\u00e1s alapfelt\u00e9tele volt a t\u00f6bbi munkav\u00e1llal\u00f3hoz k\u00e9pest plusz 13% j\u00e1rul\u00e9k befizet\u00e9s. Teh\u00e1t ezt a szerzett jogot az \u00e9rintettek meg is fizett\u00e9k.<\/p>\n<p><!--more--><\/p>\n<p>Eleinte azt \u00e1ll\u00edtott\u00e1k, hogy ez csak a rendv\u00e9delmi dolgoz\u00f3kat \u00e9rinti, mintha ez a jogfoszt\u00e1s ett\u0151l nem lenne rabl\u00e1s. M\u00e1ra azonban kiterjesztett\u00e9k a t\u00f6bbi munkav\u00e1llal\u00f3ra is, a r\u00e9sz\u00fckr\u0151l szint\u00e9n befizetett j\u00e1rul\u00e9k ellen\u00e9re. S ami m\u00e9g embertelenebb: a rokkantakra is. Mai, politikai kifejez\u00e9ssel \u00e9lve: megv\u00e9dt\u00e9k a nyugd\u00edjakat. Igen, ma, Magyarorsz\u00e1gon \u00edgy nevezik a lop\u00e1st.<\/p>\n<p>A kereszt\u00e9ny vil\u00e1g, a Biblia tele van olyan t\u00f6rt\u00e9netekkel, mikor az elesetteket seg\u00edtik meg, ez egyfajta &#8222;kereszt\u00e9nyi&#8221; k\u00f6teless\u00e9g. A rokkantak t\u00f6bbnyire \u00f6nhib\u00e1jukon k\u00edv\u00fcl v\u00e1ltak elesettekk\u00e9, \u00e9s minden, mag\u00e1t civiliz\u00e1ltnak tart\u00f3 t\u00e1rsadalom seg\u00edti \u0151ket az \u00e9let\u00fck fenntart\u00e1s\u00e1ban, a napi \u00e9letben. Nem mellesleg: Krisztus is ezen az \u00faton j\u00e1rt.<\/p>\n<p>A L\u00e1z\u00e1r-Balsay szerz\u0151p\u00e1ros egy\u00e9ni k\u00e9pvisel\u0151i ind\u00edtv\u00e1nya alapj\u00e1n a Parlament el is fogadta, magyar\u00e1n: megszavazta ezt a jogfoszt\u00e1st. A parlamenti vit\u00e1ban a KDNP sz\u00f3noka meg is indokolta ezt a m\u00f3dos\u00edt\u00e1st, kereszt\u00e9nyi elvekkel t\u00e1mogatva. S ez igaz, hallgattam a besz\u00e9det.<\/p>\n<p>Akkor n\u00e9zz\u00fck ezt a p\u00e1rtot: a &#8222;kereszt\u00e9nyi&#8221; kit\u00e9tel m\u00e1ris megbukott, ha csak a rokkantakat n\u00e9zz\u00fck is. A &#8222;demokrata&#8221; kifejez\u00e9s a beny\u00fajt\u00e1s m\u00f3dja miatt eleve nem igaz: az egy\u00e9ni k\u00e9pvisel\u0151i ind\u00edtv\u00e1nnyal ki lehet, \u00e9s ki is ker\u00fclt\u00e9k az Alkotm\u00e1ny \u00e1ltal k\u00f6telez\u0151v\u00e9 tett t\u00e1rsadalmi egyeztet\u00e9st. Az \u00e9rintettek sz\u00e9les k\u00f6re t\u00f6bb sz\u00e1zezer embert jelent, \u00edgy a &#8222;n\u00e9pp\u00e1rt&#8221; kifejez\u00e9s is hazugs\u00e1g. Ha teh\u00e1t j\u00f3l megn\u00e9zz\u00fck, ez a p\u00e1rt \u00f6nmaga krit\u00e9riumai szerint sem l\u00e9tezik. Ha m\u00e1r a neve egy bet\u0171je sem igaz&#8230;<\/p>\n<p>Nos, Haz\u00e1nk t\u00f6rt\u00e9nelm\u00e9ben is vannak szentek, a teljess\u00e9g ig\u00e9nye n\u00e9lk\u00fcl: gondoljunk itt Szent L\u00e1szl\u00f3ra, Szent Istv\u00e1nra, \u00e9s igen, Szent Gell\u00e9rtre. Van m\u00e9g, ki eml\u00e9kezik Gell\u00e9rtre? Kereszt\u00e9nyek, Kereszt\u00e9ny Demokrata N\u00e9pp\u00e1rt, hall\u00f3, hall\u00f3! Budapesten, Magyarorsz\u00e1g F\u0151v\u00e1ros\u00e1ban megeml\u00e9kez\u00fcnk err\u0151l a szentr\u0151l, nem tudj\u00e1tok? Szent Gell\u00e9rt hegye a hely, a megnevez\u00e9s a m\u00f3d, a k\u00f6ny\u00f6r\u00fclet a l\u00e9lek&#8230; volt. A hitvall\u00e1st mennyi ez\u00fcst\u00e9rt pazarolt\u00e1tok el?<\/p>\n<p>De ne r\u00e9vedj\u00fcnk a m\u00faltba, a m\u00e1ban is van kit\u0171n\u0151 p\u00e9lda a rokkantakra. Steven Hawking fiatal kor\u00e1ban lett beteg, tol\u00f3sz\u00e9kbe k\u00e9nyszer\u00fclt. Az orvosok is lemondtak r\u00f3la, mondv\u00e1n: nincs sok ideje h\u00e1tra. \u00c1llapota roml\u00e1sa miatt fokozatosan a besz\u00e9dk\u00e9pess\u00e9g\u00e9t is elvesz\u00edtette, ma m\u00e1r csak sz\u00e1m\u00edt\u00f3g\u00e9p seg\u00edts\u00e9g\u00e9vel tud kommunik\u00e1lni. Ma m\u00e9gis a legnagyobb asztrofizikusok egyike, a vil\u00e1gegyetemr\u0151l alkotott egyenleteit felhaszn\u00e1lj\u00e1k azon kevesek, akik egy\u00e1ltal\u00e1n meg\u00e9rtik. M\u00e9g j\u00f3, hogy nem n\u00e1lunk \u00e9l, mert j\u00f6v\u0151re egy fel\u00fclvizsg\u00e1latn\u00e1l kider\u00fclne: k\u00f6z\u00f6ns\u00e9ges csal\u00f3.<\/p>\n<p>Egy olyan Orsz\u00e1gban, ahol b\u00fcntetni fogj\u00e1k a hajl\u00e9ktalans\u00e1g t\u00e9ny\u00e9t, elveszik a rokkantak ell\u00e1t\u00e1s\u00e1t, az emberek \u00f6regkori megtakar\u00edt\u00e1s\u00e1t, ott nincs jog, nincs k\u00f6ny\u00f6r\u00fclet, \u00e9s v\u00e9gk\u00e9pp nincs kereszt\u00e9nys\u00e9g. Tal\u00e1n Umberto Gardinelli &#8222;\u00c9jszakai utaz\u00f3k&#8221; vil\u00e1ga j\u00f6n el, ahol a t\u00e1rsadalomnak m\u00e1r nem hasznos egyedeket egy utols\u00f3 haj\u00f3kir\u00e1ndul\u00e1sra k\u00fcldt\u00e9k. A majdani propaganda cs\u00edr\u00e1i ma is fellelhet\u0151k, mert az utols\u00f3 \u00fatra tombol\u00e1n nyertek jegyet, t\u0171zij\u00e1t\u00e9k, \u00fcnnep, nagy siker. \u00c9s a haj\u00f3 \u00fcresen t\u00e9rt meg a kik\u00f6t\u0151be&#8230;<\/p>\n<p>De n\u00e1lunk nincs ennyi haj\u00f3. Tal\u00e1n nyerem\u00e9nyutak lesznek, a szerencs\u00e9seket a Gell\u00e9rt-hegyre viszik fel turistabuszokkal, a szeretet, \u00e9s a gazdas\u00e1goss\u00e1g jegy\u00e9ben. A lejut\u00e1s egy\u00e9ni lesz, Szent Gell\u00e9rtre eml\u00e9kezve tal\u00e1n hord\u00f3ban. Az emelked\u0151 \u00fczemanyag\u00e1rak miatt n\u00f6veked\u0151 bev\u00e9telekre tesz szert az \u00c1llam, a bogn\u00e1rok a hord\u00f3kat gy\u00e1rtj\u00e1k, az ac\u00e9lipar a sz\u00f6geket, s az asztalosok verik az ac\u00e9lt a dong\u00e1k k\u00f6z\u00e9. M\u00e1r csak be kell sz\u00e1llni&#8230; Elj\u00f6tt a szeretet Orsz\u00e1ga. A Duna pedig, mint k\u00f6rnyezetv\u00e9delmi t\u00e9nyez\u0151, elsz\u00e1ll\u00edtja a hullad\u00e9kot&#8230;<\/p>\n<p>Isten dics\u0151s\u00e9g\u00e9re (?), a v\u00e9gs\u0151 megold\u00e1s megsz\u00fcletett.<\/p>\n<p>\u00d6rd\u00f6g L\u00e1szl\u00f3<br \/>\n\u00faton a Taigetoszra<\/p>\n","protected":false},"excerpt":{"rendered":"<p>2011-ben az orsz\u00e1ggy\u0171l\u00e9s m\u00f3dos\u00edtotta a Magyar K\u00f6zt\u00e1rsas\u00e1g (ez megsz\u0171nik) Alkotm\u00e1ny\u00e1t (ez is megsz\u0171nik). A m\u00f3dos\u00edt\u00e1s \u00e9rtelm\u00e9ben visszamen\u0151leges hat\u00e1llyal megvonj\u00e1k\/\u00e1tnevezik valamennyi nyugd\u00edjas j\u00e1rand\u00f3s\u00e1g\u00e1t, amennyiben m\u00e9g nem \u00e9rt\u00e9k el a korhat\u00e1rt. A korkedvezm\u00e9nyes, korengedm\u00e9nyes nyugell\u00e1t\u00e1s alapfelt\u00e9tele volt a t\u00f6bbi munkav\u00e1llal\u00f3hoz k\u00e9pest plusz 13% j\u00e1rul\u00e9k befizet\u00e9s. Teh\u00e1t ezt a szerzett jogot az \u00e9rintettek meg is fizett\u00e9k. <a href=\"https:\/\/www.mszporoszlany.hu\/?p=1605\">Egy kattint\u00e1s ide a folytat\u00e1shoz&#8230;. <span class=\"meta-nav\">&rarr;<\/span><\/a><\/p>\n","protected":false},"author":35,"featured_media":0,"comment_status":"open","ping_status":"closed","sticky":false,"template":"","format":"standard","meta":{"footnotes":""},"categories":[196],"tags":[914,923,913,874,910,506,917,907,906,915,916,912,1766,905,911,909,127,921,920,919,918,908,922,904],"class_list":["post-1605","post","type-post","status-publish","format-standard","hentry","category-magyarorszag","tag-biblia","tag-ejszakai-utazok","tag-ereszteny-vilag","tag-jarandosag","tag-jogfosztas","tag-kdnp","tag-keresztenyi-elvek","tag-korengedmeny","tag-korkedvezmeny","tag-krisztus","tag-lazar-balsay","tag-lopas","tag-magyarorszag","tag-nyugdijas","tag-rablas","tag-rendvedelmi-dolgozok","tag-rokkant","tag-steven-hawking","tag-szent-gellert","tag-szent-istvan","tag-szent-laszlo","tag-szerzett-jog","tag-umberto-gardinelli","tag-visszamenoleges-hataly"],"_links":{"self":[{"href":"https:\/\/www.mszporoszlany.hu\/index.php?rest_route=\/wp\/v2\/posts\/1605","targetHints":{"allow":["GET"]}}],"collection":[{"href":"https:\/\/www.mszporoszlany.hu\/index.php?rest_route=\/wp\/v2\/posts"}],"about":[{"href":"https:\/\/www.mszporoszlany.hu\/index.php?rest_route=\/wp\/v2\/types\/post"}],"author":[{"embeddable":true,"href":"https:\/\/www.mszporoszlany.hu\/index.php?rest_route=\/wp\/v2\/users\/35"}],"replies":[{"embeddable":true,"href":"https:\/\/www.mszporoszlany.hu\/index.php?rest_route=%2Fwp%2Fv2%2Fcomments&post=1605"}],"version-history":[{"count":0,"href":"https:\/\/www.mszporoszlany.hu\/index.php?rest_route=\/wp\/v2\/posts\/1605\/revisions"}],"wp:attachment":[{"href":"https:\/\/www.mszporoszlany.hu\/index.php?rest_route=%2Fwp%2Fv2%2Fmedia&parent=1605"}],"wp:term":[{"taxonomy":"category","embeddable":true,"href":"https:\/\/www.mszporoszlany.hu\/index.php?rest_route=%2Fwp%2Fv2%2Fcategories&post=1605"},{"taxonomy":"post_tag","embeddable":true,"href":"https:\/\/www.mszporoszlany.hu\/index.php?rest_route=%2Fwp%2Fv2%2Ftags&post=1605"}],"curies":[{"name":"wp","href":"https:\/\/api.w.org\/{rel}","templated":true}]}}