{"id":1619,"date":"2012-10-30T11:17:04","date_gmt":"2012-10-30T10:17:04","guid":{"rendered":"http:\/\/www.mszporoszlany.hu\/?p=1619"},"modified":"2012-10-30T11:17:04","modified_gmt":"2012-10-30T10:17:04","slug":"meghivo-3","status":"publish","type":"post","link":"https:\/\/www.mszporoszlany.hu\/?p=1619","title":{"rendered":"Megh\u00edv\u00f3!"},"content":{"rendered":"<p><img loading=\"lazy\" decoding=\"async\" class=\"alignleft size-full wp-image-1620\" title=\"Szakkepzes\" src=\"https:\/\/www.mszporoszlany.hu\/wp-content\/uploads\/2012\/10\/Szakkepzes.png\" alt=\"\" width=\"200\" height=\"120\" \/>Az MSZP Pedag\u00f3gus Tagozata szeretettel megh\u00edv minden kedves \u00e9rdekl\u0151d\u0151t &#8222;<strong>Elfuser\u00e1lt Szakk\u00e9pz\u00e9s<\/strong>&#8221; c\u00edm\u0171 p\u00f3diumbesz\u00e9lget\u00e9s\u00e9re. A rendezv\u00e9nyt <em>Nagy L\u00e1szl\u00f3<\/em>, az NSZFI volt f\u0151igazgat\u00f3ja vezeti. A besz\u00e9lget\u00e9s akt\u00edv r\u00e9sztvev\u0151i lesznek: <em>Csizmadia M\u00e1rta<\/em>, nyugalmazott szakk\u00f6z\u00e9piskolai igazgat\u00f3; <em>T\u00f3th J\u00f3zsef<\/em>, a Magyar K\u00f6zoktat\u00e1si \u00e9s Szakk\u00e9pz\u00e9si Szakszervezet eln\u00f6ke; <em>dr. S\u00f3s Tam\u00e1s<\/em>, az MSZP orsz\u00e1ggy\u0171l\u00e9si k\u00e9pvisel\u0151je.<\/p>\n<p><!--more--><\/p>\n<p><strong>Helysz\u00edn<\/strong>: MSZP Sz\u00e9kh\u00e1z &#8211; Tan\u00e1csterem (Budapest VI. ker\u00fclet J\u00f3kai utca 6.)<br \/>\n<strong>Id\u0151pont<\/strong>: 2012.11.09 (p\u00e9ntek) 16:30-19:00 \u00f3ra k\u00f6z\u00f6tt<\/p>\n<p>H\u00edvunk \u2013 V\u00e1runk! Amennyiben \u00e9rdekel, mi v\u00e1r a jobb sorsra \u00e9rdemes szakk\u00e9pz\u00e9sre, ha tudni szeretn\u00e9d, mi lesz Orb\u00e1n-Matolcsy-Parragh &#8222;un- ortodox&#8221; szakk\u00e9pz\u00e9si rendszer\u00e9ben a tan\u00e1rokkal, a di\u00e1kokkal, akkor te is gyere el! Mondd el Te is, mi a v\u00e9lem\u00e9nyed!<\/p>\n<p>R\u00e9szv\u00e9teli sz\u00e1nd\u00e9kodat k\u00e9rj\u00fck, jelezd a kajtar.bori@gmail.com e-mail c\u00edmen!<\/p>\n<p><em>az MSZP<\/em><br \/>\n<em> Orsz\u00e1gos \u00e9s Budapesti Pedag\u00f3gus Tagozata<\/em><\/p>\n","protected":false},"excerpt":{"rendered":"<p>Az MSZP Pedag\u00f3gus Tagozata szeretettel megh\u00edv minden kedves \u00e9rdekl\u0151d\u0151t &#8222;Elfuser\u00e1lt Szakk\u00e9pz\u00e9s&#8221; c\u00edm\u0171 p\u00f3diumbesz\u00e9lget\u00e9s\u00e9re. A rendezv\u00e9nyt Nagy L\u00e1szl\u00f3, az NSZFI volt f\u0151igazgat\u00f3ja vezeti. A besz\u00e9lget\u00e9s akt\u00edv r\u00e9sztvev\u0151i lesznek: Csizmadia M\u00e1rta, nyugalmazott szakk\u00f6z\u00e9piskolai igazgat\u00f3; T\u00f3th J\u00f3zsef, a Magyar K\u00f6zoktat\u00e1si \u00e9s Szakk\u00e9pz\u00e9si Szakszervezet &hellip; <a href=\"https:\/\/www.mszporoszlany.hu\/?p=1619\">Egy kattint\u00e1s ide a folytat\u00e1shoz&#8230;. <span class=\"meta-nav\">&rarr;<\/span><\/a><\/p>\n","protected":false},"author":35,"featured_media":0,"comment_status":"closed","ping_status":"closed","sticky":false,"template":"","format":"standard","meta":{"footnotes":""},"categories":[196,58],"tags":[],"class_list":["post-1619","post","type-post","status-publish","format-standard","hentry","category-magyarorszag","category-mszp"],"_links":{"self":[{"href":"https:\/\/www.mszporoszlany.hu\/index.php?rest_route=\/wp\/v2\/posts\/1619","targetHints":{"allow":["GET"]}}],"collection":[{"href":"https:\/\/www.mszporoszlany.hu\/index.php?rest_route=\/wp\/v2\/posts"}],"about":[{"href":"https:\/\/www.mszporoszlany.hu\/index.php?rest_route=\/wp\/v2\/types\/post"}],"author":[{"embeddable":true,"href":"https:\/\/www.mszporoszlany.hu\/index.php?rest_route=\/wp\/v2\/users\/35"}],"replies":[{"embeddable":true,"href":"https:\/\/www.mszporoszlany.hu\/index.php?rest_route=%2Fwp%2Fv2%2Fcomments&post=1619"}],"version-history":[{"count":0,"href":"https:\/\/www.mszporoszlany.hu\/index.php?rest_route=\/wp\/v2\/posts\/1619\/revisions"}],"wp:attachment":[{"href":"https:\/\/www.mszporoszlany.hu\/index.php?rest_route=%2Fwp%2Fv2%2Fmedia&parent=1619"}],"wp:term":[{"taxonomy":"category","embeddable":true,"href":"https:\/\/www.mszporoszlany.hu\/index.php?rest_route=%2Fwp%2Fv2%2Fcategories&post=1619"},{"taxonomy":"post_tag","embeddable":true,"href":"https:\/\/www.mszporoszlany.hu\/index.php?rest_route=%2Fwp%2Fv2%2Ftags&post=1619"}],"curies":[{"name":"wp","href":"https:\/\/api.w.org\/{rel}","templated":true}]}}