{"id":1623,"date":"2012-10-30T11:39:46","date_gmt":"2012-10-30T10:39:46","guid":{"rendered":"http:\/\/www.mszporoszlany.hu\/?p=1623"},"modified":"2012-10-30T11:46:40","modified_gmt":"2012-10-30T10:46:40","slug":"a-kormany-oktataspolitikaja","status":"publish","type":"post","link":"https:\/\/www.mszporoszlany.hu\/?p=1623","title":{"rendered":"A korm\u00e1ny oktat\u00e1spolitik\u00e1ja"},"content":{"rendered":"<p><img loading=\"lazy\" decoding=\"async\" class=\"alignleft size-full wp-image-1624\" title=\"Szakkepzes2\" src=\"https:\/\/www.mszporoszlany.hu\/wp-content\/uploads\/2012\/10\/Szakkepzes2.png\" alt=\"\" width=\"200\" height=\"120\" \/>Az MSZP szerint a korm\u00e1ny foglalkoztat\u00e1s- \u00e9s oktat\u00e1spolitik\u00e1ja nem seg\u00edti el\u0151, hogy a fiatalok el tudjanak helyezkedni a munkaer\u0151piacon &#8211; jelentette ki vas\u00e1rnapi budapesti sajt\u00f3t\u00e1j\u00e9koztat\u00f3j\u00e1n Kunhalmi \u00c1gnes. A szocialist\u00e1k eln\u00f6ks\u00e9gi tagja elmondta, hogy Magyarorsz\u00e1gon a 15-24 \u00e9ves koroszt\u00e1lyban m\u00e9rt adatok alapj\u00e1n a fiatalok munkan\u00e9lk\u00fclis\u00e9ge el\u00e9rte a 29,1 sz\u00e1zal\u00e9kot. Eml\u00e9keztetett arra is, hogy ez a mutat\u00f3 t\u00f6bb mint h\u00e1rom sz\u00e1zal\u00e9kkal n\u0151tt egy \u00e9v alatt.<\/p>\n<p><!--more--><\/p>\n<p>A politikus az okokat elemezve azt mondta, hogy a n\u00f6vekv\u0151 munkan\u00e9lk\u00fclis\u00e9g egyenes ar\u00e1nyban \u00e1ll az alacsony iskolai v\u00e9gzetts\u00e9ggel. Szavai szerint ez alapj\u00e1n kijelenthet\u0151, hogy a Fidesz korm\u00e1nyzati t\u00f6rekv\u00e9sei, valamint az elfogadott oktat\u00e1si t\u00f6rv\u00e9nyek nem szolg\u00e1lj\u00e1k a fiatalok elhelyezked\u00e9s\u00e9t a munkaer\u0151piacon. A korm\u00e1nyzati int\u00e9zked\u00e9seket sorolva Kunhalmi \u00c1gnes a tank\u00f6telezetts\u00e9g korhat\u00e1r\u00e1nak 16 \u00e9vre val\u00f3 lesz\u00e1ll\u00edt\u00e1s\u00e1t nevezte az &#8222;eredend\u0151 b\u0171nnek&#8221;, mert ennyi id\u0151sen semmilyen szakmai v\u00e9gzetts\u00e9get nem lehet szerezni.<\/p>\n<p>A szakk\u00e9pz\u00e9s \u00e1talak\u00edt\u00e1sa sem szolg\u00e1lja azt, hogy a fiatalok boldoguljanak a munkaer\u0151piacon &#8211; tette hozz\u00e1. A politikus hangs\u00falyozta, hogy az elhelyezked\u00e9s ellen hat a gimn\u00e1ziumi, illetve az egyetemi \u00e9s f\u0151iskolai f\u00e9r\u0151helyek sz\u00e1m\u00e1nak cs\u00f6kkent\u00e9se. Az &#8222;\u00e1llamos\u00edt\u00e1s&#8221; is nagym\u00e9rt\u00e9kben gyeng\u00edti az oktat\u00e1si rendszer helyi alkalmazkod\u00f3k\u00e9pess\u00e9g\u00e9t &#8211; mondta. Ek\u00f6zben t\u00f6bbletterheket raktak a pedag\u00f3gusokra, akik ez\u00e9rt nem kapnak ellenszolg\u00e1ltat\u00e1st &#8211; emelte ki.<\/p>\n<p>2014 ut\u00e1n szolidarit\u00e1sra, m\u00e9lt\u00e1nyoss\u00e1gra, es\u00e9lyteremt\u00e9se \u00e9s korszer\u0171 ismeretekre t\u00e1maszkod\u00f3 oktat\u00e1spolitik\u00e1t kell megval\u00f3s\u00edtani &#8211; mondta v\u00e9g\u00fcl.<\/p>\n<p>Forr\u00e1s: MSZP.HU, a teljes cikk tov\u00e1bbi <a title=\"A teljes cikk tartalma\" href=\"http:\/\/www.mszp.hu\/video\/a_kormany_oktataspolitikaja_nem_segiti_a_fiatalok_elhelyezkedeset\" target=\"_blank\">itt olvashat\u00f3<\/a>\u2026<br \/>\nVide\u00f3: Az interj\u00fa vide\u00f3anyaga <a title=\"A vide\u00f3 nyilatkozat megtekint\u00e9se\" href=\"http:\/\/www.youtube.com\/watch?v=jIB8udEyUZg\" target=\"_blank\">itt l\u00e1that\u00f3<\/a>\u2026<\/p>\n","protected":false},"excerpt":{"rendered":"<p>Az MSZP szerint a korm\u00e1ny foglalkoztat\u00e1s- \u00e9s oktat\u00e1spolitik\u00e1ja nem seg\u00edti el\u0151, hogy a fiatalok el tudjanak helyezkedni a munkaer\u0151piacon &#8211; jelentette ki vas\u00e1rnapi budapesti sajt\u00f3t\u00e1j\u00e9koztat\u00f3j\u00e1n Kunhalmi \u00c1gnes. A szocialist\u00e1k eln\u00f6ks\u00e9gi tagja elmondta, hogy Magyarorsz\u00e1gon a 15-24 \u00e9ves koroszt\u00e1lyban m\u00e9rt adatok alapj\u00e1n a fiatalok munkan\u00e9lk\u00fclis\u00e9ge el\u00e9rte a 29,1 sz\u00e1zal\u00e9kot. Eml\u00e9keztetett arra is, hogy ez a mutat\u00f3 t\u00f6bb mint h\u00e1rom sz\u00e1zal\u00e9kkal n\u0151tt egy \u00e9v alatt. <a href=\"https:\/\/www.mszporoszlany.hu\/?p=1623\">Egy kattint\u00e1s ide a folytat\u00e1shoz&#8230;. <span class=\"meta-nav\">&rarr;<\/span><\/a><\/p>\n","protected":false},"author":35,"featured_media":0,"comment_status":"open","ping_status":"closed","sticky":false,"template":"","format":"standard","meta":{"footnotes":""},"categories":[196,58],"tags":[930,229,933,936,924,929,927,926,935,925,183,937,932,123,934,928,931],"class_list":["post-1623","post","type-post","status-publish","format-standard","hentry","category-magyarorszag","category-mszp","tag-alkalmazkodokepesseg","tag-allamositas","tag-ellenszolgaltatas-nelkul","tag-eselyteremtes","tag-foglalkoztatas-es-oktataspolitik","tag-gimnazium","tag-iskolai-vegzettsegg","tag-kunhalmi-agnes","tag-meltanyossag","tag-munkaeropiac","tag-munkanelkuliseg","tag-oktataspolitika","tag-pedagogusok","tag-szakkepzes","tag-szolidaritas","tag-tankotelezettseg","tag-tobbletterhek"],"_links":{"self":[{"href":"https:\/\/www.mszporoszlany.hu\/index.php?rest_route=\/wp\/v2\/posts\/1623","targetHints":{"allow":["GET"]}}],"collection":[{"href":"https:\/\/www.mszporoszlany.hu\/index.php?rest_route=\/wp\/v2\/posts"}],"about":[{"href":"https:\/\/www.mszporoszlany.hu\/index.php?rest_route=\/wp\/v2\/types\/post"}],"author":[{"embeddable":true,"href":"https:\/\/www.mszporoszlany.hu\/index.php?rest_route=\/wp\/v2\/users\/35"}],"replies":[{"embeddable":true,"href":"https:\/\/www.mszporoszlany.hu\/index.php?rest_route=%2Fwp%2Fv2%2Fcomments&post=1623"}],"version-history":[{"count":0,"href":"https:\/\/www.mszporoszlany.hu\/index.php?rest_route=\/wp\/v2\/posts\/1623\/revisions"}],"wp:attachment":[{"href":"https:\/\/www.mszporoszlany.hu\/index.php?rest_route=%2Fwp%2Fv2%2Fmedia&parent=1623"}],"wp:term":[{"taxonomy":"category","embeddable":true,"href":"https:\/\/www.mszporoszlany.hu\/index.php?rest_route=%2Fwp%2Fv2%2Fcategories&post=1623"},{"taxonomy":"post_tag","embeddable":true,"href":"https:\/\/www.mszporoszlany.hu\/index.php?rest_route=%2Fwp%2Fv2%2Ftags&post=1623"}],"curies":[{"name":"wp","href":"https:\/\/api.w.org\/{rel}","templated":true}]}}