{"id":1630,"date":"2012-10-31T07:55:32","date_gmt":"2012-10-31T06:55:32","guid":{"rendered":"http:\/\/www.mszporoszlany.hu\/?p=1630"},"modified":"2012-10-31T07:55:32","modified_gmt":"2012-10-31T06:55:32","slug":"a-bohozat-tragediaja","status":"publish","type":"post","link":"https:\/\/www.mszporoszlany.hu\/?p=1630","title":{"rendered":"A boh\u00f3zat trag\u00e9di\u00e1ja"},"content":{"rendered":"<p><img loading=\"lazy\" decoding=\"async\" class=\"alignleft size-full wp-image-1631\" title=\"Tragedia\" src=\"https:\/\/www.mszporoszlany.hu\/wp-content\/uploads\/2012\/10\/Tragedia.png\" alt=\"\" width=\"200\" height=\"120\" \/>El\u0151re eln\u00e9z\u00e9st k\u00e9rek azokt\u00f3l, akik sz\u00e1m\u00e1ra a vulgarizmus b\u00e1nt\u00f3, esetleg megbotr\u00e1nkoztat\u00f3 dolog, de sajnos azzal kapcsolatosan, amit minap tapasztalni lehetett v\u00e1rosunk weboldal\u00e1n ez tal\u00e1n megbocs\u00e1that\u00f3 b\u0171n. A mindenbe beleszar\u00e1s \u00e9s a felel\u0151tlen &#8222;felel\u0151s&#8221; viselked\u00e9s \u00fagy l\u00e1tszik m\u00e1r semmit nem k\u00edm\u00e9l. Nem sz\u00e1m\u00edt a kegyelet, nem sz\u00e1m\u00edt, hogy akik nev\u00e9ben elj\u00e1runk, tal\u00e1n t\u00f6bbet \u00e9rdemeln\u00e9nek! De a szakmai elv\u00e1r\u00e1soknak megfelel\u00e9s is m\u00e1r r\u00e9ges-r\u00e9gen a b\u00e1ny\u00e1szb\u00e9ka tompora alatt van, de egyes k\u00f6zp\u00e9nzb\u0151l fizetett kont\u00e1roknak m\u00e1r ez is megk\u00f6zel\u00edthetetlen magass\u00e1g.<\/p>\n<p><!--more--><\/p>\n<p>Amikor egy \u00e1llami szervezet (korm\u00e1ny, \u00f6nkorm\u00e1nyzat, gazd\u00e1lkod\u00f3szervezet) hivatalos k\u00f6zlem\u00e9nyt tesz k\u00f6zz\u00e9, akkor m\u00e9g a p\u00f3rn\u00e9p is tudja, hogy annak vannak bizonyos formai \u00e9s tartalmi megk\u00f6t\u00e9sei. Hogy a tartalom \u00e9s a forma valamilyen hivatalos, esetleg szab\u00e1lyozott m\u00f3don megfogalmazott elv\u00e1r\u00e1soknak meg kell, hogy feleljen. F\u0151leg akkor, ha a k\u00f6zlem\u00e9ny c\u00e9lja egy roppant fontos feladat megval\u00f3s\u00edt\u00e1sa, amely mindenkit\u0151l komoly \u00e1ldozatv\u00e1llal\u00e1st v\u00e1rna el.<\/p>\n<p>No ezt a komolys\u00e1got \u00e9s \u00e1ldozatos hozz\u00e1\u00e1ll\u00e1st csak \u00e9ppen azokt\u00f3l nem kapta meg a t\u00e9ma, akikt\u0151l pedig 1000%-ban elv\u00e1rn\u00e1 az ember. A dokumentumot jegyz\u0151 szervezet kurat\u00f3rium\u00e1t\u00f3l, annak els\u0151 sz\u00e1m\u00fa felel\u0151s vezet\u0151j\u00e9t\u0151l, a felh\u00edv\u00e1st k\u00f6zz\u00e9tev\u0151 szakemberekt\u0151l \u00e9s v\u00e9g\u00fcl a v\u00e1ros weboldal\u00e1t gondoz\u00f3 szervezet szakembereit\u0151l.<\/p>\n<p>A minap jelent meg v\u00e1rosunkban dr. Balogh Tibor doktor \u00far nev\u00e9t visel\u0151 Eg\u00e9szs\u00e9g\u00fcgyi Alap\u00edtv\u00e1ny <a title=\"A p\u00e1ly\u00e1zat eredeti anyag\u00e1nak megtekint\u00e9se\" href=\"\/wp-docs\/EUPalyazat-201210.pdf\" target=\"_blank\">p\u00e1ly\u00e1zati felh\u00edv\u00e1sa<\/a>, amely kor\u00e1bban is t\u00f6bb, az eg\u00e9szs\u00e9g\u00fcgyi ell\u00e1t\u00e1shoz kapcsol\u00f3d\u00f3 t\u00e1mogat\u00e1st biztos\u00edtott a r\u00e1szorultak \u00e9s ig\u00e9nyl\u0151k sz\u00e1m\u00e1ra. Az idei felh\u00edv\u00e1s azonban mindent fel\u00fclm\u00fal\u00f3 tr\u00f3ger m\u00f3don ker\u00fclt k\u00f6zz\u00e9t\u00e9telre, megsz\u00e9gyen\u00edtve ezzel telep\u00fcl\u00e9s\u00fcnk egyik, \u00e9vtizedeken \u00e1t \u00e1ldozatos munk\u00e1t v\u00e9gz\u0151, nagy megbecs\u00fcl\u00e9st ki\u00e9rdeml\u0151 orvos\u00e1nak eml\u00e9k\u00e9t.<\/p>\n<p>T\u00f6bbsz\u00f6ri \u00e1tolvas\u00e1s ut\u00e1n sem siker\u00fclt ugyanis \u00e9rtelmezn\u00fcnk a felh\u00edv\u00e1s 2. oldal\u00e1t\u00f3l a 6. oldalig megjelen\u0151 tartalmat. Nem eg\u00e9szen \u00e9rtett\u00fck, hogy mit keres egy ilyen p\u00e1ly\u00e1zati felh\u00edv\u00e1sban egy \u00e9p\u00edt\u0151anyag nagykeresked\u00e9s 2007. \u00e9vi rekl\u00e1manyaga! Pillek\u00f6nny\u0171 Gerard tet\u0151k, Tondach cserepek \u00e9s k\u00e9m\u00e9nyek! De ugyan ilyen zavar\u00f3nak \u00e9rezt\u00fck a padl\u00f3- \u00e9s fel\u00fcletszigetel\u00e9ssel kapcsolatos aj\u00e1nlatokat is, nem besz\u00e9lve d\u00edszkertekben alkalmazhat\u00f3 rendk\u00edv\u00fcl kedvez\u0151 homokk\u00f6vekr\u0151l.<\/p>\n<p>Egyszer\u0171en gyal\u00e1zatos, hogy sem a kurat\u00f3rium eln\u00f6ke, sem a hivatal erre a c\u00e9lra fizetett &#8222;szakembere&#8221;, sem pedig a v\u00e1ros weboldala sz\u00e1m\u00e1ra informatikai szolg\u00e1ltat\u00e1sokat biztos\u00edt\u00f3 szervezet egyetlen tagja sem volt k\u00e9pesek legal\u00e1bb egyszer tanulm\u00e1nyozni azt az anyagot, amelynek c\u00e9lja, hogy egy nemes \u00fcgy \u00e9rdek\u00e9ben l\u00e9trej\u00f6tt szervezet tagjai \u00e9s t\u00e1mogat\u00f3i eredm\u00e9nyesen megval\u00f3s\u00edthass\u00e1k mindannyiunk sz\u00e1m\u00e1ra fontos tev\u00e9kenys\u00e9g\u00fcket.<\/p>\n","protected":false},"excerpt":{"rendered":"<p>El\u0151re eln\u00e9z\u00e9st k\u00e9rek azokt\u00f3l, akik sz\u00e1m\u00e1ra a vulgarizmus b\u00e1nt\u00f3, esetleg megbotr\u00e1nkoztat\u00f3 dolog, de sajnos azzal kapcsolatosan, amit minap tapasztalni lehetett v\u00e1rosunk weboldal\u00e1n ez tal\u00e1n megbocs\u00e1that\u00f3 b\u0171n. A mindenbe beleszar\u00e1s \u00e9s a felel\u0151tlen &#8222;felel\u0151s&#8221; viselked\u00e9s \u00fagy l\u00e1tszik m\u00e1r semmit nem k\u00edm\u00e9l. Nem sz\u00e1m\u00edt a kegyelet, nem sz\u00e1m\u00edt, hogy akik nev\u00e9ben elj\u00e1runk, tal\u00e1n t\u00f6bbet \u00e9rdemeln\u00e9nek! De a szakmai elv\u00e1r\u00e1soknak megfelel\u00e9s is m\u00e1r r\u00e9ges-r\u00e9gen a b\u00e1ny\u00e1szb\u00e9ka tompora alatt van, de egyes k\u00f6zp\u00e9nzb\u0151l fizetett kont\u00e1roknak m\u00e1r ez is megk\u00f6zel\u00edthetetlen magass\u00e1g. <a href=\"https:\/\/www.mszporoszlany.hu\/?p=1630\">Egy kattint\u00e1s ide a folytat\u00e1shoz&#8230;. <span class=\"meta-nav\">&rarr;<\/span><\/a><\/p>\n","protected":false},"author":35,"featured_media":0,"comment_status":"open","ping_status":"closed","sticky":false,"template":"","format":"standard","meta":{"footnotes":""},"categories":[194],"tags":[942,943,938,944,940,941,939],"class_list":["post-1630","post","type-post","status-publish","format-standard","hentry","category-oroszlany","tag-dr-balogh-tibor","tag-egeszsegugyi-alapitvany","tag-felelos","tag-felhivas","tag-kontarok","tag-kozpenzbol-fizetett","tag-varosunk-weboldala"],"_links":{"self":[{"href":"https:\/\/www.mszporoszlany.hu\/index.php?rest_route=\/wp\/v2\/posts\/1630","targetHints":{"allow":["GET"]}}],"collection":[{"href":"https:\/\/www.mszporoszlany.hu\/index.php?rest_route=\/wp\/v2\/posts"}],"about":[{"href":"https:\/\/www.mszporoszlany.hu\/index.php?rest_route=\/wp\/v2\/types\/post"}],"author":[{"embeddable":true,"href":"https:\/\/www.mszporoszlany.hu\/index.php?rest_route=\/wp\/v2\/users\/35"}],"replies":[{"embeddable":true,"href":"https:\/\/www.mszporoszlany.hu\/index.php?rest_route=%2Fwp%2Fv2%2Fcomments&post=1630"}],"version-history":[{"count":0,"href":"https:\/\/www.mszporoszlany.hu\/index.php?rest_route=\/wp\/v2\/posts\/1630\/revisions"}],"wp:attachment":[{"href":"https:\/\/www.mszporoszlany.hu\/index.php?rest_route=%2Fwp%2Fv2%2Fmedia&parent=1630"}],"wp:term":[{"taxonomy":"category","embeddable":true,"href":"https:\/\/www.mszporoszlany.hu\/index.php?rest_route=%2Fwp%2Fv2%2Fcategories&post=1630"},{"taxonomy":"post_tag","embeddable":true,"href":"https:\/\/www.mszporoszlany.hu\/index.php?rest_route=%2Fwp%2Fv2%2Ftags&post=1630"}],"curies":[{"name":"wp","href":"https:\/\/api.w.org\/{rel}","templated":true}]}}