{"id":1634,"date":"2012-10-31T08:01:47","date_gmt":"2012-10-31T07:01:47","guid":{"rendered":"http:\/\/www.mszporoszlany.hu\/?p=1634"},"modified":"2012-10-31T08:01:47","modified_gmt":"2012-10-31T07:01:47","slug":"a-magyar-fold-nem-elado","status":"publish","type":"post","link":"https:\/\/www.mszporoszlany.hu\/?p=1634","title":{"rendered":"A Magyar f\u00f6ld nem elad\u00f3!"},"content":{"rendered":"<p><img loading=\"lazy\" decoding=\"async\" class=\"alignleft size-full wp-image-1635\" title=\"Magyarfold\" src=\"https:\/\/www.mszporoszlany.hu\/wp-content\/uploads\/2012\/10\/Magyarfold.png\" alt=\"\" width=\"200\" height=\"120\" \/>Iz\u00e9\u2026 Na j\u00f3, csak vicceltem\u2026<\/p>\n<p>Skizofr\u00e9ni\u00e1ban \u00e1llami szinten az a mond\u00e1s j\u00e1rja: A Magyar f\u00f6ld nem elad\u00f3! V\u00e9rrel \u00f6nt\u00f6z\u00f6tt, turul-l\u00e1tta szent anyaf\u00f6ld\u00fcnk, Matolcsi garabon\u00e1lta r\u00f6geink, Simicska h\u0171b\u00e9rbirtoka nem elad\u00f3! A r\u00e9gi\u00f3 modern, K\u00f6zg\u00e9pes\u00edtett \u00e9llovasa Magyarorsz\u00e1g, az atomkori lovas-tenger\u00e9sz dics\u0151 hona nem \u00e1ru! Kereszt\u00e9ny Szent Koron\u00e1nk megv\u00e9dt\u00fck a pog\u00e1ny s\u00e1m\u00e1n t\u00e1nc\u00e1val!<\/p>\n<p><!--more--><\/p>\n<p>Ma m\u00e1r Alapt\u00f6rv\u00e9ny szintj\u00e9n garant\u00e1ljuk, hogy minden Magyar testv\u00e9r szavazhat korm\u00e1nyunkra, m\u00e9g a diaszp\u00f3r\u00e1ban s\u00ednyl\u0151d\u0151k is!<\/p>\n<p>Csak az ad\u00f3ss\u00e1g\u2026 a nyamvad\u00e9k, korhad\u00f3 Nyugat liber\u00e1l-bolsevik-IMF-bankdiktat\u00fara p\u00e9nze, az a baj, azt vissza kell adni, \u00edgy t\u00e1madj\u00e1k \u00e9des Haz\u00e1nk, M\u00e1ria orsz\u00e1g\u00e1t! Az \u00d6nkorm\u00e1nyzatokat,a h\u0171s\u00e9ges \u00d6nkorm\u00e1nyzatokat megseg\u00edtj\u00fck, s \u00edgy t\u00fal\u00e9lik e v\u00e9szterhes id\u0151ket. Ez\u00e9rt P\u00e1rtunk, \u00e9s Korm\u00e1nyunk r\u00e9sz\u00e9r\u0151l sz\u00fcletett egy kiv\u00e1l\u00f3 megold\u00e1si javaslat.<\/p>\n<p>A javaslat l\u00e9nyege egy\u00e9bk\u00e9nt az, hogy aki 250 ezer eur\u00f3\u00e9rt, mintegy 70 milli\u00f3 forint\u00e9rt \u00e1llamk\u00f6tv\u00e9nyt vesz, az megkapja a magyar \u00e1llampolg\u00e1rs\u00e1got. Szarvas polg\u00e1rmestere, aki a parlament sz\u00e1mvev\u0151sz\u00e9ki \u00e9s k\u00f6lts\u00e9gvet\u00e9si bizotts\u00e1g\u00e1nak is a tagja hozz\u00e1tette: Rog\u00e1n Antal \u00far \u00e9s \u00e9n is a magyar-k\u00ednai t\u00e1rsas\u00e1g, az Interparlament\u00e1ris Uni\u00f3 tagjai vagyunk. Sok t\u00e1rgyal\u00e1son vett\u00fcnk r\u00e9szt k\u00ednai vezet\u0151kkel, \u00fczletemberekkel, &#8222;\u0151k k\u00fcldt\u00e9k fel\u00e9nk ezt a k\u00e9r\u00e9st. Arra, miszerint ezzel v\u00e1ltan\u00e1k ki a rem\u00e9lt IMF-hitelt, Bab\u00e1k Mih\u00e1ly \u00fagy reag\u00e1lt: &#8222;ilyen m\u00e9ly \u00f6sszef\u00fcgg\u00e9st k\u00e1r keresni&#8221;, most m\u00e9g nem is kalibr\u00e1lhat\u00f3, h\u00e1ny k\u00ednai \u00fczletember szeretne \u00edgy letelepedni.<\/p>\n<p>Az \u00f6tlet nem rossz, cs\u00f6kken\u0151 n\u00e9pess\u00e9g\u00fcnk ism\u00e9t n\u00f6veked\u00e9snek indul, a rizsfogyaszt\u00e1s fellend\u00fcl, s tal\u00e1n nemsok\u00e1ra nem tizen\u00f6t milli\u00f3, hanem milli\u00e1rdos nagys\u00e1grendben lehet sz\u00e1molni a Magyar szavaz\u00f3kat. Tal\u00e1n a narancs mell\u00e9 bej\u00f6n a mandarin is, de nem baj, mindkett\u0151 citrusf\u00e9le. S ami a f\u0151: mindkett\u0151 s\u00e1rga.<\/p>\n<p>Ezek a leend\u0151 \u00e1llampolg\u00e1rok nyilv\u00e1n csak el\u0151zetes regisztr\u00e1ci\u00f3 ut\u00e1n szavazhatnak, mint minden \u00e1llampolg\u00e1r? Azt hiszem, \u00e1llampolg\u00e1r, \u00e9s \u00e1llampolg\u00e1r k\u00f6z\u00f6tt nem lehet k\u00fcl\u00f6nbs\u00e9g\u2026 De akkor v\u00e1s\u00e1rolhatnak Magyar f\u00f6ldet is, nem? Akkor a Magyar Haza m\u00e9gis elad\u00f3? Rosszabb! Aj\u00e1nd\u00e9kba adj\u00e1k, igaz, nem eur\u00f3painak, azok \u00fagyis csak korhadnak. Ez\u00e9rt eur\u00f3pai ne vegyen f\u00f6ldet n\u00e1lunk, csak k\u00ednai. S hogy mi\u00e9rt aj\u00e1nd\u00e9k? Egyszer\u0171: Mert az \u00c1llamk\u00f6tv\u00e9ny egy, az \u00c1llamnak ny\u00fajtott k\u00f6lcs\u00f6n, amit vissza kell fizetni. \u00c9s mint minden k\u00f6lcs\u00f6nt, ezt is nyeres\u00e9ggel adjuk vissza. M\u00e9gpedig nek\u00fcnk, magyaroknak, szitty\u00e1knak, &#8216;turulbansz\u00fcletett&#8217; narancsosoknak, meg \u00fagy \u00e1ltal\u00e1ban mindenkinek terhe ez. H\u00e1t \u00edgy van ez\u2026<\/p>\n<p>\u00d6rd\u00f6g L\u00e1szl\u00f3,<br \/>\nmagn\u00e9lk\u00fcli mandarint minden mennyis\u00e9gben v\u00e1s\u00e1rolok<br \/>\nad\u00f3mentes p\u00e1link\u00e1nak!<\/p>\n","protected":false},"excerpt":{"rendered":"<p>Iz\u00e9\u2026 Na j\u00f3, csak vicceltem\u2026 Skizofr\u00e9ni\u00e1ban \u00e1llami szinten az a mond\u00e1s j\u00e1rja: A Magyar f\u00f6ld nem elad\u00f3! V\u00e9rrel \u00f6nt\u00f6z\u00f6tt, turul-l\u00e1tta szent anyaf\u00f6ld\u00fcnk, Matolcsi garabon\u00e1lta r\u00f6geink, Simicska h\u0171b\u00e9rbirtoka nem elad\u00f3! A r\u00e9gi\u00f3 modern, K\u00f6zg\u00e9pes\u00edtett \u00e9llovasa Magyarorsz\u00e1g, az atomkori lovas-tenger\u00e9sz dics\u0151 hona nem \u00e1ru! Kereszt\u00e9ny Szent Koron\u00e1nk megv\u00e9dt\u00fck a pog\u00e1ny s\u00e1m\u00e1n t\u00e1nc\u00e1val! <a href=\"https:\/\/www.mszporoszlany.hu\/?p=1634\">Egy kattint\u00e1s ide a folytat\u00e1shoz&#8230;. <span class=\"meta-nav\">&rarr;<\/span><\/a><\/p>\n","protected":false},"author":35,"featured_media":0,"comment_status":"open","ping_status":"closed","sticky":false,"template":"","format":"standard","meta":{"footnotes":""},"categories":[196],"tags":[950,960,959,955,954,948,946,947,958,956,951,945,949,957,953,473,952],"class_list":["post-1634","post","type-post","status-publish","format-standard","hentry","category-magyarorszag","tag-alaptorveny","tag-allam","tag-allamkotveny","tag-babak","tag-interparlamentaris-unio","tag-kereszteny-szent-korona","tag-kozgep","tag-lovas-tengeresz","tag-magyar-haza","tag-magyar-kinai-tarsasag","tag-maria-orszaga","tag-matolcsi","tag-pogany-saman","tag-rizsfogyasztas","tag-rogan","tag-simicska","tag-szarvas-polgarmestere"],"_links":{"self":[{"href":"https:\/\/www.mszporoszlany.hu\/index.php?rest_route=\/wp\/v2\/posts\/1634","targetHints":{"allow":["GET"]}}],"collection":[{"href":"https:\/\/www.mszporoszlany.hu\/index.php?rest_route=\/wp\/v2\/posts"}],"about":[{"href":"https:\/\/www.mszporoszlany.hu\/index.php?rest_route=\/wp\/v2\/types\/post"}],"author":[{"embeddable":true,"href":"https:\/\/www.mszporoszlany.hu\/index.php?rest_route=\/wp\/v2\/users\/35"}],"replies":[{"embeddable":true,"href":"https:\/\/www.mszporoszlany.hu\/index.php?rest_route=%2Fwp%2Fv2%2Fcomments&post=1634"}],"version-history":[{"count":0,"href":"https:\/\/www.mszporoszlany.hu\/index.php?rest_route=\/wp\/v2\/posts\/1634\/revisions"}],"wp:attachment":[{"href":"https:\/\/www.mszporoszlany.hu\/index.php?rest_route=%2Fwp%2Fv2%2Fmedia&parent=1634"}],"wp:term":[{"taxonomy":"category","embeddable":true,"href":"https:\/\/www.mszporoszlany.hu\/index.php?rest_route=%2Fwp%2Fv2%2Fcategories&post=1634"},{"taxonomy":"post_tag","embeddable":true,"href":"https:\/\/www.mszporoszlany.hu\/index.php?rest_route=%2Fwp%2Fv2%2Ftags&post=1634"}],"curies":[{"name":"wp","href":"https:\/\/api.w.org\/{rel}","templated":true}]}}